{"id":8385,"date":"2013-11-28T18:58:30","date_gmt":"2013-11-28T16:58:30","guid":{"rendered":"http:\/\/www.oezratty.net\/wordpress\/?p=8385"},"modified":"2013-12-03T22:34:33","modified_gmt":"2013-12-03T20:34:33","slug":"les-recettes-de-la-french-tech","status":"publish","type":"post","link":"https:\/\/www.oezratty.net\/wordpress\/2013\/les-recettes-de-la-french-tech\/","title":{"rendered":"Les recettes de la French Tech"},"content":{"rendered":"<p>Le 27 novembre 2013 avait lieu \u00e0 Bercy le lancement officiel d\u2019une nouvelle initiative gouvernementale pour dynamiser la place de la France dans la comp\u00e9tition num\u00e9rique : \u201c<strong>La French Tech<\/strong>\u201d, le nouveau nom des Quartiers Num\u00e9riques (<a href=\"http:\/\/www.redressement-productif.gouv.fr\/l-initiative-quartiers-numeriques-devient-la-french-tech\">dossier complet<\/a>).<\/p>\n<p>Ce projet \u00e9tait en gestation depuis plus d\u2019un an. L\u2019id\u00e9e des Quartiers Num\u00e9riques avait \u00e9t\u00e9 lanc\u00e9e par Fleur Pellerin en Conseil des Ministres en octobre 2013. Elle a \u00e9t\u00e9 r\u00e9affirm\u00e9e \u00e0 plusieurs reprises depuis dans diff\u00e9rentes annonces gouvernementales.<\/p>\n<p>Alors, est-ce encore un \u201cmachin\u201d public comme les autres ? Un coup d\u2019\u00e9p\u00e9e dans l\u2019eau ? Nous verrons que pour une fois, l\u2019Etat ne s\u2019y est pas trop mal pris dans la conception d\u2019ensemble et que l\u2019approche est prometteuse. M\u00eame si le contexte entrepreneurial fran\u00e7ais doit \u00eatre am\u00e9lior\u00e9 dans un tas d\u2019autres domaines.<\/p>\n<p>La motivation de la cr\u00e9ation de \u201cLa French Tech\u201d provient de la concurrence internationale et notamment europ\u00e9enne. Elle a abouti \u00e0 une forte remise en question sur les notions d\u2019\u00e9conomie d\u2019\u00e9chelle, de visibilit\u00e9 et de concentration. La France a \u00e9t\u00e9 titill\u00e9e tour \u00e0 tour par la communication tonitruante de Londres avec sa Tech City ainsi que par la Silicon Alley de Berlin. Sans compter les autres \u00e9cosyst\u00e8mes que sont \u00e9videmment la Silicon Valley, Isra\u00ebl (o\u00f9 Fran\u00e7ois Hollande a fait un voyage il y a une semaine) et les pays nordiques.<\/p>\n<p>Quelle est la substance de la \u201cFrench Tech\u201d ? Il s\u2019agit d\u2019un syst\u00e8me de labellisation et d\u2019accompagnement de quartiers num\u00e9riques \u00e0 Paris et en r\u00e9gion. Elle vise une quinzaine de quartiers. La labellisation repose sur de nombreux crit\u00e8res plut\u00f4t bien vus qui sont li\u00e9s au dynamisme de l\u2019\u00e9cosyst\u00e8me local et surtout priv\u00e9, \u00e0 l\u2019implication locale des entrepreneurs et \u00e0 l\u2019ouverture sur le monde.<\/p>\n<p>Le plan s\u2019accompagne d\u2019une logique de moyens avec 200m\u20ac mis sur la table pour cofinancer les structures d\u2019incubation et d\u2019acc\u00e9l\u00e9ration de startups qui sont puis\u00e9s dans la manne du Plan d&#8217;Investissement d&#8217;Avenir 2 annonc\u00e9 par le Premier Ministre en<a href=\"http:\/\/www.gouvernement.fr\/premier-ministre\/investir-pour-la-france-les-details-du-plan-de-jean-marc-ayrault\"> juillet 2013<\/a>. Elle est compl\u00e9t\u00e9e d\u2019une enveloppe de 15m\u20ac pour accompagner le d\u00e9veloppement international des startups.<\/p>\n<p><a href=\"https:\/\/www.oezratty.net\/wordpress\/wp-content\/WindowsLiveWriter\/Les-recettes-de-la-French-Tech_12F4B\/Fleur-Pellerin_4.jpg\"><img loading=\"lazy\" decoding=\"async\" style=\"background-image: none; padding-top: 0px; padding-left: 0px; margin: 10px 0px 10px 10px; display: inline; padding-right: 0px; border-width: 0px;\" title=\"Fleur Pellerin\" alt=\"Fleur Pellerin\" src=\"https:\/\/www.oezratty.net\/wordpress\/wp-content\/WindowsLiveWriter\/Les-recettes-de-la-French-Tech_12F4B\/Fleur-Pellerin_thumb_4.jpg\" width=\"515\" height=\"345\" border=\"0\" \/><\/a><\/p>\n<p>Passons en revue ce qu\u2019il y a de bon et de moins bon dans l\u2019approche\u2026<\/p>\n<p><strong>Le bon <\/strong><\/p>\n<p><span style=\"text-decoration: underline;\">Appel au secteur priv\u00e9<\/span><\/p>\n<p>La plan des quartiers num\u00e9rique indique vouloir faire appel aux initiatives priv\u00e9es d\u2019acc\u00e9l\u00e9rateurs et incubateurs. En fait, il s\u2019agit souvent d\u2019initiatives public-priv\u00e9es, avec des concours financiers des collectivit\u00e9s locales.<\/p>\n<p>200m\u20ac sont allou\u00e9s au cofinancement de ces structures. L\u2019histoire ne dit pas sur combien de temps mais compte-tenu de la m\u00e9thode d\u2019investissement du Commissariat G\u00e9n\u00e9ral \u00e0 l\u2019Investissement et \u00e0 la BPI et la CDC qui sont leur principal op\u00e9rateur, cela devrait \u00eatre \u00e9tal\u00e9 sur environ cinq ans. Cela veut donc dire au nez 40m\u20ac par an sur 15 quartiers. Soit 1 \u00e0 5m\u20ac par quartier et par an. C\u2019est peu dans l\u2019absolu mais c\u2019est pas mal pour dynamiser l\u2019\u00e9cosyst\u00e8me de mani\u00e8re indirecte.<\/p>\n<p>Je pr\u00e9f\u00e8re largement cela \u00e0 l\u2019investissement direct (de la BPI) dans les startups. Cela s\u2019appuie plus sur les initiatives locales. L\u2019effet de levier est bien meilleur. On peut aussi esp\u00e9rer que l\u2019ouverture internationale du projet am\u00e9liorera l\u2019exposition des startups fran\u00e7aises aupr\u00e8s d\u2019investisseurs \u00e9trangers. Et am\u00e9liorera leur capacit\u00e9 \u00e0 lever des fonds. On en est \u00e9videmment loin, mais si le plan est bien ex\u00e9cut\u00e9, cela en sera une cons\u00e9quence indirecte.<\/p>\n<p>A noter que le pilotage de la cr\u00e9ation du cahier es charges de ces quartiers num\u00e9rique avait \u00e9t\u00e9 r\u00e9alis\u00e9 par Philippe Dewost de la Caisse des D\u00e9p\u00f4ts. Il a \u00e9t\u00e9 cit\u00e9 par Fleur Pellerin dans la conf\u00e9rence de lancement. Lui-m\u00eame ayant une grande exp\u00e9rience dans le priv\u00e9 et comme entrepreneur, c\u2019\u00e9tait un bon gage de r\u00e9ussite de l\u2019op\u00e9ration. Petit disclaimer : j\u2019ai fait partie des personnes consult\u00e9es pour fournir des recommandations sur le cahier des charges de ces quartiers num\u00e9riques.<\/p>\n<p><span style=\"text-decoration: underline;\">Focalisation sur l\u2019innovation<\/span><\/p>\n<p>Fleur Pellerin l\u2019a clairement annonc\u00e9 lors de la conf\u00e9rence d\u2019annonce de la French Tech, l\u2019Etat n\u2019entend pas faire de micro-management des secteurs innovants dans ces quartiers num\u00e9riques. En tout cas, pas dans cette initiative. Il ne touche pas non plus \u00e0 tous les m\u00e9canismes de financement publics de l\u2019innovation dans les \u00e9tapes de la R&amp;D. L\u2019op\u00e9ration French Tech couvre les \u00e9tapes avales de la mise sur le march\u00e9.<\/p>\n<p>Il est fait appel \u00e0 la diversit\u00e9 des projets et de structures et initiatives. Il s\u2019agit de valoriser les innovations dans tous les domaines, y compris les innovations de services et pas que technologiques.<\/p>\n<p>Enfin, il s\u2019agit de labelliser des territoires et pas d\u2019un lieu ou d\u2019une organisation ou m\u00eame d\u2019une association ou d\u2019un secteur d\u2019activit\u00e9. C\u2019est une approche compl\u00e9mentaire de celle des p\u00f4les de comp\u00e9titivit\u00e9 qui sont sectoriels. Cela fait certes un \u201cmachin\u201d de plus mais sans autre nouvelle structure que l\u2019\u00e9quipe de labellisation g\u00e9r\u00e9e par le Minist\u00e8re de Fleur Pellerin, qui est pilot\u00e9e par David Monteau.<\/p>\n<p><span style=\"text-decoration: underline;\">Orientation internationale<\/span><\/p>\n<p>Samedi 23 novembre 2013, je participais comme mentor au <strong>Startup Weekend<\/strong> de Paris. Il est co-organis\u00e9 par un\u00a0 fran\u00e7ais et un hollandais anglophone qui habite \u00e0 Paris, Wessel Kooyman. Les pitches \u00e9taient r\u00e9alis\u00e9s en anglais, une excellente initiative. Dans les participants, il y avait quelques rares \u00e9trangers. J\u2019y ai rencontr\u00e9 un slov\u00e8ne qui souhaitait discuter de l\u2019attractivit\u00e9 internationale de la France. Pass\u00e9 par Berlin, il m\u2019indiquait y avoir trouv\u00e9 un terrain culturel plus accueillant pour les \u00e9trangers dans le monde des startups. Les fran\u00e7ais ? Il trouve qu\u2019ils restent trop entre eux. C\u2019est le syndrome du village gaulois, \u00e0 la fois une question de langue et de comportement. Paradoxe : pour promouvoir l\u2019attractivit\u00e9 de la France, il faut accepter de mettre un peu de c\u00f4t\u00e9 l\u2019un de ses attributs : sa langue. Choix corn\u00e9lien !<\/p>\n<p><a href=\"https:\/\/www.oezratty.net\/wordpress\/wp-content\/WindowsLiveWriter\/Les-recettes-de-la-French-Tech_12F4B\/Startup-Weekend-Paris_4.jpg\"><img loading=\"lazy\" decoding=\"async\" style=\"background-image: none; padding-top: 0px; padding-left: 0px; margin: 10px 0px 10px 10px; display: inline; padding-right: 0px; border-width: 0px;\" title=\"Startup Weekend Paris\" alt=\"Startup Weekend Paris\" src=\"https:\/\/www.oezratty.net\/wordpress\/wp-content\/WindowsLiveWriter\/Les-recettes-de-la-French-Tech_12F4B\/Startup-Weekend-Paris_thumb_4.jpg\" width=\"524\" height=\"351\" border=\"0\" \/><\/a><\/p>\n<p>Nous avons un \u201cjoyau\u201d en termes d\u2019ouverture internationale : la conf\u00e9rence <strong>LeWeb<\/strong> qui f\u00eate ses 10 ans cette ann\u00e9e (la premi\u00e8re \u00e9dition baptis\u00e9e Les Blogs date de 2004). Organis\u00e9e d\u00e9but d\u00e9cembre, elle rassemble 3500 participants dont une moiti\u00e9 provenant de l\u2019\u00e9tranger. Il en va de m\u00eame des intervenants, majoritairement \u00e9trangers. Un grand nombre de pointures de la Silicon Valley sont pr\u00e9sents. On a vu Jack Dorsey (Twitter), Eric Schmidt et Marisa Mayer (Google), Chad Hurley (YouTube), les fondateurs de Foursquare, Napster, et plein d\u2019autres.<\/p>\n<p>LeWeb est un excellent pont entre l\u2019Europe et les USA. Cette ann\u00e9e, LeWeb sera consacr\u00e9 aux perspectives d\u2019innovations offertes par les dix prochaines ann\u00e9es. Une bonne mise en bouche. Et comme dans le dernier Startup Weekend, LeWeb est accueillant car on n\u2019y parle qu\u2019anglais dans les conf\u00e9rences. On doit cela \u00e0 un couple d\u2019expatri\u00e9s dans la Silicon Valley, Lo\u00efc et G\u00e9raldine Lemeur. Ils ont certes vendu la franchise de LeWeb \u00e0 Reed Midem, mais ce qui fait la force de cette conf\u00e9rence reste leur capacit\u00e9 \u00e0 y faire venir les \u00e9trangers.<\/p>\n<p>On est en plein dans le sujet de la French Tech ! Fleur Pellerin affiche deux ambitions internationales : attirer les talents internationaux en France, \u00e0 l\u2019image de ce qui se fait dans la Silicon Valley o\u00f9 la moiti\u00e9 des startups sont cr\u00e9\u00e9es par des \u00e9trangers. Et promouvoir la French Tech pour aider nos startups \u00e0 exporter.<\/p>\n<p>15m\u20ac sont allou\u00e9s \u00e0 cette ambition mais l\u2019affectation n\u2019est pas pr\u00e9cis\u00e9e. Il y aura probablement un volet de communication transversal. Mais on peut esp\u00e9rer qu\u2019une partie de ce budget sera affect\u00e9e \u00e0 des aides concr\u00e8tes des startups fran\u00e7aises. Ubifrance est l\u2019op\u00e9rateur d\u2019accompagnement de l\u2019export fran\u00e7ais qui sera probablement instrumental pour la French Tech. D\u2019habitude, cet \u00e9tablissement public vend ses prestations de mise en relation sur le terrain avec les acteurs locaux des pays prospect\u00e9s.<\/p>\n<p>Fleur Pellerin a confirm\u00e9 la fusion \u00e0 venir de Ubifrance et de l\u2019AFII. C\u2019est une bonne initiative, m\u00eame si la seconde est bien plus petite que la premi\u00e8re. En tout cas, le \u201cinbound\u201d (attirer les entreprises \u00e9trang\u00e8res en France) doit fonctionner de pair avec le \u201coutbound\u201d (aider les entreprises fran\u00e7aises \u00e0 exporter). C\u2019est comme cela que font les anglais avec leur tr\u00e8s efficace UKTI (UK Trade &amp; Investment).<\/p>\n<p>Exemple d\u2019action \u00e0 encourager : les villages d\u2019exposants fran\u00e7ais dans les grands salons internationaux. Pour en avoir vu quelques-uns, comme \u00e0 l\u2019IBC d\u2019Amsterdam, la marge de progr\u00e8s est claire en termes de visibilit\u00e9 et de branding. La pr\u00e9sence fran\u00e7aise est souvent bien trop cheap, comparativement aux anglais, aux isra\u00e9liens, aux cor\u00e9ens et m\u00eame aux belges ! Dans d\u2019autres cas, Ubifrance n\u2019avais pas d\u2019action du tout. C\u2019\u00e9tait le cas au <strong>Consumer Electronics Show <\/strong>de Las Vegas, salon tr\u00e8s important, mais dans un domaine o\u00f9 l\u2019industrie fran\u00e7aise n\u2019est pas tr\u00e8s bien positionn\u00e9e. Mais les choses changent : pour la premi\u00e8re fois, UbiFrance organise la pr\u00e9sence de startups fran\u00e7aises au CES en janvier 2014.\u00a0 Une quinzaine d\u2019entre elles exposeront dans le village startups Eureka situ\u00e9 au Venetian. Un \u201cClub CES\u201d a m\u00eame \u00e9t\u00e9 cr\u00e9\u00e9 par la m\u00eame occasion et j\u2019y participe pour transmettre quelques best practices d\u2019exposants fran\u00e7ais que j\u2019ai l\u2019habitude d\u2019observer depuis que je visite ce salon (2006). Le patron du MEDEF devrait visiter le prochain CES et ne manquera pas de visiter ces startups. C\u2019est un bon signal. Est-ce que Fleur Pellerin viendra soutenir les 15 startups pr\u00e9sentes qui compl\u00e8teront les 50 et quelques entreprises fran\u00e7aises pr\u00e9sentes d\u2019une mani\u00e8re ou d\u2019une autre au CES chaque ann\u00e9e ? On verra bien.<\/p>\n<p>Autre exemple d\u2019initiative qui pourrait \u00eatre cofinanc\u00e9 par l\u2019enveloppe des 15m\u20ac : les tours aux USA organis\u00e9s par Cap Digital en d\u00e9cembre chaque ann\u00e9e qui exposent des startups s\u00e9lectionn\u00e9es \u00e0 des clients potentiels am\u00e9ricains. C\u2019est du concret. C\u2019est du business !\u00a0Mais on peut s&#8217;\u00e9tonner de la faiblesse des 15m\u20ac au regard des 200m\u20ac mis sur les incubateurs et acc\u00e9l\u00e9rateurs.<\/p>\n<p>A l\u2019issue des Assises de l\u2019Entrepreneuriat en avril 2013, Fleur Pellerin avait \u00e9voqu\u00e9 la cr\u00e9ation d\u2019un Visa startup pour attirer les talents \u00e9trangers cr\u00e9ateurs de startups. On esp\u00e8re que cela va bien se concr\u00e9tiser pour continuer \u00e0 internationaliser l\u2019\u00e9cosyst\u00e8me des startups fran\u00e7ais. C\u2019est une pi\u00e8ce importante du puzzle qui est en train de se construire.<\/p>\n<p><span style=\"text-decoration: underline;\">Branding<\/span><\/p>\n<p>J\u2019ai vu passer pendant le processus de pr\u00e9paration de ce lancement tout un tas de propositions pour le nom de ces quartiers num\u00e9riques. Il y a eu \u00e0 la fois une consultation publique et un appel \u00e0 des agences de communication. Le choix s\u2019est donc port\u00e9 sur \u201cFrench Tech\u201d, une appellation assez g\u00e9n\u00e9rique et \u00e0 g\u00e9om\u00e9trie variable. Elle fait \u00e9cho \u00e0 la \u201cFrench Touch\u201d. Elle rappelle aussi le slogan \u201cLove and Business\u201d de UKTI que j\u2019avais pu voir au CES il y a quelques ann\u00e9es.<\/p>\n<p>Ubifrance va b\u00e9n\u00e9ficier indirectement de ce branding. Ils organisent en effet depuis plusieurs ann\u00e9es des voyages de prospection de startups aux USA d\u00e9nomm\u00e9s \u201cFrench Tech Tour\u201d. Ils pourront continuer \u00e0 utiliser cette marque sans que cela pose de probl\u00e8me de sens. Ce sera bien des voyages de valorisation des startups des quartiers num\u00e9riques de la French Tech.<\/p>\n<p>Jamal Labed de l\u2019AFDEL se plaignait qu\u2019il n\u2019y ait pas \u201cnum\u00e9rique\u201d, voire de logiciel dans le branding. La tendance est forte pour tout un tas de secteurs (logiciels, jeux vid\u00e9o, robotique, cloud, \u2026) de demander une reconnaissance et des aides sp\u00e9cifiques.<\/p>\n<p>Conserver un branding g\u00e9n\u00e9rique pour ces quartiers num\u00e9riques est en fait une bonne chose. Les particularismes de chaque secteur devraient faire l\u2019objet de l\u2019attention de l\u2019Etat mais surtout pour ce qui est de l\u2019\u00e9volution des r\u00e8glementations qui bloquent l\u2019innovation ou de son r\u00f4le en tant que client. La multiplication des aides sectorielles et des appels \u00e0 projets me semble g\u00e9n\u00e9rer une perte en ligne et attirer un peu trop les \u201cbozos\u201d du secteur.<\/p>\n<p><a href=\"https:\/\/www.oezratty.net\/wordpress\/wp-content\/WindowsLiveWriter\/Les-recettes-de-la-French-Tech_12F4B\/Fleur-Pellerin-Jean-Louis-Missika-and-co.jpg\"><img loading=\"lazy\" decoding=\"async\" style=\"background-image: none; padding-top: 0px; padding-left: 0px; display: inline; padding-right: 0px; border: 0px;\" title=\"Fleur Pellerin Jean-Louis Missika and co\" alt=\"Fleur Pellerin Jean-Louis Missika and co\" src=\"https:\/\/www.oezratty.net\/wordpress\/wp-content\/WindowsLiveWriter\/Les-recettes-de-la-French-Tech_12F4B\/Fleur-Pellerin-Jean-Louis-Missika-and-co_thumb.jpg\" width=\"445\" height=\"298\" border=\"0\" \/><\/a><\/p>\n<p>Le cahier des charges des quartiers num\u00e9rique demande entre autre l\u2019existence ou la cr\u00e9ation d\u2019un lieu embl\u00e9matique. A Paris, cela ne manque pas. Cela commence avec NUMA, le centre d\u2019innovation multicartes (co-working, acc\u00e9l\u00e9rateur, fablab, \u2026)\u00a0 de Silicon Sentier qui vient d\u2019ouvrir \u00e0 Paris (ci-dessus, le jour de l\u2019inauguration, Fleur Pellerin, Jean-Louis Missika de la Ville de Paris, Marie-Vorgan Le Barzic et Adrien Schmidt de Silicon Sentier et Marie-Claire Capobianco de la BNP, ci-dessous l\u2019\u00e9tage de coworking du b\u00e2timent).<\/p>\n<p><a href=\"https:\/\/www.oezratty.net\/wordpress\/wp-content\/WindowsLiveWriter\/Les-recettes-de-la-French-Tech_12F4B\/NUMA-Espace-de-coworking-2.jpg\"><img loading=\"lazy\" decoding=\"async\" style=\"background-image: none; padding-top: 0px; padding-left: 0px; margin: 10px 0px 10px 10px; display: inline; padding-right: 0px; border-width: 0px;\" title=\"NUMA Espace de coworking (2)\" alt=\"NUMA Espace de coworking (2)\" src=\"https:\/\/www.oezratty.net\/wordpress\/wp-content\/WindowsLiveWriter\/Les-recettes-de-la-French-Tech_12F4B\/NUMA-Espace-de-coworking-2_thumb.jpg\" width=\"439\" height=\"294\" border=\"0\" \/><\/a><\/p>\n<p>Et nous aurons le plus grand incubateur du monde de Xavier Niel \u00e0 la Halle Freyssinet. On l\u2019appellera sans doute un jour Incubateur Xavier Niel, mais bon, il est encore vivant ! Ce sera certainement un fer de lance en termes de communication, tout du moins, lorsqu\u2019il sera ouvert en 2016\/17.<\/p>\n<p><span style=\"text-decoration: underline;\">R\u00e9gions<\/span><\/p>\n<p>Comme pour la cr\u00e9ation des p\u00f4les de comp\u00e9titivit\u00e9 en 2004, nous n\u2019\u00e9chappons pas au r\u00f4le des r\u00e9gions dans ce genre d\u2019initiative. Nous n\u2019aboutirons heureusement pas \u00e0 72 quartiers num\u00e9riques en r\u00e9gion. L\u2019id\u00e9e est d\u2019en avoir environ une quinzaine. Mais cela va se bousculer au portillon. J\u2019ai crois\u00e9 mes amis de Nantes au lancement \u00e0 Bercy. Ils souhaitent \u00eatre de la partie, comme ceux de Rennes, Toulouse, Montpellier, Nancy, Lyon, Grenoble, Lille, Nice \/ Sophia Antipolis, Marseille \/ Aix en Provence, le grand Nancy, etc. Nantes avait un peu pr\u00e9empt\u00e9 ce positionnement en \u00e9tant pr\u00e9sent avec une grande caravane lors du lancement de NUMA \u00e0 Paris (<em>ci-dessous<\/em>). Nantes est l\u2019une des m\u00e9tropoles r\u00e9gionales qui met le plus les bouch\u00e9es doubles. Notamment avec le <strong>Web2Day <\/strong>(cf le CR de <a href=\"https:\/\/www.oezratty.net\/wordpress\/2012\/coeur-numerique-bat-aussi-region\/\">l\u2019\u00e9dition 2012<\/a>), probablement la plus grande conf\u00e9rence Internet et startup non parisienne en France. Elle aussi attire quelques intervenants \u00e9trangers. Les autres ne sont \u00e9videmment pas en reste et aspirent toute \u00e0 obtenir ce label de la French Tech.<\/p>\n<p><a href=\"https:\/\/www.oezratty.net\/wordpress\/wp-content\/WindowsLiveWriter\/Les-recettes-de-la-French-Tech_12F4B\/Nantes-et-son-camion-qui-soutient-NUMA.jpg\"><img loading=\"lazy\" decoding=\"async\" style=\"background-image: none; padding-top: 0px; padding-left: 0px; margin: 10px 0px 10px 10px; display: inline; padding-right: 0px; border-width: 0px;\" title=\"Nantes et son camion qui soutient NUMA\" alt=\"Nantes et son camion qui soutient NUMA\" src=\"https:\/\/www.oezratty.net\/wordpress\/wp-content\/WindowsLiveWriter\/Les-recettes-de-la-French-Tech_12F4B\/Nantes-et-son-camion-qui-soutient-NUMA_thumb.jpg\" width=\"446\" height=\"299\" border=\"0\" \/><\/a><\/p>\n<p>Le cahier des charges de la French Tech est assez exigeant, ce qui permettra d\u2019\u00e9viter une trop grande dispersion des efforts. Les crit\u00e8res de s\u00e9lection comprennent entre autre (sans que les seuils soient indiqu\u00e9s) : le chiffre d\u2019affaire et la croissance des startups locales, leurs lev\u00e9es de fonds, l\u2019environnement d\u2019enseignement sup\u00e9rieur et de recherche, le leadership et l\u2019engagement local des entrepreneurs, la concentration g\u00e9ographique des acteurs avec une notion de masse critique et l\u2019existence d\u2019infrastructures de transports r\u00e9els et virtuels (THD).<\/p>\n<p><strong>L\u2019am\u00e9liorable<\/strong><\/p>\n<p>L\u2019annonce de la French Tech va-t-elle r\u00e9soudre tous les probl\u00e8mes de l\u2019\u00e9cosyst\u00e8me ? Bien \u00e9videmment non. Ce n\u2019est une pierre dans l\u2019\u00e9difice. Et cet \u00e9difice d\u00e9pend de tout un tas de param\u00e8tres difficiles \u00e0 bouger : la culture du pays, celle des grands donneurs d\u2019ordre, la r\u00e9glementation et la complexit\u00e9 en g\u00e9n\u00e9ral.<\/p>\n<p><span style=\"text-decoration: underline;\">Mobiliser les \u00e9cosyst\u00e8mes<\/span><\/p>\n<p>Le plan pr\u00e9sent\u00e9 \u00e9voque cette notion de \u201cmobilisation des \u00e9cosyst\u00e8mes\u201d. Cela fait un peu blabla. En effet, le processus de labellisation va mobiliser pas mal de comit\u00e9s Th\u00e9odule et de gens dans des r\u00e9unions.\u00a0 La mise en r\u00e9seau des acteurs ressemble mot pour mot aux missions historiques des p\u00f4les de comp\u00e9titivit\u00e9 \u00e0 ceci pr\u00e8s que l\u2019on ne parle ici que de num\u00e9rique. M\u00eame si le num\u00e9rique est d\u00e9clinable \u00e0 l\u2019envie dans tous les march\u00e9s verticaux.<\/p>\n<p><span style=\"text-decoration: underline;\">Grand emprunt<\/span><\/p>\n<p>Comme de nombreuses annonces ant\u00e9rieures depuis 2010, l\u2019annonce de la French Tech donne lieu \u00e0 l\u2019\u00e9ternel jeu de bonneteaux du grand emprunt. Lanc\u00e9 en 2009 sous Nicolas Sarkozy et avec un poids du num\u00e9rique impuls\u00e9 par Nathalie Kosciuko-Morizet, alors secr\u00e9taire d\u2019Etat en charge de l\u2019\u00e9conomie num\u00e9rique, le grand emprunt est la source de financement de presque toutes les initiatives de l\u2019actuel gouvernement concernant l\u2019innovation, num\u00e9rique et hors-num\u00e9rique. On annonce op\u00e9ration sur op\u00e9ration mais est-ce que le compte y est ? Il n\u2019a jamais \u00e9t\u00e9 publi\u00e9.<\/p>\n<p>J\u2019avais en 2009 et 2010 pist\u00e9 les cr\u00e9dits et leur affectation (voir notamment <a href=\"https:\/\/www.oezratty.net\/wordpress\/2010\/tentative-decryptage-grand-emprunt\/\">Tentative de d\u00e9cryptage du grand emprunt<\/a> et <a href=\"https:\/\/www.oezratty.net\/wordpress\/2010\/comment-tirer-parti-du-grand-emprunt\/\">Comment tirer parti du grand emprunt<\/a>).<\/p>\n<p>Lors de la parution de cet article, j&#8217;avais initialement inf\u00e9r\u00e9 que les\u00a0200m\u20ac provenaient du grand emprunt sous forme de r\u00e9allocations d\u2019enveloppes existantes prises dans ce qui reste des 4,5Md\u20ac allou\u00e9s initialement au num\u00e9rique. Conform\u00e9ment au commentaire de Philippe Dewost, il s&#8217;agissait en fait d&#8217;une enveloppe prise dans la version 2 de ce grand emprunt (Plan d&#8217;Investissement d&#8217;Avenir), dont l&#8217;annonce d\u00e9but juillet 2013 \u00e9tait pass\u00e9e quasiment inaper\u00e7ue. Ils sont extraient du PIA 2 dont le montant est de 12 milliards d&#8217;Euros mais dont il me reste \u00e0 pr\u00e9ciser la source (emprunts sur le march\u00e9, mais quel impact sur la dette de l&#8217;Etat ?).<\/p>\n<p>On a en tout cas besoin d\u2019un peu plus de lisibilit\u00e9 \u00e0 la fois sur le PIA 1 et sur le PIA2\u2026 car l\u00e0, cela commence \u00e0 devenir vraiment opaque. Une relation me demandait hier si des succ\u00e8s avaient \u00e9t\u00e9 financ\u00e9s par le grand emprunt (PIA1). En R&amp;D, il est encore trop t\u00f4t pour parler de succ\u00e8s. On peut toutefois souligner que le FSI et la BPI ont financ\u00e9 une belle startup comme Withings. Mais il est vrai qu\u2019en termes de communication, tout est \u00e0 am\u00e9liorer. Il serait bon que le CGI publie un inventaire des projets financ\u00e9s jusqu\u2019\u00e0 pr\u00e9sent, qu&#8217;il s&#8217;agisse d&#8217;aides dans le cadre d&#8217;appels \u00e0 projets ou d&#8217;investissements directs dans les startups ou les fonds d&#8217;investissement.<\/p>\n<p><span style=\"text-decoration: underline;\">Exclusion num\u00e9rique<\/span><\/p>\n<p>La lutte contre l\u2019exclusion num\u00e9rique est int\u00e9gr\u00e9e dans les crit\u00e8res de s\u00e9lection des m\u00e9tropoles. C\u2019est bien. C\u2019est social. C\u2019est aussi un marqueur de gauche. Mais cela n\u2019a rien \u00e0 faire l\u00e0-dedans. C\u2019est un autre sujet. La fracture num\u00e9rique est \u00e0 l\u2019autre extr\u00e9mit\u00e9 du spectre des actions publiques en faveur du num\u00e9rique. Ce m\u00e9lange des genres brouille les cartes.<\/p>\n<p>A l\u2019extr\u00eame limite, cela aurait du sens pour des initiatives de formation du style de l&#8217;\u00e9cole <strong>42<\/strong> de Xavier Niel qui proposent l\u2019apprentissage du d\u00e9veloppement logiciel \u00e0 des jeunes qui sont exclus des syst\u00e8mes scolaires traditionnels.<\/p>\n<p><span style=\"text-decoration: underline;\">Formation<\/span><\/p>\n<p>L\u2019existence d\u2019\u00e9tablissements de formation sup\u00e9rieure est dans le cahier des charges des quartiers num\u00e9rique de la French Tech. C\u2019est un crit\u00e8re mais sans effort additionnel de particulier.<\/p>\n<p>En plus des comp\u00e9tences g\u00e9n\u00e9ralistes d&#8217;entrepreneurs qui sont souvent transmises par les entrepreneurs eux-m\u00eames, il y aurait fort \u00e0 faire dans une comp\u00e9tence qui manque cruellement \u00e0 nos startups : la notion de product management qui permet de cr\u00e9er des entreprises \u201cscalables\u201d. Elle est encore loin du radar de la puissance public.<\/p>\n<p><span style=\"text-decoration: underline;\">R\u00e8gles communautaires<\/span><\/p>\n<p>Il faut esp\u00e9rer que les 200m\u20ac d\u2019aides \u00e0 l\u2019acc\u00e9l\u00e9ration et \u00e0 l\u2019incubation ne poseront pas de probl\u00e8mes au niveau de Bruxelles. On peut supposer que c\u2019est le cas puisque c\u2019est le genre de choses que l\u2019on v\u00e9rifie normalement syst\u00e9matiquement \u00e0 Bercy. M\u00eame si parfois, on prend le risque de se faire taper sur les doigts comme ce fut le cas sur la taxe sur les op\u00e9rateurs t\u00e9l\u00e9coms finan\u00e7ant l\u2019arr\u00eat de la publicit\u00e9 en prime time sur France T\u00e9l\u00e9visions (mais finalement valid\u00e9e).<\/p>\n<p><span style=\"text-decoration: underline;\">Complexit\u00e9 fran\u00e7aise<\/span><\/p>\n<p>Comment rendre la France plus \u201cbusiness friendly\u201d ? Chacun sait qu\u2019il y a encore fort \u00e0 faire. Le plan French Tech ne s\u2019attaque pas \u00e0 la face nord du probl\u00e8me car c\u2019est bien trop compliqu\u00e9. Comment simplifier r\u00e9ellement la vie des entrepreneurs ? Comment r\u00e9duire la complexit\u00e9 administrative et r\u00e9glementaire qui g\u00e9n\u00e8re un manque de comp\u00e9titivit\u00e9 flagrant ? Et notamment ce que l\u2019on pourrait appeler la comp\u00e9titivit\u00e9-temps. C\u2019est-\u00e0-dire, celle qui diff\u00e9rencie la vitesse de conduite des affaires dans un pays : le lancement, le financement, l\u2019acquisition de clients, les d\u00e9lais de paiement, de gestion des formalit\u00e9s et la souplesse du march\u00e9 du travail. Cela me d\u00e9sesp\u00e8re de tomber \u00e0 r\u00e9p\u00e9tition sur des entrepreneurs d\u00e9sesp\u00e9r\u00e9s par toutes ces difficult\u00e9s !<\/p>\n<p>Fleur Pellerin est dans une situation d\u00e9licate : elle doit incarner l\u2019innovation et l\u2019entrepreneuriat dans le gouvernement d\u2019un pays, de gauche comme de droite, qui est impr\u00e9gn\u00e9 d\u2019une culture bien particuli\u00e8re.<\/p>\n<p>Une culture schizophr\u00e8ne qui demande tout et son contraire.<\/p>\n<p>Qui n\u2019aime pas l\u2019argent et la richesse des autres mais la jalouse.<\/p>\n<p>Qui attend beaucoup trop de la puissance publique tout en la critiquant sans cesse.<\/p>\n<p>Qui confond souvent int\u00e9r\u00eat g\u00e9n\u00e9ral et int\u00e9r\u00eats particuliers.<\/p>\n<p>Qui aime se prot\u00e9ger par une montagne de lois, r\u00e8glements et autres principes de pr\u00e9cautions mais les conteste quand \u00e7a g\u00eane.<\/p>\n<p>Qui refuse la mondialisation mais dont l\u2019\u00e9conomie d\u00e9pend encore des exportations et d\u2019importations et avec une balance commerciale actuellement d\u00e9ficitaire.<\/p>\n<p>Qui hurle contre la pression fiscale mais n\u2019est \u00e9videmment pas pr\u00e8s de l\u00e2cher du lest sur tous les m\u00e9canismes de redistribution en place.<\/p>\n<p>C&#8217;est aussi un pr\u00e9sident qui parle de pause fiscale et de choc de simplification et dont le premier ministre annonce peu apr\u00e8s une r\u00e9forme fiscale qui ne manquera\/ait pas de d\u00e9stabiliser les processus dans les entreprises.<\/p>\n<p>Un Etat qui met en avant les b\u00e9n\u00e9fices du Cr\u00e9dit Imp\u00f4t Recherche mais qui multiplie les contr\u00f4les fiscaux tatillons qui bloquent dans leur \u00e9lan tout un tas de soci\u00e9t\u00e9s innovantes.<\/p>\n<p>Gu\u00e9rir le pays de ces maux revient \u00e0 \u201cfaire bouillir l\u2019oc\u00e9an\u201d. Reste l&#8217;approche pragmatique des petits pas, tr\u00e8s Hollandienne. On est ici dans ce cas-l\u00e0. L&#8217;enjeu est de taille : changer la vie des entrepreneurs et faire de la France un pays \u00e0 la fois &#8220;digital friendly&#8221; et &#8220;business friendly&#8221;. A la fois dans la r\u00e9alit\u00e9 et dans la perception par les autres pays.<\/p>\n","protected":false},"excerpt":{"rendered":"<p>Le 27 novembre 2013 avait lieu \u00e0 Bercy le lancement officiel d\u2019une nouvelle initiative gouvernementale pour dynamiser la place de la France dans la comp\u00e9tition num\u00e9rique : \u201cLa French Tech\u201d, le nouveau nom des Quartiers Num\u00e9riques (dossier complet). Ce projet \u00e9tait en gestation depuis plus d\u2019un an. L\u2019id\u00e9e des Quartiers Num\u00e9riques avait \u00e9t\u00e9 lanc\u00e9e par [&hellip;]<\/p>\n","protected":false},"author":1,"featured_media":0,"comment_status":"open","ping_status":"open","sticky":false,"template":"","format":"standard","meta":{"footnotes":""},"categories":[21,11,773,37,10,36],"tags":[1391,2074,1457,2075,1854,130],"class_list":["post-8385","post","type-post","status-publish","format-standard","hentry","category-entrepreneuriat","category-france","category-leweb-actualites","category-siliconvalley","category-startups","category-usa","tag-fleur-pellerin","tag-french-tech","tag-jean-louis-missika","tag-numa","tag-quartiers-numeriques","tag-xavier-niel"],"views":46101,"_links":{"self":[{"href":"https:\/\/www.oezratty.net\/wordpress\/wp-json\/wp\/v2\/posts\/8385","targetHints":{"allow":["GET"]}}],"collection":[{"href":"https:\/\/www.oezratty.net\/wordpress\/wp-json\/wp\/v2\/posts"}],"about":[{"href":"https:\/\/www.oezratty.net\/wordpress\/wp-json\/wp\/v2\/types\/post"}],"author":[{"embeddable":true,"href":"https:\/\/www.oezratty.net\/wordpress\/wp-json\/wp\/v2\/users\/1"}],"replies":[{"embeddable":true,"href":"https:\/\/www.oezratty.net\/wordpress\/wp-json\/wp\/v2\/comments?post=8385"}],"version-history":[{"count":0,"href":"https:\/\/www.oezratty.net\/wordpress\/wp-json\/wp\/v2\/posts\/8385\/revisions"}],"wp:attachment":[{"href":"https:\/\/www.oezratty.net\/wordpress\/wp-json\/wp\/v2\/media?parent=8385"}],"wp:term":[{"taxonomy":"category","embeddable":true,"href":"https:\/\/www.oezratty.net\/wordpress\/wp-json\/wp\/v2\/categories?post=8385"},{"taxonomy":"post_tag","embeddable":true,"href":"https:\/\/www.oezratty.net\/wordpress\/wp-json\/wp\/v2\/tags?post=8385"}],"curies":[{"name":"wp","href":"https:\/\/api.w.org\/{rel}","templated":true}]}}