{"id":6567,"date":"2012-02-18T20:32:31","date_gmt":"2012-02-18T18:32:31","guid":{"rendered":"http:\/\/www.oezratty.net\/wordpress\/2012\/clivages-presidentielle-2012-numerique-12\/"},"modified":"2014-11-12T12:17:18","modified_gmt":"2014-11-12T10:17:18","slug":"clivages-presidentielle-2012-numerique-12","status":"publish","type":"post","link":"https:\/\/www.oezratty.net\/wordpress\/2012\/clivages-presidentielle-2012-numerique-12\/","title":{"rendered":"Les clivages de la pr\u00e9sidentielle sur le num\u00e9rique 1"},"content":{"rendered":"<p>Comme pour chaque \u00e9lection pr\u00e9sidentielle, les candidats sont sollicit\u00e9s par nombre de lobbies professionnels et d\u2019industries pour que leurs pr\u00e9occupations et propositions soient int\u00e9gr\u00e9es dans leurs plans. Le num\u00e9rique en fait partie. Il est progressivement devenu un enjeu des pr\u00e9sidentielles, depuis au moins 2002. Au gr\u00e9 du d\u00e9veloppement des usages dans le grand public et de la compr\u00e9hension du poids du num\u00e9rique dans l\u2019\u00e9conomie et sa comp\u00e9titivit\u00e9. Deux sujets ont \u00e9t\u00e9 traditionnellement sur le devant de la sc\u00e8ne : la couverture haut d\u00e9bit et tr\u00e8s haut d\u00e9bit du territoire et la r\u00e9mun\u00e9ration des auteurs, ce dernier ayant abouti \u00e0 la cr\u00e9ation de la HADOPI. Mais il y en a d\u2019autres !<\/p>\n<p><a href=\"https:\/\/www.oezratty.net\/wordpress\/wp-content\/WindowsLiveWriter\/adf172fa3703_F560\/Candidats-presidentielle-2012.jpg\"><img loading=\"lazy\" decoding=\"async\" style=\"background-image: none; margin: 10px 0px 10px 10px; padding-left: 0px; padding-right: 0px; display: inline; padding-top: 0px; border-width: 0px;\" title=\"Candidats presidentielle 2012\" src=\"https:\/\/www.oezratty.net\/wordpress\/wp-content\/WindowsLiveWriter\/adf172fa3703_F560\/Candidats-presidentielle-2012_thumb.jpg\" alt=\"Candidats presidentielle 2012\" width=\"518\" height=\"106\" border=\"0\" \/><\/a><\/p>\n<p>Alors, le num\u00e9rique est-il un sujet majeur de la campagne ? Non, si l\u2019on en croit <a href=\"http:\/\/www.lexpress.fr\/actualite\/politique\/le-numerique-n-est-pas-un-sujet-majeur-pour-les-candidats_1078265.html\">l\u2019Express<\/a>, du fait de la complexit\u00e9 du sujet qui verse facilement dans le d\u00e9bat d\u2019experts. Mais on peut en dire autant d\u2019un tas de m\u00e9tiers et industries qui se sentent pas assez bien trait\u00e9s dans les programmes des candidats qui privil\u00e9gient des sujets tr\u00e8s g\u00e9n\u00e9riques comme l\u2019emploi, la justice, la r\u00e9duction des d\u00e9ficits ou l\u2019immigration. L\u2019\u00e9pineux sujet de la r\u00e9industrialisation de la France fait cependant \u00e9merger l\u2019\u00e9conomie de l\u2019immat\u00e9riel et le num\u00e9rique dans les discussions. Le num\u00e9rique est tout de m\u00eame plus en vogue dans la campagne qu\u2019en 2007. Il y a un Ministre qui en est en charge (Eric Besson) et deux plans successifs (France Num\u00e9rique 2012 et France Num\u00e9rique 2020) qui permettent de jauger de l\u2019action gouvernementale. Malgr\u00e9 tout, vous n&#8217;entendrez probablement pas beaucoup parler de num\u00e9rique dans les grands d\u00e9bats \u00e0 la t\u00e9l\u00e9vision avec les candidats ou leurs repr\u00e9sentants.<\/p>\n<p>Le num\u00e9rique est cependant un outil incontournable de la campagne au vu de la pr\u00e9sence des candidats dans les r\u00e9seaux sociaux. La plupart des candidats ont leur compte Twitter, aliment\u00e9 essentiellement par leurs \u00e9quipes de campagne. La timeline Facebook de Nicolas Sarkozy est m\u00eame devenue un <a href=\"http:\/\/owni.fr\/2012\/02\/15\/nicolas-sarkozy-candidat-facebook-timeline-presidentielle\/\">sujet de pol\u00e9mique<\/a> avec l\u2019\u00e9quipe de Fran\u00e7ois Hollande. Ce n\u2019est pas anodin !<\/p>\n<p>Les propositions des f\u00e9d\u00e9rations professionnelles que nous allons analyser pr\u00eachent \u00e9videmment pour leur paroisse et leur m\u00e9tier. Elles font appel \u00e0 la puissance publique pour \u00eatre reconnues, pour b\u00e9n\u00e9ficier de financements, de grands projets, d\u2019avantages fiscaux nouveaux <em>et<\/em> d\u2019une stabilit\u00e9 dans la dur\u00e9e \u00e0 cet \u00e9gard. Certaines se focalisent sur les besoins en formation.<\/p>\n<p>L\u2019objet de cet article en plusieurs parties est de faire le point sur ces propositions et de les mettre en regard de celles des principaux candidats. Dans ce tour d\u2019horizon, je vais me focaliser sur les propositions li\u00e9es \u00e0 l\u2019univers entrepreneurial.<\/p>\n<p><strong>Les organisations professionnelles du num\u00e9rique<\/strong><\/p>\n<p>Avant de rentrer dans le vif du sujet, essayons de de nous y retrouver dans le foisonnement des dizaines d\u2019organisations qui repr\u00e9sentent les diff\u00e9rents m\u00e9tiers du num\u00e9rique. Ce petit exercice nous sera utile \u00e0 d\u2019autres occasions !<\/p>\n<p>On peut distinguer plusieurs types de structures repr\u00e9sentatives :<\/p>\n<ul>\n<li>Des <strong>syndicats professionnels patronaux <\/strong>qui rassemblent les dirigeants des entreprises de secteurs sp\u00e9cialis\u00e9s. C\u2019est le cas du Syntec Num\u00e9rique qui rassemble les SSII et les \u00e9diteurs de logiciels ou du moins connu Sitelesc qui rassemble les fabricants de composants \u00e9lectroniques.<\/li>\n<li>Des <strong>groupements et f\u00e9d\u00e9rations professionnels <\/strong>qui sont des conglom\u00e9rats de syndicats professionnels repr\u00e9sentant des branches d\u2019industries. Il y a par exemple le Syntec qui comprend en plus des SSII et \u00e9diteurs, les soci\u00e9t\u00e9s de conseil, de recrutement, de formation et d\u2019organisation de salons. La FIEEC rassemble les industries \u00e9lectriques, \u00e9lectroniques et du num\u00e9rique, y compris l\u2019AFDEL, qui est une autre association d\u2019\u00e9diteurs de logiciels. Elle fait elle-m\u00eame partie du Groupe des F\u00e9d\u00e9rations Industrielles qui rassemble diverses f\u00e9d\u00e9rations industrielles comme celles de l\u2019automobile, de l\u2019a\u00e9rospatial (le puissant GIFAS), du b\u00e2timent ainsi que la fameuse UIMM (m\u00e9tallurgie). Les syndicats et f\u00e9d\u00e9rations professionnels patronaux n\u00e9gocient les conventions collectives avec l\u2019Etat et les syndicats de salari\u00e9s. On peut citer la convention de la m\u00e9tallurgie (UIMM) et celle des services (Syntec) qui sont les plus connues dans les industries du num\u00e9rique. Ils interviennent aussi dans le paritarisme de la gestion des organismes sociaux.<\/li>\n<li>Le <strong>MEDEF <\/strong>et la <strong>CGPME <\/strong>sont les \u201ct\u00eates de r\u00e9seau\u201d de ces syndicats et f\u00e9d\u00e9rations professionnels dans les industries qui nous concernent. Le MEDEF repr\u00e9sente la patronat toutes entreprises confondues, mais avec un poids historique fort sur les grandes entreprises tandis que la CGPME repr\u00e9sente les PME comme son nom l\u2019indique et f\u00e9d\u00e8re tout un tas de syndicats professionnels. Certaines f\u00e9d\u00e9rations professionnelles comme la FIEEC ou des syndicats comme l\u2019AFIC (investisseurs en capital) sont \u00e0 la fois membres du MEDEF et de la CGPME.<\/li>\n<li>Des <strong>associations <\/strong>diverses qui jouent un r\u00f4le de d\u00e9fense de leur secteur d\u2019activit\u00e9 (ACSEL, IE Club, SNJV pour le jeu vid\u00e9o), du logiciel libre (AFUL, APRIL) ou de promotion de nouveaux usages (FING, Renaissance Num\u00e9rique) par diverses actions de lobbying. Elles ne sont g\u00e9n\u00e9ralement pas affili\u00e9es aux f\u00e9d\u00e9rations professionnelles cit\u00e9es ci-dessus. Il faut aussi y int\u00e9grer les associations de collectivit\u00e9s locales qui se d\u00e9m\u00e8nent sur le haut d\u00e9bit et le tr\u00e8s haut d\u00e9bit comme l&#8217;<a href=\"http:\/\/www.avicca.org\/\">AVICCA<\/a>.<\/li>\n<li>Les <strong>syndicats de salari\u00e9s<\/strong>, sachant que je n\u2019ai identifi\u00e9 que le MUNCI qui soit sp\u00e9cifique aux m\u00e9tiers du num\u00e9rique, au del\u00e0 des syndicats de salari\u00e9s et intermittents dans les m\u00e9tiers des m\u00e9dias. Il y a sinon bien entendu les syndicats nationaux comme la CGT, FO et la CFDT qui sont pr\u00e9sents dans les entreprises du num\u00e9rique, et surtout les plus grosses d\u2019entre elles, le niveau de syndicalisation \u00e9tant assez faible dans les PME du num\u00e9rique.<\/li>\n<\/ul>\n<p>Ce syst\u00e8me de repr\u00e9sentation est loin d\u2019\u00eatre unifi\u00e9. Il pr\u00e9sente notamment quelques redondances. Les entreprises sont souvent membres de plusieurs syndicats professionnels, surtout si elles sont \u00e0 cheval sur plusieurs m\u00e9tiers (mat\u00e9riel, logiciels, services, t\u00e9l\u00e9coms). Nous avons ainsi dans l\u2019univers des t\u00e9l\u00e9coms : l\u2019AFORS (op\u00e9rateurs t\u00e9l\u00e9coms avec SFR, Bouygues T\u00e9l\u00e9com, mais ni Orange ni Free), l\u2019AFA (fournisseurs d\u2019acc\u00e8s \u00e0 Internet, avec Orange, SFR, Bouygues T\u00e9l\u00e9com, Numericable et aussi Google France) et la FFTelecom (avec encore SFR, Bouygues T\u00e9l\u00e9com, Orange, et divers MVNOs). Dans l\u2019\u00e9dition du logiciel, nous avons le coll\u00e8ge \u00e9diteurs de logiciels de Syntec Num\u00e9rique et l\u2019AFDEL, affili\u00e9e \u00e0 la FIEEC. Les deux associations partagent quelques dizaines de membres communs sur plusieurs centaines. C\u2019est pour cela que le Syntec Num\u00e9rique a lanc\u00e9 un appel fin janvier 2012 aux associations professionnelles du num\u00e9rique pour am\u00e9liorer leur concertation dans le cadre de cette pr\u00e9sidentielle. 12 ont r\u00e9pondu positivement, dont l\u2019AFDEL et le SNJV.<\/p>\n<p>Le sch\u00e9ma ci-dessous explique la structure en poup\u00e9es gigognes des syndicats, f\u00e9d\u00e9rations et groupements professionnels nationaux. Il ne pr\u00e9tend pas \u00eatre exhaustif\u2026 et je le compl\u00e8terai ou corrigerai au gr\u00e9 des feedbacks (le sch\u00e9ma est <a href=\"https:\/\/www.oezratty.net\/wordpress\/wp-content\/themes\/Ezratty2\/forcedownload.php?file=\/Files\/Publications\/Syndicats%20et%20Associations%20du%20Numerique.pdf\">t\u00e9l\u00e9chargeable en PDF<\/a> pour faciliter sa lisibilit\u00e9).<\/p>\n<p><a href=\"https:\/\/www.oezratty.net\/wordpress\/wp-content\/WindowsLiveWriter\/adf172fa3703_F560\/Syndicats-et-Federations-Professionnels-Numerique.jpg\"><img loading=\"lazy\" decoding=\"async\" style=\"background-image: none; margin: 10px 0px 10px 10px; padding-left: 0px; padding-right: 0px; display: inline; padding-top: 0px; border-width: 0px;\" title=\"Syndicats et Federations Professionnels Numerique\" src=\"https:\/\/www.oezratty.net\/wordpress\/wp-content\/WindowsLiveWriter\/adf172fa3703_F560\/Syndicats-et-Federations-Professionnels-Numerique_thumb.jpg\" alt=\"Syndicats et Federations Professionnels Numerique\" width=\"537\" height=\"732\" border=\"0\" \/><\/a><\/p>\n<p>Ces diff\u00e9rentes organisations ont \u00e0 la fois des \u00e9quipes de permanents et des membres actifs parmi les entreprises membres. Ces derniers font g\u00e9n\u00e9ralement partie des \u00e9quipes de lobbying dites de \u201crelations institutionnelles\u201d de grandes entreprises. On les retrouve r\u00e9guli\u00e8rement dans les conf\u00e9rences tout\u00a0 au long de l\u2019ann\u00e9e, surtout celles qui sont organis\u00e9es sous les auspices du gouvernement ou des repr\u00e9sentations nationales (Assembl\u00e9e et S\u00e9nat). Les lobbyistes sont souvent des juristes, des anciens membres de cabinets minist\u00e9riels ou assistants parlementaires voire des professionnels de la communication et des relations publiques. Mais cela reste l\u2019implication \u00e9troite des dirigeants des entreprises qui conditionne leur efficacit\u00e9.<\/p>\n<p>Cet inventaire \u00e0 la Pr\u00e9vert ne serait pas complet sans citer le <strong>Conseil National du Num\u00e9rique<\/strong>, une instance rattach\u00e9e \u00e0 la Pr\u00e9sidence de la R\u00e9publique, cr\u00e9\u00e9e en mai 2011 et pr\u00e9sid\u00e9e par le tr\u00e8s actif Gilles Babinet. Si ses membres ont \u00e9t\u00e9 nomm\u00e9s par l\u2019ex\u00e9cutif, ils ont semble-t-il conserv\u00e9 une assez bonne libert\u00e9 d\u2019expression. Leur repr\u00e9sentativit\u00e9 a \u00e9t\u00e9 contest\u00e9e et elle est effectivement tr\u00e8s teint\u00e9e \u201cInternet et commerce en ligne\u201d. Les industries du mat\u00e9riel sont g\u00e9n\u00e9ralement sous-repr\u00e9sent\u00e9es dans ce genre d\u2019instance et plus g\u00e9n\u00e9ralement dans les d\u00e9bats sur le num\u00e9rique. Et pourtant, il y a fort \u00e0 faire dans ce domaine o\u00f9 tout n\u2019a pas disparu en France au profit de l\u2019Asie.<\/p>\n<p><strong>Propositions des organisations professionnelles<\/strong><\/p>\n<p>Pour cette \u00e9lection pr\u00e9sidentielle, les associations professionnelles apparemment les plus actives dans le num\u00e9rique sont celles qui repr\u00e9sentent le logiciel (AFDEL, Syntec Num\u00e9rique) et les industries mat\u00e9rielles (GFI, FIEEC). Les f\u00e9d\u00e9rations des t\u00e9l\u00e9coms sont plut\u00f4t en mode d\u00e9fensif, tentant de r\u00e9sister \u00e0 la vague de taxation de leurs activit\u00e9s grand public qui ponctionne 0,9% de leur chiffre d\u2019affaire pour financer les industries des contenus et notamment compenser le retrait de la publicit\u00e9 sur France T\u00e9l\u00e9visions depuis 2009.<\/p>\n<p><a href=\"https:\/\/www.oezratty.net\/wordpress\/wp-content\/WindowsLiveWriter\/adf172fa3703_F560\/Propositions-2012.jpg\"><img loading=\"lazy\" decoding=\"async\" style=\"background-image: none; margin: 10px 0px 10px 10px; padding-left: 0px; padding-right: 0px; display: inline; padding-top: 0px; border-width: 0px;\" title=\"Propositions 2012\" src=\"https:\/\/www.oezratty.net\/wordpress\/wp-content\/WindowsLiveWriter\/adf172fa3703_F560\/Propositions-2012_thumb.jpg\" alt=\"Propositions 2012\" width=\"576\" height=\"341\" border=\"0\" \/><\/a><\/p>\n<p>Voici un petit tour de leurs propositions sachant que nous allons revenir en d\u00e9tail sur les plus significatives plus loin :<\/p>\n<ul>\n<li>Les 20 propositions de l\u2019<a href=\"http:\/\/www.afdel.fr\/communique0001351d.asp\">AFDEL<\/a> (\u00e9diteurs de logiciels) portent sur le financement des startups (FCPI, exon\u00e9rations ISF), la stabilit\u00e9 des aides publiques et de la fiscalit\u00e9 d\u2019encouragement \u00e0 l\u2019innovation, la cr\u00e9ation d\u2019un guichet unique d\u2019information pour les startups et PME (il y en existe pourtant un, <a href=\"https:\/\/www.oezratty.net\/wordpress\/2011\/guide-startups-quinzieme\/\">il est ici<\/a>), la diffusion des usages du num\u00e9rique dans les entreprises et surtout les PME et une rationalisation de la gouvernance du num\u00e9rique par l\u2019Etat. L\u2019ensemble est tr\u00e8s orient\u00e9 vers le financement et sur le d\u00e9veloppement du march\u00e9 int\u00e9rieur pour permettre aux startups de d\u00e9marrer.<\/li>\n<li>Les 10 propositions de <a href=\"http:\/\/www.syntec-numerique.fr\/Actualites\/Les-10-propositions-de-Syntec-Numerique-aux-candidats-a-l-election-presidentielle-de-2012\">Syntec Num\u00e9rique<\/a> (SSII et \u00e9diteurs de logiciels) se focalisent sur l\u2019encouragement des entreprises \u00e0 d\u00e9velopper leur capital humain et social (services obligent\u2026), la cr\u00e9ation d\u2019un guichet unique comme pour l\u2019AFDEL, l\u2019extension du Cr\u00e9dit Imp\u00f4t Recherche \u00e0 toutes les d\u00e9penses de R&amp;D et de cr\u00e9ation de produits, un cr\u00e9dit num\u00e9rique pour encourager les PME \u00e0 investir dans le num\u00e9rique (pour d\u00e9velopper son business, pourquoi ne pas le faire subventionner par l\u2019Etat hein ?), un d\u00e9veloppement des fili\u00e8res de formation du num\u00e9rique, l\u2019acc\u00e9l\u00e9ration de la modernisation de l\u2019Etat avec le num\u00e9rique, de la e-\u00e9ducation avec du e-learning et la cr\u00e9ation d\u2019un cadre juridique pour les travailleurs nomades. Le tout avec un chiffrage de cr\u00e9ations d\u2019emplois \u00e0 la louche pour chaque mesure. Au passage, le Syntec Num\u00e9rique aimerait bien que la r\u00e9duction de charges sociales li\u00e9e \u00e0 la cr\u00e9ation en cours de la fameuse TVA sociale ne soit pas plafonn\u00e9e \u00e0 2,5 fois le SMIC, qui correspond au salaire d\u2019embauche des SSII. Vu que la moyenne des salaires dans les SSII est probablement sup\u00e9rieure d\u2019au moins 50% \u00e0 100% de ce plafond, cela att\u00e9nue la baisse des charges sociales du dispositif. Chose dont vont se plaindre toutes les soci\u00e9t\u00e9s qui emploient une majorit\u00e9 de cadres.<\/li>\n<li>Les 5 propositions du <a href=\"http:\/\/www.syntec-numerique.fr\/Bibliotheque\/COMMUNIQUE-DE-PRESSE-EDITION-DU-LIVRE-NOIR-BLANC-DU-LOGICIEL\">Livre Noir et Blanc<\/a> du coll\u00e8ge \u00e9diteurs de Syntec Num\u00e9rique comprennent la cr\u00e9ation d\u2019un statut d\u2019\u00e9diteur de logiciel avec l\u2019int\u00e9gration de l\u2019ensemble de leur R&amp;D dans le dispositif d\u2019exon\u00e9ration de charges sociales JEI, des aides et exon\u00e9rations diverses sur la formation des collaborateurs de ces soci\u00e9t\u00e9s, la cr\u00e9ation d\u2019une formation sur l\u2019entrepreneuriat dans le logiciel financ\u00e9e par des sponsors, une fili\u00e8re de formation aux m\u00e9tiers du logiciel dont des cursus de double comp\u00e9tences \u00e9coles d\u2019ing\u00e9nieur et \u00e9coles de commerce en partenariat avec l\u2019Education Nationale (le plus dur \u00e0 mettre en place), un guichet unique croissance et innovation pour les PME du secteur \u201c<em>avec des gens comp\u00e9tents et bien pay\u00e9s<\/em>\u201d, la cr\u00e9ation d\u2019un \u00e9cosyst\u00e8me \u00e0 la mission et au fonctionnement assez flous. Nombre de ces propositions sont extensibles \u00e0 l\u2019ensemble du num\u00e9rique, voire au-del\u00e0. Bruno Van Ryb d\u2019Avanquest qui pr\u00e9sentait ces propositions regrettait que les financements aillent toujours aux m\u00eames dossiers qui savent les trouver et souhaiterait que l\u2019Etat aille vers ceux qui en ont le plus besoin (ci-dessous, la r\u00e9union de pr\u00e9sentation du livre noir et blanc du 15 f\u00e9vrier 2012 et le d\u00e9bat associ\u00e9 avec notamment Laure de la Raudi\u00e8re, Fleur Pellerin et Gilles Babinet).<\/li>\n<\/ul>\n<p><a href=\"https:\/\/www.oezratty.net\/wordpress\/wp-content\/WindowsLiveWriter\/adf172fa3703_F560\/Debat-Syntec-Numerique-College-Editeurs-Fevrier-2012.jpg\"><img loading=\"lazy\" decoding=\"async\" style=\"background-image: none; margin: 10px 0px 10px 10px; padding-left: 0px; padding-right: 0px; display: inline; padding-top: 0px; border-width: 0px;\" title=\"Debat Syntec Numerique College Editeurs Fevrier 2012\" src=\"https:\/\/www.oezratty.net\/wordpress\/wp-content\/WindowsLiveWriter\/adf172fa3703_F560\/Debat-Syntec-Numerique-College-Editeurs-Fevrier-2012_thumb.jpg\" alt=\"Debat Syntec Numerique College Editeurs Fevrier 2012\" width=\"562\" height=\"311\" border=\"0\" \/><\/a><\/p>\n<ul>\n<li>Les propositions de la <a href=\"http:\/\/www.fieec.fr\/iso_album\/fieec_-_le_temps_de_l_ambition_-_nov_2011_.pdf\">FIEEC<\/a> (industries \u00e9lectroniques, \u00e9lectriques et de communication, 98 Md\u20ac de CA dont 48% \u00e0 l&#8217;export, 3000 entreprises et 420 000 emplois) sont plus g\u00e9n\u00e9riques et portent sur l\u2019adoption d\u2019une posture de strat\u00e9gie industrielle, avec la cr\u00e9ation d\u2019un pacte \u00e9nerg\u00e9tique sur les \u00e9conomies d\u2019\u00e9nergie, le d\u00e9veloppement de la e-sant\u00e9 notamment pour les personnes \u00e2g\u00e9es, le lancement d\u2019un programme massif d\u2019\u00e9quipement en suret\u00e9 num\u00e9rique, le pilotage en mode projet transverse des grandes infrastructures de demain (tr\u00e8s haut d\u00e9bit, cloud computing, \u00e9lectricit\u00e9 et smart grid), de mani\u00e8re stable dans le temps et en pensant Europe, le renforcement de l\u2019attractivit\u00e9 et la formation des fili\u00e8res \u00e9lectricit\u00e9\/\u00e9lectronique\/num\u00e9rique. Le tout sous la coupe d\u2019un Ministre de l\u2019Innovation ! Le plan est chiffr\u00e9 avec un impact budg\u00e9taire positif comme il se doit.<\/li>\n<li>Le tout s\u2019appuie sur les 12 propositions plus g\u00e9n\u00e9riques du <a href=\"http:\/\/www.industrie-gfifrance.com\/IMG\/pdf\/GFI-Nouveau_pacte_pour_l_Industrie_pour_la_croissance_et_pour_l_emploi.pdf\">GFI<\/a> (Groupe des F\u00e9d\u00e9rations Industrielles), une branche du MEDEF, avec notamment : retrouver l\u2019\u00e9quilibre des finances publiques, d\u00e9velopper une strat\u00e9gie industrielle, financer la protection sociale par la fiscalit\u00e9 (TVA et CSG) dans la lign\u00e9e de la TVA sociale, cr\u00e9er un Cr\u00e9dit Imp\u00f4t Innovation dans la lign\u00e9e du CIR comme le propose le Syntec Num\u00e9rique, une orientation de l\u2019\u00e9pargne longue des fran\u00e7ais vers les PME et ETI, et, chose originale, lancer un plan au service de la qualit\u00e9 et de l\u2019excellence op\u00e9rationnelle.<\/li>\n<li>Le MEDEF a publi\u00e9 le 14 f\u00e9vrier 2012 un plaidoyer pour la pr\u00e9sidentielle sous la forme d\u2019un livre abondamment illustr\u00e9 de 260 pages en PDF \u201c<a href=\"http:\/\/besoindaire.com\/besoindaire.pdf\">besoindaire<\/a>\u201d qui ne traite pas sp\u00e9cifiquement du num\u00e9rique, mais de questions macro-\u00e9conomiques g\u00e9n\u00e9riques. Il fait la promotion d\u2019une Europe f\u00e9d\u00e9rale \u00e9conomique, d\u2019investissements industriels concert\u00e9s, de la baisse les charges salariales pensant sur les entreprises et d\u2019un alignement de la fiscalit\u00e9 sur l\u2019Allemagne (avec trois variantes de cette \u201cTVA\/CSG sociale\u201d, diverses r\u00e9formes du syst\u00e8me de sant\u00e9, un syst\u00e8me de retraite unifi\u00e9 pour le r\u00e9gime de base (makes sense), une fiscalit\u00e9 des entreprises favorable aux PME ainsi qu\u2019un meilleur partenariat entre grandes entreprises et PME, une flexis\u00e9curit\u00e9 du travail, une refonte de la formation professionnelle et de l\u2019universit\u00e9. On note une suggestion int\u00e9ressante de refonte des m\u00e9thodes de management, mais qui ne va pas bien loin, se contentant d\u2019\u00e9voquer la responsabilisation des salari\u00e9s et d\u2019une meilleure r\u00e9partition de la valeur dans les r\u00e9mun\u00e9rations ! Le MEDEF s\u2019est aussi permis de commenter les propositions de <a href=\"http:\/\/www.medef.com\/medef-corporate\/salle-de-presse\/communiques-de-presse\/communiques-de-presse\/back\/108\/article\/analyse-du-medef-apres-la-publication-des-60-propositions-du-candidat-du-parti-socialiste-a-lele-1.html\">Fran\u00e7ois Hollande<\/a> ainsi que celles de <a href=\"http:\/\/www.medef.com\/medef-corporate\/salle-de-presse\/communiques-de-presse\/communiques-de-presse\/back\/108\/article\/analyse-du-medef-apres-la-publication-des-20-propositions-du-candidat-du-modem-a-lelection-pres-1.html\">Fran\u00e7ois Bayrou<\/a>. Evidemment, en n\u2019approuvant pas les propositions d\u2019augmentation des charges pesant sur les entreprises (FH). Et en faisant une remarque judicieuse sur la cr\u00e9ation d\u2019une Banque Publique de l\u2019Investissement : \u201c<em>OSEO remplit aujourd&#8217;hui sa mission de mani\u00e8re satisfaisante sur l&#8217;ensemble du territoire en relation de proximit\u00e9 avec les PME. Mieux vaut renforcer ses moyens que de cr\u00e9er une nouvelle entit\u00e9.<\/em>\u201d . Le probl\u00e8me est que l\u2019affichage politique est toujours plus efficace lorsque l\u2019on cr\u00e9e un organisme que lorsque l\u2019on en modifie un qui existe d\u00e9j\u00e0 !<\/li>\n<li>Renaissance Num\u00e9rique n\u2019a pas encore d\u00e9gain\u00e9 ses propositions comme en 2007, mais a d\u00e9j\u00e0 d\u00e9crypt\u00e9 certains des enjeux de la pr\u00e9sidentielle <a href=\"http:\/\/www.renaissancenumerique.org\/2011\/06\/pr%C3%A9sidentielles-2012-%C3%A7a-clive-sur-le-num%C3%A9rique.html\">en juin 2011<\/a>. L\u2019ADEN devrait publier ses propositions en mars 2012.<\/li>\n<li>Dans ses <a href=\"http:\/\/www.fevad.com\/uploads\/files\/positions\/Contribution_Fevad_FN2020.PDF\">propositions<\/a> relatives au Plan France Num\u00e9rique 2020 lanc\u00e9 par Eric Besson en novembre 2011, la FEVAD proposait une fiscalit\u00e9 encourageant l\u2019\u00e9quipement et la formation au num\u00e9rique dans les entreprises, l\u2019acc\u00e9l\u00e9ration de la d\u00e9mat\u00e9rialisation des commandes publiques, une fiscalit\u00e9 stable de l\u2019investissement dans les PME innovantes, une convergence des l\u00e9gislations nationales au sein de l\u2019Union Europ\u00e9enne et un encouragement au d\u00e9veloppement du business intra-communautaire.<\/li>\n<li>France Angels <a href=\"http:\/\/frenchweb.fr\/election-presidentielle-mon-idee-pour-2012-philippe-gluntz-france-angels-61002\/\">demande<\/a> pour sa part une stabilit\u00e9 de la fiscalit\u00e9 de l\u2019investissement dans les startups et tire la sonnette d\u2019alarme sur le financement des FCPI mis \u00e0 mal par les r\u00e8glementations prudentielles, l\u2019europ\u00e9enne Solvency II concernant les assurances et l\u2019internationale B\u00e2le III concernant les banques.<\/li>\n<li>En mars, l&#8217;APRIL a <a href=\"http:\/\/www.candidats.fr\/docs\/april-questionnaire-candidatsfr-2012.pdf\">publi\u00e9 son questionnaire<\/a> aux candidats au sujet des logiciels libres et notamment des brevets, des DRM et des ventes li\u00e9es. Mais aussi, c&#8217;est nouveau, une question sur les standards ouverts dans la TV connect\u00e9e (j&#8217;appaudis <a href=\"https:\/\/www.oezratty.net\/wordpress\/2011\/strategie-europeenne-de-la-tv-connectee\/\">des deux mains<\/a>). Avec les explications de texte, cela fait 131 pages, ce qui est un \u00a0record dans les propositions issues de la &#8220;soci\u00e9t\u00e9 civile&#8221; du num\u00e9rique. C&#8217;est assorti d&#8217;un <a href=\"http:\/\/candidats.fr\/documents\/Le_Pacte_Du_Logiciel_Libre_candidats_legislatives.pdf\">pacte<\/a> que les candidats aux l\u00e9gislatives 2012 peuvent signer pour s&#8217;engager \u00e0 d\u00e9fendre les logiciels libres, un processus qui rappelle celui du pacte \u00e9cologique de la Fondation Nicolas Hulot de 2007.<\/li>\n<\/ul>\n<p>J\u2019imagine que d\u2019autres associations vont se remuer dans les semaines qui viennent, et continueront de le faire apr\u00e8s la pr\u00e9sidentielle. C\u2019est en effet \u00e0 ce moment-l\u00e0 que le lobbying va se d\u00e9multiplier car on en saura plus sur les personnes qui auront en charge le num\u00e9rique dans le prochain gouvernement !<\/p>\n<p><strong>Propositions des partis<\/strong><\/p>\n<p>Plus le parti qui soutient le candidat est important, plus grandes sont les chances que le num\u00e9rique soit trait\u00e9 dans le cadre de la campagne. G\u00e9rer un pays est complexe et il est souvent bien d\u00e9solant de voir comment certains petits partis proposent de le faire, avec des plans \u00e0 l&#8217;emporte pi\u00e8ce.<\/p>\n<p><a href=\"https:\/\/www.oezratty.net\/wordpress\/wp-content\/WindowsLiveWriter\/adf172fa3703_F560\/PS-et-UMP-Presidentielle-2012-et-Numerique.jpg\"><img loading=\"lazy\" decoding=\"async\" style=\"background-image: none; margin: 10px 0px 10px 10px; padding-left: 0px; padding-right: 0px; display: inline; padding-top: 0px; border-width: 0px;\" title=\"PS et UMP Presidentielle 2012 et Numerique\" src=\"https:\/\/www.oezratty.net\/wordpress\/wp-content\/WindowsLiveWriter\/adf172fa3703_F560\/PS-et-UMP-Presidentielle-2012-et-Numerique_thumb.jpg\" alt=\"PS et UMP Presidentielle 2012 et Numerique\" width=\"439\" height=\"287\" border=\"0\" \/><\/a><\/p>\n<p>Dans les 45 propositions de l\u2019UMP <a href=\"http:\/\/www.projet-ump.fr\/wp-content\/uploads\/2011\/06\/ump_num%C3%A9rique_propositions_2012.pdf\">publi\u00e9es en juin 2011<\/a> sous la responsabilit\u00e9 de Laure de la Raudi\u00e8re (<em>ci-dessous \u00e0 gauche<\/em>, cf <a href=\"http:\/\/www.la-raudiere.com\/\">son blog<\/a>), Secr\u00e9taire Nationale en charge du num\u00e9rique, on retrouve des morceaux de \u201cSmall Business Act\u201d, la cr\u00e9ation d\u2019un statut de JEI pour les PME du num\u00e9rique, la cr\u00e9ation de nouvelles fili\u00e8res num\u00e9riques universitaires et autres \u00e9tablissements d\u2019enseignement sup\u00e9rieur, un gros effort sur le num\u00e9rique dans les autres cycles de formation (primaire, secondaire), de la e-sant\u00e9 et notamment pour les personnes \u00e2g\u00e9es, de la e-administration, de l\u2019open data et du t\u00e9l\u00e9travail. Le plan couvre donc \u00e0 la fois les usages, la e-citoyennet\u00e9 et l\u2019\u00e9conomie. La particularit\u00e9 des propositions de l\u2019UMP est qu\u2019elles s\u2019appuient sur le bilan du quinquennat qui s\u2019ach\u00e8ve et qu&#8217;elles sont document\u00e9es avec beaucoup de donn\u00e9es chiffr\u00e9es. C\u00f4t\u00e9 Nicolas Sarkozy, c\u2019est Nicolas Princen qui prend en charge la campagne sur Internet dans la lign\u00e9e de ses <a href=\"http:\/\/www.legifrance.gouv.fr\/affichTexte.do?cidTexte=JORFTEXT000025372029&amp;dateTexte=&amp;categorieLien=id\">responsabilit\u00e9s pass\u00e9es \u00e0 l&#8217;Elys\u00e9e<\/a>, mais il aura surement son mot \u00e0 dire sur le th\u00e8me du num\u00e9rique du fait de sa longue int\u00e9gration dans l&#8217;ex\u00e9cutif.<\/p>\n<p><a href=\"https:\/\/www.oezratty.net\/wordpress\/wp-content\/WindowsLiveWriter\/adf172fa3703_F560\/Laure-de-la-Raudiere-UMP-3.jpg\"><img loading=\"lazy\" decoding=\"async\" style=\"background-image: none; margin: 10px 0px 10px 10px; padding-left: 0px; padding-right: 0px; display: inline; padding-top: 0px; border-width: 0px;\" title=\"Laure de la Raudiere (UMP) (3)\" src=\"https:\/\/www.oezratty.net\/wordpress\/wp-content\/WindowsLiveWriter\/adf172fa3703_F560\/Laure-de-la-Raudiere-UMP-3_thumb.jpg\" alt=\"Laure de la Raudiere (UMP) (3)\" width=\"342\" height=\"229\" border=\"0\" \/><\/a><a href=\"https:\/\/www.oezratty.net\/wordpress\/wp-content\/WindowsLiveWriter\/adf172fa3703_F560\/Fleur-Pellerin-PS-1.jpg\"><img loading=\"lazy\" decoding=\"async\" style=\"background-image: none; margin: 10px 0px 10px 10px; padding-left: 0px; padding-right: 0px; display: inline; padding-top: 0px; border-width: 0px;\" title=\"Fleur Pellerin (PS) (1)\" src=\"https:\/\/www.oezratty.net\/wordpress\/wp-content\/WindowsLiveWriter\/adf172fa3703_F560\/Fleur-Pellerin-PS-1_thumb.jpg\" alt=\"Fleur Pellerin (PS) (1)\" width=\"340\" height=\"228\" border=\"0\" \/><\/a><\/p>\n<p>M\u00eame s\u2019il ne s\u2019agit pas du programme de Fran\u00e7ois Hollande, le PS avait <a href=\"http:\/\/www.rue89.com\/files\/22juin_Programme_Numerique_PS_v4.pdf\">publi\u00e9 ses propositions en juin 2011<\/a>, avec notamment la cr\u00e9ation d\u2019une banque publique d\u2019investissement reli\u00e9e aux r\u00e9gions, avec comme mission de faire \u00e9merger des \u201cactions forts de l\u2019Internet mondial\u201d, l\u2019orientation des achats publics vers les PME &#8211; qui ne concerne pas que le num\u00e9rique -, des aides \u00e0 l\u2019innovation qui devraient aussi couvrir les innovations d\u2019usage. Il y avait la fameuse licence globale et un financement encore plus \u201cpublic\u201d de la cr\u00e9ation culturelle accompagn\u00e9e de l\u2019abrogation de la HADOPI. Fran\u00e7ois Hollande a depuis mis de l\u2019eau dans son vin en transformant les propositions un peu radicales du PS en <a href=\"http:\/\/www.numerama.com\/magazine\/21720-francois-hollande-abrogera-hadopi-34apres-concertation34.html\">offre de concertation ouverte<\/a> aux parties prenantes. Apr\u00e8s la s\u00e9lection de Fran\u00e7ois Hollande \u00e0 l\u2019issue des primaires, c\u2019est Fleur Pellerin qui a \u00e9t\u00e9 choisie pour piloter le secteur num\u00e9rique de la campagne (<em>ci-dessus \u00e0 droite, et cf <a href=\"http:\/\/fleurpellerin.fr\/\">son blog<\/a><\/em>). Elle a lanc\u00e9 un travail de concertation, un appel au peuple et s\u2019appuie sur une quarantaine de sp\u00e9cialistes pour construire le programme num\u00e9rique du candidat qui \u00e0 ce jour n\u2019\u00e9tait pas encore disponible.<\/p>\n<p>Fran\u00e7ois Bayrou n\u2019a pas formalis\u00e9 de plan sur le num\u00e9rique mais s\u2019est tout de m\u00eame impliqu\u00e9 dans le sujet. Il intervenait dans <a href=\"http:\/\/bayrou.fr\/article\/retrouvez-en-direct-le-dialogue-autour-du-numerique-avec-francois-bayrou\">une table ronde<\/a> le 14 f\u00e9vrier 2012 sur le num\u00e9rique en rappelant notamment son opposition \u00e0 la loi HADOPI. Le reste \u00e9tait assez plat et pas tr\u00e8s dense en propositions. M\u00eame si Fran\u00e7ois Bayrou se targuait d\u2019intervenir sans notes, on sentait qu\u2019il n\u2019\u00e9tait pas \u00e0 l\u2019aise sur un tas de sujets et se faisait m\u00eame balader par certains des intervenants de la table ronde. Le candidat s\u2019\u00e9tait fait remarquer un peu plus t\u00f4t en proposant aux business angels de d\u00e9duire les pertes des startups dans lesquelles ils investiraient. Il s\u2019agirait d\u2019appliquer aux Business Angels la m\u00eame r\u00e8gle qu\u2019aux fonds d\u2019investissements permettant de d\u00e9duire fiscalement ses pertes d\u2019investissements en cas de sortie \u201cpar le bas\u201d. Comme aux USA, la fiscalit\u00e9 d\u2019encouragement \u00e0 l\u2019innovation ferait en effet bien de mieux s\u2019\u00e9quilibrer entre l\u2019amont (r\u00e9ductions d\u2019ISF et d\u2019IR) et l\u2019aval (d\u00e9duction des pertes, faible imposition des plus-values).<\/p>\n<p>Quid d\u2019Eva Joly ? Sur son site web de campagne, elle indique juste \u00eatre contre ACTA. Il n\u2019y a rien d\u2019autre au programme qui est enti\u00e8rement consacr\u00e9 \u00e0 l\u2019\u00e9cologie et \u00e0 l\u2019environnement ! Le <a href=\"http:\/\/evajoly2012.fr\/files\/2012\/02\/projet-evajoly-final1.pdf\">programme complet<\/a> ne contient pas une ligne sur le num\u00e9rique, ni m\u00eame le mot \u201cnum\u00e9rique\u201d. Eva Joly a <a href=\"http:\/\/evajoly2012.fr\/2011\/12\/16\/rencontre-entre-eva-joly-et-richard-stallman\/\">sinon rencontr\u00e9 Richard Stallman<\/a> en d\u00e9cembre 2011, qui n\u2019est malheureusement pas le plus expert pour parler d\u2019\u00e9conomie num\u00e9rique ou de comp\u00e9titivit\u00e9. Un certain <a href=\"https:\/\/www.oezratty.net\/wordpress\/photos\/?g=2011&#038;a=RSLN%20Nov2011&#038;o=Fr%C3%A9d%C3%A9ric%20Neau%20(EELV)%20(2).jpg&#038;sa=RSLN%20Nov2011&#038;sg=2011&#038;opt=onb1000e10FR0044000\">Fr\u00e9d\u00e9ric Neau<\/a> est responsable du volet num\u00e9rique de la campagne.<\/p>\n<p>Chez Marine Le Pen, il n\u2019y a pas non plus de programme sp\u00e9cifique au num\u00e9rique. Par contre, le programme fait la part belle aux PME\/PMI. On y trouve une proposition partag\u00e9e avec le PS : \u201c<em>Le Cr\u00e9dit Imp\u00f4t Recherche visera en priorit\u00e9 les PME\/PMI innovantes et cessera de constituer une subvention non-justifi\u00e9e aux tr\u00e8s grands groupes qui d\u00e9localisent. Il sera conditionn\u00e9 au maintien int\u00e9gral des centres de recherche et de d\u00e9veloppement en France<\/em>\u201d (nous y reviendrons). Le mot \u201cint\u00e9gral\u201d montre une bien mauvaise compr\u00e9hension des enjeux des grands groupes industriels qui se doivent de d\u00e9velopper une pr\u00e9sence mondiale dans ces domaines. On est bien contents d\u2019attirer en France les laboratoires de R&amp;D de soci\u00e9t\u00e9s comme Google et Microsoft gr\u00e2ce au CIR !<\/p>\n<p>Chez <a href=\"http:\/\/www.dominiquedevillepin.fr\/807-production-consommation\/\">Dominique de Villepin<\/a>, on trouve la proposition 24 visant \u00e0 jeter les bases d\u2019une v\u00e9ritable strat\u00e9gie industrielle. Et comment \u00e7a ? En cr\u00e9ant un \u201cConseil National Strat\u00e9gique\u201d. On voit la patte de l\u2019\u00e9narque ! Et la proposition 25 d\u00e9di\u00e9e aux PME &#8211; dont celles du num\u00e9rique &#8211; qui devraient b\u00e9n\u00e9ficier d\u2019un effort de R&amp;D publique et priv\u00e9e, du regroupement et de la r\u00e9forme des p\u00f4les de comp\u00e9titivit\u00e9 (mis en place alors qu\u2019il \u00e9tait Premier Ministre\u2026) et d\u2019une relance de l\u2019investissement en faveur des TPE et des PME. Tant que l\u2019on n\u2019explique pas comment on va faire tout cela, on ne risque pas de se faire d\u2019ennemis ou d\u2019enclencher quelque d\u00e9bat que ce soit !<\/p>\n<p>Au <a href=\"http:\/\/www.npa2009.org\/content\/nos-r%C3%A9ponses-%C3%A0-la-crise-texte-soumis-par-une-majorit%C3%A9-du-cpn\">NPA de Philippe Poutou<\/a>, les entreprises sont des ennemies qu\u2019il faut r\u00e9guler et tondre. Il propose notamment le passage aux 32 heures (comme Eva Joly au demeurant&#8230;), la r\u00e9quisition des moyens de production par les salari\u00e9s et le d\u00e9mant\u00e8lement des institutions europ\u00e9ennes. Ah, et puis, \u201c<em>la dette est ill\u00e9gitime<\/em>\u201d. On est bien avanc\u00e9s !<\/p>\n<p>Enfin, chez Nathalie Arthaud de Lutte Ouvri\u00e8re, pas besoin de programme ! Et encore moins de num\u00e9rique ! Le programme ? Des affiches, des tracts et une brochure qui est en fait un ensemble de questions\/r\u00e9ponses digne d\u2019un <a href=\"http:\/\/www.nathalie-arthaud.info\/IMG\/pdf\/brochure.pdf\">cours de rh\u00e9torique communiste<\/a> des ann\u00e9es 1950 pour justifier le grand soir rouge o\u00f9 les salari\u00e9s remplaceront les patrons. Les entreprises sont des ennemies qui ne sont pas cr\u00e9atrices de valeur, mises dans le m\u00eame sac que les bien mal aim\u00e9es institutions financi\u00e8res.<\/p>\n<p>Au passage, le bouillonnement qui pr\u00e9c\u00e8de une \u00e9lection pr\u00e9sidentielle est toujours fascinant. Un nombre incroyable de corps constitu\u00e9s interpellent les candidats et ceux-ci r\u00e9pondent g\u00e9n\u00e9ralement volontiers pour s\u2019en attirer les faveurs. Voici quelques exemples vus sur le site du <a href=\"http:\/\/www.placeaupeuple2012.fr\/category\/les-prises-de-position\/page\/2\/\">Front de Gauche<\/a>, qui n&#8217;a cure du num\u00e9rique : les \u00e9tudiants en STAPS (sport), le syndicat national des monuments historiques, le personnel de M\u00e9t\u00e9o-France\u2026 de l\u2019Allier, le Maire de Vaux-le-p\u00e9nil, l\u2019appel des 44 pour la cr\u00e9ation d\u2019un observatoire des suicides, le comit\u00e9 de lutte contre l\u2019hypertension art\u00e9rielle, le SNPL (pilotes de ligne) et les professeurs de langues anciennes de l\u2019enseignement sup\u00e9rieur.<\/p>\n<p>Je vous \u00e9pargne Cheminade, Dupont Aignan et Nihous dans cet inventaire un peu affligeant. Au final, je constate que le traitement du th\u00e8me du num\u00e9rique est un marqueur parmi d&#8217;autre des &#8220;partis de gouvernement&#8221; qui b\u00e9n\u00e9ficient du travail et du r\u00e9seau de leurs permanents et de leurs \u00e9lus.<\/p>\n<p><strong>Next ?<\/strong><\/p>\n<p>Finalement, cette longue mise en bouche n\u2019a fait qu\u2019effleurer les clivages de la campagne sur le num\u00e9rique. Alors, promesse non tenue ?<\/p>\n<p>Non non ! Dans la suite de cet article, nous allons y venir, th\u00e8me par th\u00e8me en se focalisant sur :<\/p>\n<ul>\n<li><a href=\"https:\/\/www.oezratty.net\/wordpress\/2012\/clivages-presidentielle-2012-numerique-2\/\">L\u2019environnement des PME innovantes<\/a>.<\/li>\n<li><a href=\"https:\/\/www.oezratty.net\/wordpress\/2012\/clivages-presidentielle-2012-numerique-3\/\">L\u2019enseignement du num\u00e9rique et de l\u2019entrepreneuriat<\/a>.<\/li>\n<li><a href=\"https:\/\/www.oezratty.net\/wordpress\/2012\/clivages-presidentielle-2012-numerique-4\/\">Le num\u00e9rique dans l\u2019Etat<\/a>.<\/li>\n<li><a href=\"https:\/\/www.oezratty.net\/wordpress\/2012\/clivages-presidentielle-2012-numerique-5\/\">Le tr\u00e8s haut d\u00e9bit<\/a>.<\/li>\n<li>L\u2019\u00e9conomie des <a href=\"https:\/\/www.oezratty.net\/wordpress\/2012\/clivages-presidentielle-2012-numerique-6\/\">contenus et la r\u00e9gulation<\/a>.<\/li>\n<\/ul>\n","protected":false},"excerpt":{"rendered":"<p>Comme pour chaque \u00e9lection pr\u00e9sidentielle, les candidats sont sollicit\u00e9s par nombre de lobbies professionnels et d\u2019industries pour que leurs pr\u00e9occupations et propositions soient int\u00e9gr\u00e9es dans leurs plans. Le num\u00e9rique en fait partie. Il est progressivement devenu un enjeu des pr\u00e9sidentielles, depuis au moins 2002. Au gr\u00e9 du d\u00e9veloppement des usages dans le grand public et [&hellip;]<\/p>\n","protected":false},"author":1,"featured_media":0,"comment_status":"open","ping_status":"open","sticky":false,"template":"","format":"standard","meta":{"footnotes":""},"categories":[21,11,2,18,25,10,5],"tags":[336,147,1391,124,1390,343,289,1388,1392,1389,1394,1393],"class_list":["post-6567","post","type-post","status-publish","format-standard","hentry","category-entrepreneuriat","category-france","category-internet","category-politique","category-sociologie","category-startups","category-technologie","tag-afdel","tag-fieec","tag-fleur-pellerin","tag-hadopi","tag-hollande","tag-laure-de-la-raudiere","tag-medef","tag-presidentielle-2012","tag-ps","tag-sarkozy","tag-syntec","tag-ump"],"views":38451,"_links":{"self":[{"href":"https:\/\/www.oezratty.net\/wordpress\/wp-json\/wp\/v2\/posts\/6567","targetHints":{"allow":["GET"]}}],"collection":[{"href":"https:\/\/www.oezratty.net\/wordpress\/wp-json\/wp\/v2\/posts"}],"about":[{"href":"https:\/\/www.oezratty.net\/wordpress\/wp-json\/wp\/v2\/types\/post"}],"author":[{"embeddable":true,"href":"https:\/\/www.oezratty.net\/wordpress\/wp-json\/wp\/v2\/users\/1"}],"replies":[{"embeddable":true,"href":"https:\/\/www.oezratty.net\/wordpress\/wp-json\/wp\/v2\/comments?post=6567"}],"version-history":[{"count":0,"href":"https:\/\/www.oezratty.net\/wordpress\/wp-json\/wp\/v2\/posts\/6567\/revisions"}],"wp:attachment":[{"href":"https:\/\/www.oezratty.net\/wordpress\/wp-json\/wp\/v2\/media?parent=6567"}],"wp:term":[{"taxonomy":"category","embeddable":true,"href":"https:\/\/www.oezratty.net\/wordpress\/wp-json\/wp\/v2\/categories?post=6567"},{"taxonomy":"post_tag","embeddable":true,"href":"https:\/\/www.oezratty.net\/wordpress\/wp-json\/wp\/v2\/tags?post=6567"}],"curies":[{"name":"wp","href":"https:\/\/api.w.org\/{rel}","templated":true}]}}