{"id":6477,"date":"2012-02-08T09:12:00","date_gmt":"2012-02-08T07:12:00","guid":{"rendered":"http:\/\/www.oezratty.net\/wordpress\/?p=6477"},"modified":"2014-07-04T09:15:20","modified_gmt":"2014-07-04T07:15:20","slug":"les-infrastructures-de-france-televisions-studios","status":"publish","type":"post","link":"https:\/\/www.oezratty.net\/wordpress\/2012\/les-infrastructures-de-france-televisions-studios\/","title":{"rendered":"Les infrastructures de France T\u00e9l\u00e9visions &#8211; Studios"},"content":{"rendered":"<p>J\u2019avais visit\u00e9 les infrastructures techniques du groupe M6 dans leur si\u00e8ge de Neuilly-sur-Seine en mars 2011 (cf le compte-rendu en trois parties qui <a href=\"https:\/\/www.oezratty.net\/wordpress\/2011\/infrastructures-techniques-de-m6-1\/\">commence ici<\/a>). Mais je m\u2019\u00e9tais bien d\u00e9cid\u00e9 de ne pas m\u2019en tenir l\u00e0 et de poursuivre la d\u00e9marche avec les autres grands acteurs de ce domaine. C\u2019est donc chose faite avec une nouvelle visite \u00e0 partager avec vous : celle de <strong>France T\u00e9l\u00e9visions<\/strong>, et plus pr\u00e9cis\u00e9ment de leur si\u00e8ge situ\u00e9 sur les quais de la Seine \u00e0 Paris pr\u00e8s du Pont du Garigliano. La pr\u00e9paration de cette s\u00e9rie d\u2019articles a d\u00e9marr\u00e9 en novembre 2011 pour se terminer en f\u00e9vrier 2012, du fait du nombre de personnes que j\u2019ai pu rencontrer dans cette petite enqu\u00eate.<\/p>\n<p><a href=\"https:\/\/www.oezratty.net\/wordpress\/wp-content\/WindowsLiveWriter\/Visite-de-France-Tlvision_6B8\/Siege-France-Television-Paris-1.jpg\"><img loading=\"lazy\" decoding=\"async\" style=\"background-image: none; border-right-width: 0px; margin: 10px 0px 10px 10px; padding-left: 0px; padding-right: 0px; display: inline; border-top-width: 0px; border-bottom-width: 0px; border-left-width: 0px; padding-top: 0px\" title=\"Siege France Television Paris (1)\" border=\"0\" alt=\"Siege France Television Paris (1)\" src=\"https:\/\/www.oezratty.net\/wordpress\/wp-content\/WindowsLiveWriter\/Visite-de-France-Tlvision_6B8\/Siege-France-Television-Paris-1_thumb.jpg\" width=\"494\" height=\"255\" \/><\/a><\/p>\n<p>Cette visite m\u2019a permis de passer d\u2019un extr\u00eame \u00e0 l\u2019autre. M6 est un groupe de TV priv\u00e9 relativement r\u00e9cent, m\u00eame s\u2019il cumule d\u00e9j\u00e0 plus de 20 ann\u00e9es d\u2019existence, et il s\u2019est beaucoup d\u00e9velopp\u00e9 gr\u00e2ce \u00e0 la TNT. Ici, on change d\u2019ordre de grandeur en passant de 1900 \u00e0 11000 salari\u00e9s.<\/p>\n<p>France T\u00e9l\u00e9visions est avec la BBC l\u2019un des plus grands groupes de TV en Europe. La BBC a 21000 collaborateurs sachant qu\u2019elle int\u00e8gre la radio, \u00e0 comparer \u00e0 France T\u00e9l\u00e9vision et ses 11000 collaborateurs auxquels il faut ajouter Radio France et ses 4000 collaborateurs. Le BBC a cependant du licencier des centaines de personnes d\u00e9but 2011 dans sa branche BBC World Services, apr\u00e8s les restrictions budg\u00e9taires (-16%) venant du gouvernement de David Cameron. C\u00f4t\u00e9 allemand, les deux grands groupes de TV publique sont ARD (23000 personnes, 11 chaines TV) et ZDF (3600 personnes, 8 chaines dont 4 en partenariat avec ARD). En Europe, il faut aussi compter avec le groupe RTL et ses 45 cha\u00eenes TV r\u00e9parties dans 10 pays europ\u00e9ens dont la France et l\u2019Allemagne ! France T\u00e9l\u00e9visions revendique d\u2019\u00eatre le plus gros producteur de contenus t\u00e9l\u00e9visuels en Europe mais je n\u2019ai pas trouv\u00e9 d\u2019indicateurs publics permettant de confirmer cela. <\/p>\n<p>France T\u00e9l\u00e9visions est l\u2019aboutissement de la longue histoire du service public audiovisuel qui remonte aux temps de l\u2019ORTF et de son \u00e9clatement en 1974 en plusieurs soci\u00e9t\u00e9s, dont <strong>France 2<\/strong> (Antenne 2 \u00e0 l\u2019\u00e9poque) et <strong>France 3<\/strong> (FR3). Ces deux soci\u00e9t\u00e9s qui constituent aujourd\u2019hui le noyau dur du groupe &#8211; en plus de France 4, France 5 et France \u00d4 &#8211; ont suivi un parcours parall\u00e8le, au moins jusqu\u2019\u00e0 la cr\u00e9ation de France T\u00e9l\u00e9visions en 1992. Mais la convergence des moyens techniques a pris beaucoup de temps et est loin d\u2019\u00eatre termin\u00e9e, malgr\u00e9 le partage d\u2019un site parisien depuis 1998. Ce d\u2019autant plus que les mises \u00e0 jour technologiques sont \u00e9tal\u00e9es dans le temps dans les diff\u00e9rentes antennes r\u00e9gionales de France 3, pour en lisser le cout. Il coexiste ainsi plusieurs g\u00e9n\u00e9rations de cam\u00e9ras, r\u00e9gies et autres outils de production au sein du groupe.<\/p>\n<p><a href=\"https:\/\/www.oezratty.net\/wordpress\/wp-content\/WindowsLiveWriter\/Visite-de-France-Tlvision_6B8\/Siege-France-Television-Paris-et-studio-JT-France-2-13h-en-bas.jpg\"><img loading=\"lazy\" decoding=\"async\" style=\"background-image: none; border-right-width: 0px; margin: 10px 0px 10px 10px; padding-left: 0px; padding-right: 0px; display: inline; border-top-width: 0px; border-bottom-width: 0px; border-left-width: 0px; padding-top: 0px\" title=\"Siege France Television Paris et studio JT France 2 13h en bas\" border=\"0\" alt=\"Siege France Television Paris et studio JT France 2 13h en bas\" src=\"https:\/\/www.oezratty.net\/wordpress\/wp-content\/WindowsLiveWriter\/Visite-de-France-Tlvision_6B8\/Siege-France-Television-Paris-et-studio-JT-France-2-13h-en-bas_thumb.jpg\" width=\"496\" height=\"332\" \/><\/a><\/p>\n<p>L\u2019objectif de ma visite \u00e9tait comme pour M6 de faire un tour aussi complet que possible des infrastructures techniques couvrant la production vid\u00e9o (plateaux, r\u00e9gies) et le workflow num\u00e9rique des contenus dans le groupe. Je vais commencer ce tour d\u2019horizon par les plateaux, puis un article suivra avec les r\u00e9gies. Nous terminerons avec le workflow num\u00e9rique et les activit\u00e9s num\u00e9riques multi-\u00e9crans du groupe.<\/p>\n<p>Ce qui frappe par rapport \u00e0 M6 est la dimension du groupe et la quantit\u00e9 de tournages en plateaux. Le tout associ\u00e9 \u00e0 des imp\u00e9ratifs de production rigoureux et au besoin de bien g\u00e9rer les deniers publics qui alimentent en grande partie le budget de France T\u00e9l\u00e9visions (79% des ressources en 2010), surtout depuis la r\u00e9forme de 2008 qui a supprim\u00e9 une partie de la manne publicitaire. Ceci explique notamment pourquoi le groupe n\u2019est pas encore pass\u00e9 au tout d\u00e9mat\u00e9rialis\u00e9, m\u00eame si les contenus sont tout de m\u00eame g\u00e9r\u00e9s en num\u00e9rique de bout en bout de la cha\u00eene de production. On voit encore des K7 Betanum et des magn\u00e9toscopes en quantit\u00e9 dans les r\u00e9gies, notamment pour les journaux t\u00e9l\u00e9vis\u00e9s, alors qu\u2019elles ont compl\u00e8tement disparu chez M6, sauf en \u201centr\u00e9e\u201d tr\u00e8s en amont du processus dans ce qu\u2019ils appellent l\u2019ingestion des contenus.<\/p>\n<p>D\u2019un point de vue organisationnel, la Direction des Op\u00e9rations g\u00e8re les plateaux, les r\u00e9gies et les \u00e9quipes de tournages mobiles avec un millier de collaborateurs qui leur procure les moyens de tournages, de post-production et de vid\u00e9o mobile l\u00e9g\u00e8re. Les \u00e9quipes des Journaux T\u00e9l\u00e9vis\u00e9s disposent de leur propre direction technique, qui occupe quelques centaines de personnes.<\/p>\n<p><strong>Cam\u00e9ras et supports de cam\u00e9ras<\/strong><\/p>\n<p>Commen\u00e7ons par le nerf de la guerre, les cam\u00e9ras que l\u2019on trouve dans les studios. Elles sont g\u00e9n\u00e9ralement des <strong>Sony <\/strong>HDC 1500, dot\u00e9es de capteurs tri-CCD de 2\/3 de pouces de diagonale. Elles sont \u00e9quip\u00e9es d\u2019objectifs <strong>Fujinon <\/strong>standard HD 18 x 7.6 et grand angle 14 x 4.5 ou de t\u00e9l\u00e9objectifs <strong>Ang\u00e9nieux <\/strong>x26, x40 et x62<strong>. <\/strong>Le Fujinon HD 18 x 7,6 est un objectif de 7,6mm et de facteur de zoom de 18. En \u00e9quivalent 24&#215;36, c\u2019est un 19,3mm \u2013 348mm. Le grand angle 14 x 4,5 est \u00e9quivalent en 24&#215;36 un 11,5mm x 160 mm. Un Ang\u00e9nieux x62 qui d\u00e9marre \u00e0 9,5 mm est en \u00e9quivalent 24&#215;36 un 24 mm \u2013 1500 mm. Cela donne une belle plage de focales ! Les facteurs de zoom sont moins grands que ceux des objectifs Canon que j\u2019avais pu observer \u00e0 <a href=\"https:\/\/www.oezratty.net\/wordpress\/2011\/leweb-2011-moyens-techniques\/\">LeWeb 2011<\/a> car les plateaux sont moins grands qu\u2019une salle de conf\u00e9rence des Docks.<\/p>\n<p>La connectique des cam\u00e9ras est pour deux des r\u00e9gies un c\u00e2ble triax qui laisse passer en sortie un signal SDI (avec vid\u00e9o non compress\u00e9e \u00e0 3 Gbits\/s pour du 1080p ou 1,5 Gbits\/s pour du 1080i, utilis\u00e9 g\u00e9n\u00e9ralement en broadcast HD) et dans l\u2019autre sens, l\u2019alimentation \u00e9lectrique et des signaux de contr\u00f4le de la cam\u00e9ra. Un triax est un c\u00e2ble coaxial dot\u00e9 de deux couches d\u2019isolation. Pour les deux autres r\u00e9gies, les cam\u00e9ras sont connect\u00e9es en fibre optique. Les c\u00e2bles sont connect\u00e9s de l\u2019autre c\u00f4t\u00e9 \u00e0 des CCU (Camera Control Units) en r\u00e9gie, aussi d\u2019origine Sony, qui alimentent et contr\u00f4lent les cam\u00e9ras.<\/p>\n<p>On peut distinguer quatre types de supports de cam\u00e9ras dans un tel studio :<\/p>\n<ul>\n<li>Des <strong>cam\u00e9ras classiques <\/strong>sur pieds lourds hydrauliques qui sont contr\u00f4l\u00e9es \u201c\u00e0 l\u2019ancienne\u201d par des cameramen. Elles sont \u00e9quip\u00e9es d\u2019un prompteur \u00e0 base d\u2019\u00e9cran plat. Etant \u00e0 plusieurs m\u00e8tres du pr\u00e9sentateur, ce dernier doit donc avoir une bonne vue ou de bonnes lunettes ! <\/li>\n<\/ul>\n<p><a href=\"https:\/\/www.oezratty.net\/wordpress\/wp-content\/WindowsLiveWriter\/Visite-de-France-Tlvision_6B8\/Studio-JT-20h-14.jpg\"><img loading=\"lazy\" decoding=\"async\" style=\"background-image: none; border-right-width: 0px; margin: 10px 0px 10px 10px; padding-left: 0px; padding-right: 0px; display: inline; border-top-width: 0px; border-bottom-width: 0px; border-left-width: 0px; padding-top: 0px\" title=\"Studio JT 20h (14)\" border=\"0\" alt=\"Studio JT 20h (14)\" src=\"https:\/\/www.oezratty.net\/wordpress\/wp-content\/WindowsLiveWriter\/Visite-de-France-Tlvision_6B8\/Studio-JT-20h-14_thumb.jpg\" width=\"303\" height=\"452\" \/><\/a><\/p>\n<ul>\n<li>Des <strong>cam\u00e9ras sur grue t\u00e9lescopiques <\/strong>(\u201cDolly\u201d) (<em>ci-dessous<\/em>), des XB Crane du fran\u00e7ais <strong>Novagrip<\/strong>, qui sont contr\u00f4l\u00e9es \u00e0 distance par un op\u00e9rateur de prise de vue et un op\u00e9rateur pour le mouvement. Ces cam\u00e9ras sont \u00e9quip\u00e9es d\u2019objectifs grand angle. Cela g\u00e9n\u00e8re une perspective qui grandit la taille apparente du studio, un artifice classique \u00e0 la t\u00e9l\u00e9vision. <\/li>\n<\/ul>\n<p><a href=\"https:\/\/www.oezratty.net\/wordpress\/wp-content\/WindowsLiveWriter\/Visite-de-France-Tlvision_6B8\/Studio-JT-20h-9.jpg\"><img loading=\"lazy\" decoding=\"async\" style=\"background-image: none; border-right-width: 0px; margin: 10px 0px 10px 10px; padding-left: 0px; padding-right: 0px; display: inline; border-top-width: 0px; border-bottom-width: 0px; border-left-width: 0px; padding-top: 0px\" title=\"Studio JT 20h (9)\" border=\"0\" alt=\"Studio JT 20h (9)\" src=\"https:\/\/www.oezratty.net\/wordpress\/wp-content\/WindowsLiveWriter\/Visite-de-France-Tlvision_6B8\/Studio-JT-20h-9_thumb.jpg\" width=\"499\" height=\"335\" \/><\/a><\/p>\n<ul>\n<li>Des <strong>cam\u00e9ras sur rails<\/strong>, t\u00e9l\u00e9guid\u00e9es. Les rails sont soit rectilignes soit dispos\u00e9s en cercle autour du plateau. <\/li>\n<li>Des <strong>cam\u00e9ras robotis\u00e9es<\/strong>, dont certaines sont utilis\u00e9es pour l\u2019incrustation d\u2019effets de r\u00e9alit\u00e9 augment\u00e9e (<em>ci-dessous<\/em>). A ne pas confondre avec les d\u00e9cors virtuels qui ne sont pas utilis\u00e9s dans ce studio, et qui demanderaient des fonds verts ou bleus pour leur incrustation. La r\u00e9alit\u00e9 augment\u00e9e consiste \u00e0 ajouter des objets virtuels comme des graphiques ou maquettes en 3D qui peuvent \u00eatre lanc\u00e9s et manipul\u00e9s par le pr\u00e9sentateur. TF1 et France 2 utilisent cela depuis pr\u00e8s d\u2019un an maintenant. La position et les param\u00e8tres des cam\u00e9ras sont utilis\u00e9s par les syst\u00e8mes de g\u00e9n\u00e9ration d\u2019images de r\u00e9alit\u00e9 augment\u00e9e. Le syst\u00e8me diff\u00e8re quelque peu des cam\u00e9ras utilisant des capteurs de position que j\u2019avais pu voir \u00e0 l\u2019IBC Amsterdam (voir \u00e0 la <a href=\"https:\/\/www.oezratty.net\/wordpress\/2011\/ibc-2011-production-video\/\">fin de cet article<\/a>). <\/li>\n<\/ul>\n<p><a href=\"https:\/\/www.oezratty.net\/wordpress\/wp-content\/WindowsLiveWriter\/Visite-de-France-Tlvision_6B8\/Studio-JT-20h-10.jpg\"><img loading=\"lazy\" decoding=\"async\" style=\"background-image: none; border-right-width: 0px; margin: 10px 0px 10px 10px; padding-left: 0px; padding-right: 0px; display: inline; border-top-width: 0px; border-bottom-width: 0px; border-left-width: 0px; padding-top: 0px\" title=\"Studio JT 20h (10)\" border=\"0\" alt=\"Studio JT 20h (10)\" src=\"https:\/\/www.oezratty.net\/wordpress\/wp-content\/WindowsLiveWriter\/Visite-de-France-Tlvision_6B8\/Studio-JT-20h-10_thumb.jpg\" width=\"498\" height=\"333\" \/><\/a><\/p>\n<p>Le contr\u00f4le des mouvements des cam\u00e9ras utilis\u00e9es pour la r\u00e9alit\u00e9 augment\u00e9e est r\u00e9alis\u00e9 en studio avec des outils de <strong>Trimaran<\/strong>, dans un poste de travail comme celui ci-dessous (<em>la partie droite<\/em>). Il y a bien entendu un travail \u00e9ditorial pr\u00e9alable de constitution des animations et objets 3D utilis\u00e9s dans le JT ainsi qu\u2019un poste de gestion de l\u2019animation des objets virtuels. Ces postes de travail permettent de s\u2019assurer du bon positionnement de l\u2019objet pr\u00e9sent\u00e9 et du calibrage des cam\u00e9ras robotis\u00e9es.<\/p>\n<p><a href=\"https:\/\/www.oezratty.net\/wordpress\/wp-content\/WindowsLiveWriter\/Visite-de-France-Tlvision_6B8\/Studio-JT-20h-15.jpg\"><img loading=\"lazy\" decoding=\"async\" style=\"background-image: none; border-right-width: 0px; margin: 10px 0px 10px 10px; padding-left: 0px; padding-right: 0px; display: inline; border-top-width: 0px; border-bottom-width: 0px; border-left-width: 0px; padding-top: 0px\" title=\"Studio JT 20h (15)\" border=\"0\" alt=\"Studio JT 20h (15)\" src=\"https:\/\/www.oezratty.net\/wordpress\/wp-content\/WindowsLiveWriter\/Visite-de-France-Tlvision_6B8\/Studio-JT-20h-15_thumb.jpg\" width=\"503\" height=\"337\" \/><\/a><\/p>\n<p><strong>Plateaux du si\u00e8ge de France T\u00e9l\u00e9visions<\/strong><\/p>\n<p>France T\u00e9l\u00e9visions dispose d\u2019une grosse capacit\u00e9 de production en propre avec sept plateaux situ\u00e9s dans son si\u00e8ge. C\u2019est la plus grosse capacit\u00e9 d\u2019un groupe de t\u00e9l\u00e9vision en France. M6 a deux plateaux et TF1 en aurait moins de quatre. <\/p>\n<p>La production est de plus aussi assur\u00e9e par les plateaux des antennes r\u00e9gionales de France 3, soient 24 n\u0153uds r\u00e9gionaux et 49 antennes en tout, pour plus de 100 bureaux auxquels il faut ajouter les neuf d\u00e9clinaisons de \u201cOutre Mer Premi\u00e8re\u201d (Martinique, Guadeloupe, Nouvelle Cal\u00e9donie, \u2026). Il faut compter enfin un plateau au si\u00e8ge de France 5. Ajoutons \u00e0 cela les six cars de production de vid\u00e9o mobile lourde utilis\u00e9s lors des \u00e9v\u00e9nements externes comme les grandes manifestations sportives (Tour de France, Roland Garros, etc) tout comme les grandes \u00e9v\u00e9nements politiques (\u00e9lections) ou autres (spectacles). Quatre de ces six cars sont \u00e9quip\u00e9s pour la HD et les deux autres, en SD, sont \u00e0 \u201cupgrader\u201d. Chaque car est \u00e9quip\u00e9 pour g\u00e9rer une \u00e9mission avec entre 7 et 10 cam\u00e9ras. France 3 r\u00e9gion a aussi des cars de captation, \u00e9quip\u00e9s en SD et pour jusqu\u2019\u00e0 5 cam\u00e9ras. Lorsque France 2 produit des \u00e9missions en 3D, les cars utilis\u00e9s sont fournis par des prestataires.<\/p>\n<p>Enfin, le groupe s\u2019appuie aussi sur de la sous-traitance pour les \u00e9missions qui sont produites par leurs animateurs comme Taratata, produite pas Air Productions, la soci\u00e9t\u00e9 de Nagui qui fait partie de Banijay, le groupe de St\u00e9phane Courbit. Elle est tourn\u00e9e dans les studios de la Plaine Saint Denis qui font partie de ce groupe. Il y a aussi \u201cChamps Elys\u00e9es\u201d de Michel Drucker qui est tourn\u00e9 tous les samedis au Pavillon Gabriel pr\u00e8s de la Concorde.<\/p>\n<p>Revenons donc aux studios du si\u00e8ge de France T\u00e9l\u00e9vision. Ils sont de taille variable, le plus grand plateau faisant 560 m2. Mais le plus petit de ces studios, 178 m2, semble tout de m\u00eame plus grand que le grand studio de M6 qui sert aux tournages de leurs 19:45, Capital et Zone Interdite. Deux \u00e0 trois plateaux sont d\u00e9di\u00e9s aux Journaux T\u00e9l\u00e9vis\u00e9s puisqu\u2019ils sont quotidiens et les autres plateaux sont \u00e0 g\u00e9om\u00e9trie et d\u00e9cors variables, pour plusieurs \u00e9missions chacun. Un soin particulier est mis dans la conception des d\u00e9cors. Ils int\u00e8grent \u00e0 la fois des \u00e9l\u00e9ments traditionnels et de l\u2019affichage num\u00e9rique avec de grands \u00e9crans plats ou \u00e0 LED, sans compter l\u2019\u00e9clairage qui joue un r\u00f4le tr\u00e8s important dans l\u2019habillage des d\u00e9cors. Seules les zones des studios d\u00e9di\u00e9es \u00e0 la m\u00e9t\u00e9o sont \u00e9quip\u00e9s de fonds verts chroma pour l\u2019incrustation d\u2019images. Les d\u00e9cors virtuels ne sont pas trop \u00e0 l\u2019ordre du jour. Par contre, la r\u00e9alit\u00e9 augment\u00e9e a fait son apparition dans les JT.<\/p>\n<p>Ces plateaux ont une particularit\u00e9 que j\u2019ai d\u00e9couverte et qui est standard dans la profession : pour obtenir une bonne isolation phonique de l\u2019ext\u00e9rieur, ils sont construits dans des sortes de caissons gigantesques qui sont mont\u00e9s sur isolant en caoutchouc. Un peu comme si ils \u00e9taient aux normes antisismiques, mais \u00e0 l\u2019int\u00e9rieur du b\u00e2timent. Les six plateaux qui sont enfil\u00e9s les uns apr\u00e8s les autres au si\u00e8ge de France T\u00e9l\u00e9vision sont dans leur propre caisson isol\u00e9 l\u2019un de l\u2019autre. L\u2019isolation permet d\u2019\u00e9viter la transmission de plusieurs nuisances sonores : les voitures dans la rue, le RER C qui ne passe pas loin et enfin, les bruits de chaufferie et de climatisation.<\/p>\n<ul>\n<li><strong><font color=\"#0000ff\">Plateau A<\/font> <\/strong>: France 2 &#8211; Journal T\u00e9l\u00e9vis\u00e9 de 20h et m\u00e9t\u00e9o, 290 m2 de surface utile, et \u00e0 partir de f\u00e9vrier 2012, pour d\u2019autres \u00e9missions. <\/li>\n<\/ul>\n<p>Premier studio visit\u00e9 de ce petit tour, il se distingue par sa grande table en plexiglass transparente pour le pr\u00e9sentateur (David Pujadas) et ses invit\u00e9s. Comme c\u2019est la tradition maintenant, le d\u00e9cor int\u00e8gre plusieurs grands \u00e9crans LED, qui ont remplac\u00e9 des images r\u00e9tro projet\u00e9es qui rendent moins bien en luminosit\u00e9 en vid\u00e9o.<\/p>\n<p><a href=\"https:\/\/www.oezratty.net\/wordpress\/wp-content\/WindowsLiveWriter\/Visite-de-France-Tlvision_6B8\/Studio-JT-20h-3.jpg\"><img loading=\"lazy\" decoding=\"async\" style=\"background-image: none; border-right-width: 0px; margin: 10px 0px 10px 10px; padding-left: 0px; padding-right: 0px; display: inline; border-top-width: 0px; border-bottom-width: 0px; border-left-width: 0px; padding-top: 0px\" title=\"Studio JT 20h (3)\" border=\"0\" alt=\"Studio JT 20h (3)\" src=\"https:\/\/www.oezratty.net\/wordpress\/wp-content\/WindowsLiveWriter\/Visite-de-France-Tlvision_6B8\/Studio-JT-20h-3_thumb.jpg\" width=\"496\" height=\"332\" \/><\/a><\/p>\n<p>Le pr\u00e9sentateur a sous le coude trois \u00e9crans dont un avec l\u2019image \u00e0 l\u2019antenne et le troisi\u00e8me avec le fil des d\u00e9p\u00eaches d\u2019agence. Il est aussi en relation avec la partie r\u00e9dactionnelle de la r\u00e9gie via son oreillette. Il utilise les micros sur la table mais des micros-cravates sont aussi utilisables. Ce n\u2019est pas comme dans les \u00e9v\u00e9nements o\u00f9 les ing\u00e9nieurs du son redoutent ces derniers qui captent moins bien la voix que les micros \u00e0 main et\/ou peuvent g\u00e9n\u00e9rer des larsen. Et pour cause, il n\u2019y a pas de retour son sur ce genre de studio.<\/p>\n<p><a href=\"https:\/\/www.oezratty.net\/wordpress\/wp-content\/WindowsLiveWriter\/Visite-de-France-Tlvision_6B8\/Studio-JT-20h-7.jpg\"><img loading=\"lazy\" decoding=\"async\" style=\"background-image: none; border-right-width: 0px; margin: 10px 0px 10px 10px; padding-left: 0px; padding-right: 0px; display: inline; border-top-width: 0px; border-bottom-width: 0px; border-left-width: 0px; padding-top: 0px\" title=\"Studio JT 20h (7)\" border=\"0\" alt=\"Studio JT 20h (7)\" src=\"https:\/\/www.oezratty.net\/wordpress\/wp-content\/WindowsLiveWriter\/Visite-de-France-Tlvision_6B8\/Studio-JT-20h-7_thumb.jpg\" width=\"497\" height=\"333\" \/><\/a><\/p>\n<p>Ce studio du JT de 20h comprend \u00e9galement une zone pour l\u2019intervention d\u2019un journaliste sp\u00e9cialis\u00e9 avec d\u00e9cor et \u00e9cran LED (<em>ci-dessous<\/em>). Il y a aussi une zone sur fond vert pour la pr\u00e9sentation de la m\u00e9t\u00e9o, qui intervient maintenant avant et apr\u00e8s le journal t\u00e9l\u00e9vis\u00e9.<\/p>\n<p><a href=\"https:\/\/www.oezratty.net\/wordpress\/wp-content\/WindowsLiveWriter\/Visite-de-France-Tlvision_6B8\/Studio-JT-20h-16.jpg\"><img loading=\"lazy\" decoding=\"async\" style=\"background-image: none; border-right-width: 0px; margin: 10px 0px 10px 10px; padding-left: 0px; padding-right: 0px; display: inline; border-top-width: 0px; border-bottom-width: 0px; border-left-width: 0px; padding-top: 0px\" title=\"Studio JT 20h (16)\" border=\"0\" alt=\"Studio JT 20h (16)\" src=\"https:\/\/www.oezratty.net\/wordpress\/wp-content\/WindowsLiveWriter\/Visite-de-France-Tlvision_6B8\/Studio-JT-20h-16_thumb.jpg\" width=\"499\" height=\"334\" \/><\/a><\/p>\n<p>Le plateau est l\u2019un des mieux \u00e9quip\u00e9s en supports de cam\u00e9ras avec une grue Novagrip, des cam\u00e9ras robotis\u00e9es pour la r\u00e9alit\u00e9 augment\u00e9e. Il comprend \u00e9galement un petit plateau avec un cyclo vert et une cam\u00e9ra robotis\u00e9e pour le tournage de la m\u00e9t\u00e9o.<\/p>\n<p>Ce plateau que j\u2019avais visit\u00e9 en novembre 2011 est en pleine reconversion puisqu\u2019il accueillera d\u2019autres \u00e9missions \u00e0 partir de f\u00e9vrier 2012. Le JT du 20h a \u00e9t\u00e9 d\u00e9plac\u00e9 dans le plateau Atrium du 13h que nous verrons plus loin.<\/p>\n<ul>\n<li><strong><font color=\"#0000ff\">Plateau D<\/font> <\/strong>: France 3 \u2013 Journal T\u00e9l\u00e9vis\u00e9 National, 275 m2 <\/li>\n<\/ul>\n<p>Le plateau d\u00e9di\u00e9 \u00e0 ce JT est plus sobre que les pr\u00e9c\u00e9dents et plus g\u00e9n\u00e9rique avec de grands \u00e9crans LED sur deux faces. Cela donne un d\u00e9cor plus polyvalent qui rappelle un peu celui du principal studio de M6. Ce d\u00e9cor a \u00e9t\u00e9 mis en place en septembre 2011. <\/p>\n<p><a href=\"https:\/\/www.oezratty.net\/wordpress\/wp-content\/WindowsLiveWriter\/Visite-de-France-Tlvision_6B8\/Studio-JT-France-3-3.jpg\"><img loading=\"lazy\" decoding=\"async\" style=\"background-image: none; border-right-width: 0px; margin: 10px 0px 10px 10px; padding-left: 0px; padding-right: 0px; display: inline; border-top-width: 0px; border-bottom-width: 0px; border-left-width: 0px; padding-top: 0px\" title=\"Studio JT France 3 (3)\" border=\"0\" alt=\"Studio JT France 3 (3)\" src=\"https:\/\/www.oezratty.net\/wordpress\/wp-content\/WindowsLiveWriter\/Visite-de-France-Tlvision_6B8\/Studio-JT-France-3-3_thumb.jpg\" width=\"497\" height=\"333\" \/><\/a><\/p>\n<p>Comme pour le JT de 20h, une zone est r\u00e9serv\u00e9e \u00e0 la pr\u00e9sentation de la m\u00e9t\u00e9o avec l\u2019habituel fond vert, mais sa cam\u00e9ra n\u2019est pas robotis\u00e9 comme pour le studio pr\u00e9c\u00e9dent. <\/p>\n<p><a href=\"https:\/\/www.oezratty.net\/wordpress\/wp-content\/WindowsLiveWriter\/Visite-de-France-Tlvision_6B8\/Studio-JT-France-3-2.jpg\"><img loading=\"lazy\" decoding=\"async\" style=\"background-image: none; border-right-width: 0px; margin: 10px 0px 10px 10px; padding-left: 0px; padding-right: 0px; display: inline; border-top-width: 0px; border-bottom-width: 0px; border-left-width: 0px; padding-top: 0px\" title=\"Studio JT France 3 (2)\" border=\"0\" alt=\"Studio JT France 3 (2)\" src=\"https:\/\/www.oezratty.net\/wordpress\/wp-content\/WindowsLiveWriter\/Visite-de-France-Tlvision_6B8\/Studio-JT-France-3-2_thumb.jpg\" width=\"500\" height=\"335\" \/><\/a><\/p>\n<ul>\n<li><strong><font color=\"#0000ff\">Plateau C<\/font><\/strong> : grand studio <\/li>\n<\/ul>\n<p>Ce plateau de 560 m2 utiles est le plus grand du si\u00e8ge de France T\u00e9l\u00e9vision. C\u2019est ici que sont tourn\u00e9es les grandes \u00e9missions de talk show, style \u201cDes paroles et des actes\u201d, \u201cMots crois\u00e9s\u201d, \u201cLa grande librairie\u201d, \u201cPi\u00e8ce \u00e0 conviction\u201d, \u201cStade 2\u201d ainsi que le T\u00e9l\u00e9thon ou les grandes soir\u00e9es \u00e9lectorales. Les d\u00e9cors changent \u00e9videmment d\u2019une \u00e9mission \u00e0 l\u2019autre. France T\u00e9l\u00e9vision tient \u00e0 mettre en place des d\u00e9cors r\u00e9els de qualit\u00e9. En g\u00e9n\u00e9ral, un d\u00e9cor TV fait toujours tr\u00e8s \u201ccarton-p\u00e2te\u201d et bien moins impressionnant qu\u2019\u00e0 la TV. Ici, c\u2019est beau et propre m\u00eame en vrai !<\/p>\n<p><a href=\"https:\/\/www.oezratty.net\/wordpress\/wp-content\/WindowsLiveWriter\/Visite-de-France-Tlvision_6B8\/Grand-Studio-Panorama-3.jpg\"><img loading=\"lazy\" decoding=\"async\" style=\"background-image: none; border-right-width: 0px; margin: 10px 0px 10px 10px; padding-left: 0px; padding-right: 0px; display: inline; border-top-width: 0px; border-bottom-width: 0px; border-left-width: 0px; padding-top: 0px\" title=\"Grand Studio Panorama 3\" border=\"0\" alt=\"Grand Studio Panorama 3\" src=\"https:\/\/www.oezratty.net\/wordpress\/wp-content\/WindowsLiveWriter\/Visite-de-France-Tlvision_6B8\/Grand-Studio-Panorama-3_thumb.jpg\" width=\"498\" height=\"234\" \/><\/a><\/p>\n<p><a href=\"https:\/\/www.oezratty.net\/wordpress\/wp-content\/WindowsLiveWriter\/Visite-de-France-Tlvision_6B8\/Grand-Studio-Panorama-2.jpg\"><img loading=\"lazy\" decoding=\"async\" style=\"background-image: none; border-right-width: 0px; margin: 10px 0px 10px 10px; padding-left: 0px; padding-right: 0px; display: inline; border-top-width: 0px; border-bottom-width: 0px; border-left-width: 0px; padding-top: 0px\" title=\"Grand Studio Panorama 2\" border=\"0\" alt=\"Grand Studio Panorama 2\" src=\"https:\/\/www.oezratty.net\/wordpress\/wp-content\/WindowsLiveWriter\/Visite-de-France-Tlvision_6B8\/Grand-Studio-Panorama-2_thumb.jpg\" width=\"497\" height=\"341\" \/><\/a><\/p>\n<p>Le plus impressionnant dans ce studio est de rencontrer ces personnes en enfilade dans la position de joueurs sur syst\u00e8mes de simulation de conduite comme on en voit au CES ou \u00e0 l\u2019E3. Que nenni, ce sont les op\u00e9rateurs des cam\u00e9ras robotis\u00e9es sur rail ou pas du studio ! Sachant qu\u2019ici nous sommes en pleine r\u00e9p\u00e9tition. Ces op\u00e9rateurs contr\u00f4lent leur cam\u00e9ra avec des manettes, un peu comme des pilotes d\u2019Airbus. Ils sont en contact avec le r\u00e9alisateur dans la r\u00e9gie avec leur casque audio. La grue qui est encore plus imposante que celle du Plateau A est une <strong>Pegasus<\/strong>.<\/p>\n<p><a href=\"https:\/\/www.oezratty.net\/wordpress\/wp-content\/WindowsLiveWriter\/Visite-de-France-Tlvision_6B8\/Grand-Studio-5.jpg\"><img loading=\"lazy\" decoding=\"async\" style=\"background-image: none; border-right-width: 0px; margin: 10px 0px 10px 10px; padding-left: 0px; padding-right: 0px; display: inline; border-top-width: 0px; border-bottom-width: 0px; border-left-width: 0px; padding-top: 0px\" title=\"Grand Studio (5)\" border=\"0\" alt=\"Grand Studio (5)\" src=\"https:\/\/www.oezratty.net\/wordpress\/wp-content\/WindowsLiveWriter\/Visite-de-France-Tlvision_6B8\/Grand-Studio-5_thumb.jpg\" width=\"499\" height=\"334\" \/><\/a><\/p>\n<p>C\u2019est dans ce studio qu\u2019a \u00e9t\u00e9 mis en pratique un trucage qui m\u2019avait intrigu\u00e9 en 2010 o\u00f9 l\u2019on voyait le public en noir et blanc derri\u00e8re les intervenants. Il ne s\u2019agissait pas d\u2019une image projet\u00e9e sur un \u00e9cran derri\u00e8re les intervenants, le public \u00e9tant ailleurs dans le studio. En fait, le truc utilis\u00e9 ne fait m\u00eame pas appel \u00e0 des techniques apparues avec la vid\u00e9o num\u00e9rique ! Le public est \u00e9clair\u00e9 avec des projecteurs de lumi\u00e8re verte. Le public apparait donc en vert dans l\u2019image de la cam\u00e9ra qui les filme avec les intervenants qui sont eux \u00e9clair\u00e9s normalement en lumi\u00e8re blanche. Un filtre \u201cchroma\u201d est alors appliqu\u00e9 pour remplacer la partie verte de l\u2019image par son \u00e9quivalent partiellement d\u00e9satur\u00e9 (passage en noir et blanc). C\u2019est le m\u00eame principe que l\u2019incrustation d\u2019image m\u00e9t\u00e9o sur un studio \u00e0 fond vert. Tout simple ! Ce proc\u00e9d\u00e9 est actuellement utilis\u00e9 dans l\u2019\u00e9mission \u201cAvant-Premi\u00e8re\u201d de France 2 (<em>ci-dessous<\/em>).<\/p>\n<p><a href=\"https:\/\/www.oezratty.net\/wordpress\/wp-content\/WindowsLiveWriter\/Visite-de-France-Tlvision_6B8\/Avant-Premiere-France-2-Avec-Public-en-Noir-et-Blanc.jpg\"><img loading=\"lazy\" decoding=\"async\" style=\"background-image: none; border-right-width: 0px; margin: 10px 0px 10px 10px; padding-left: 0px; padding-right: 0px; display: inline; border-top-width: 0px; border-bottom-width: 0px; border-left-width: 0px; padding-top: 0px\" title=\"Avant Premiere France 2 Avec Public en Noir et Blanc\" border=\"0\" alt=\"Avant Premiere France 2 Avec Public en Noir et Blanc\" src=\"https:\/\/www.oezratty.net\/wordpress\/wp-content\/WindowsLiveWriter\/Visite-de-France-Tlvision_6B8\/Avant-Premiere-France-2-Avec-Public-en-Noir-et-Blanc_thumb.jpg\" width=\"500\" height=\"279\" \/><\/a><\/p>\n<ul>\n<li><strong><font color=\"#0000ff\">Plateau E<\/font><\/strong> : \u201cdes Chiffres et des Lettres\u201d , 300 m2 <\/li>\n<\/ul>\n<p>Rien de tr\u00e8s particulier dans ce studio de stakhanovistes de la TV de papa, n\u00e9anmoins revisit\u00e9s \u00e0 l\u2019aune de l\u2019\u00e9criture moderne en t\u00e9l\u00e9vision, o\u00f9 cinq \u00e9missions des \u201cChiffres et des Lettres\u201d sont enregistr\u00e9es en une journ\u00e9e. Le tout un mois en une semaine, avec une population constitu\u00e9e majoritairement de s\u00e9niors dans le public. Le d\u00e9cor combine LED et \u00e9clairage en plafond, ce qui donne un bon effet sc\u00e9nique.<\/p>\n<p><a href=\"https:\/\/www.oezratty.net\/wordpress\/wp-content\/WindowsLiveWriter\/Visite-de-France-Tlvision_6B8\/Studio-Des-Chiffres-et-des-Lettres-1.jpg\"><img loading=\"lazy\" decoding=\"async\" style=\"background-image: none; border-right-width: 0px; margin: 10px 0px 10px 10px; padding-left: 0px; padding-right: 0px; display: inline; border-top-width: 0px; border-bottom-width: 0px; border-left-width: 0px; padding-top: 0px\" title=\"Studio Des Chiffres et des Lettres (1)\" border=\"0\" alt=\"Studio Des Chiffres et des Lettres (1)\" src=\"https:\/\/www.oezratty.net\/wordpress\/wp-content\/WindowsLiveWriter\/Visite-de-France-Tlvision_6B8\/Studio-Des-Chiffres-et-des-Lettres-1_thumb.jpg\" width=\"499\" height=\"334\" \/><\/a><\/p>\n<ul>\n<li><strong><font color=\"#0000ff\">Plateaux B<\/font> <\/strong>: r\u00e9serv\u00e9 \u00e0 T\u00e9l\u00e9matin, C\u2019est au programme ainsi qu\u2019aux \u00e9missions religieuses, 280 m2 <\/li>\n<\/ul>\n<p>Il s\u2019agit d\u2019un studio de taille interm\u00e9diaire et dont le d\u00e9cor est fr\u00e9quemment chang\u00e9 selon les \u00e9missions. Il est dot\u00e9 d\u2019un rail circulaire de travelling.<\/p>\n<p><a href=\"https:\/\/www.oezratty.net\/wordpress\/wp-content\/WindowsLiveWriter\/Visite-de-France-Tlvision_6B8\/Studio-Tl-Matin-2.jpg\"><img loading=\"lazy\" decoding=\"async\" style=\"background-image: none; border-right-width: 0px; margin: 10px 0px 10px 10px; padding-left: 0px; padding-right: 0px; display: inline; border-top-width: 0px; border-bottom-width: 0px; border-left-width: 0px; padding-top: 0px\" title=\"Studio T\u00e9l\u00e9 Matin (2)\" border=\"0\" alt=\"Studio T\u00e9l\u00e9 Matin (2)\" src=\"https:\/\/www.oezratty.net\/wordpress\/wp-content\/WindowsLiveWriter\/Visite-de-France-Tlvision_6B8\/Studio-Tl-Matin-2_thumb.jpg\" width=\"501\" height=\"335\" \/><\/a><\/p>\n<ul>\n<li><strong><font color=\"#0000ff\">Plateaux F<\/font> <\/strong>: pour de petites \u00e9missions, de 178 m2, et pas vu dans ma visite. <\/li>\n<li><strong><font color=\"#0000ff\">Plateau Atrium<\/font> <\/strong>&#8211; Journal T\u00e9l\u00e9vis\u00e9 de 13h de France 2 et aussi du 20h depuis fin janvier 2012 <\/li>\n<\/ul>\n<p>Ce studio est situ\u00e9 pr\u00e8s d\u2019une baie vitr\u00e9e qui donne sur la Seine. Il est situ\u00e9 juste en dessous de la grande affiche verte que l\u2019on voit sur la fa\u00e7ade de si\u00e8ge de France T\u00e9l\u00e9visions dans la seconde photo de cet article. Cela donne une combinaison d\u2019\u00e9clairage \u201clumi\u00e8re du jour naturelle\u201d et d\u2019\u00e9clairage de studio. Ce, d\u2019autant plus que la pr\u00e9sentatrice du 13h \u2013 Elise Lucet &#8211; re\u00e7oit des invit\u00e9s pr\u00e8s des fen\u00eatres en fin de JT. <\/p>\n<p><a href=\"https:\/\/www.oezratty.net\/wordpress\/wp-content\/WindowsLiveWriter\/Visite-de-France-Tlvision_6B8\/Studio-JT-13h-2.jpg\"><img loading=\"lazy\" decoding=\"async\" style=\"background-image: none; border-right-width: 0px; margin: 10px 0px 10px 10px; padding-left: 0px; padding-right: 0px; display: inline; border-top-width: 0px; border-bottom-width: 0px; border-left-width: 0px; padding-top: 0px\" title=\"Studio JT 13h (2)\" border=\"0\" alt=\"Studio JT 13h (2)\" src=\"https:\/\/www.oezratty.net\/wordpress\/wp-content\/WindowsLiveWriter\/Visite-de-France-Tlvision_6B8\/Studio-JT-13h-2_thumb.jpg\" width=\"498\" height=\"333\" \/><\/a><\/p>\n<p>Dans l\u2019ensemble, ce dispositif est plus l\u00e9ger que celui du plateau A o\u00f9 \u00e9tait tourn\u00e9 le 20h de David Pujadas jusqu\u2019\u00e0 fin janvier 2012. On voit ci-dessous l\u2019\u00e9clairage au dessus du plateau sur un \u00e9chafaudage en cercle. A noter que France T\u00e9l\u00e9vision n\u2019utilise pas encore de lumi\u00e8re dite \u201cfroide\u201d, \u00e0 base de LED, pour son \u00e9clairage, contrairement \u00e0 ce que j\u2019avais pu voir chez M6. Cet \u00e9clairage pr\u00e9sente l\u2019avantage de consommer moins d\u2019\u00e9nergie et de chauffer moins le studio, d\u2019o\u00f9 des \u00e9conomies d\u2019\u00e9nergie en retour sur la climatisation, surtout l\u2019\u00e9t\u00e9. Par contre, la temp\u00e9rature de couleur est plus\u2026 froide (vers le bleu). Mais l\u2019\u00e9clairage est tout de m\u00eame majoritairement \u00e0 base de n\u00e9ons fluorescents, notamment de la marque fran\u00e7aise <strong>Balcar<\/strong> (qui vient malheureusement de d\u00e9poser son bilan). Ils consomment et chauffent bien moins que l\u2019\u00e9clairage au tungst\u00e8ne. <\/p>\n<p>Le petit plateau pr\u00e8s de la fen\u00eatre utilis\u00e9 pour la fin du 13h par Elise Lucet est quant \u00e0 lui \u00e9clair\u00e9 en tungst\u00e8ne pour donner un peu de chaleur \u00e0 l\u2019ensemble. France T\u00e9l\u00e9visions va passer progressivement \u00e0 l\u2019\u00e9clairage LED en rempla\u00e7ant progressivement ces \u201cplans de feu\u201d tungst\u00e8ne et \u00e0 tubes fluorescents \u00e0 partir de d\u00e9but 2012. La marque am\u00e9ricaine <strong>NILA.TV <\/strong>a \u00e9t\u00e9 retenue pour cette migration qui va s\u2019\u00e9taler sur trois ans.<\/p>\n<p><a href=\"https:\/\/www.oezratty.net\/wordpress\/wp-content\/WindowsLiveWriter\/Visite-de-France-Tlvision_6B8\/Studio-JT-13j.jpg\"><img loading=\"lazy\" decoding=\"async\" style=\"background-image: none; border-right-width: 0px; margin: 10px 0px 10px 10px; padding-left: 0px; padding-right: 0px; display: inline; border-top-width: 0px; border-bottom-width: 0px; border-left-width: 0px; padding-top: 0px\" title=\"Studio JT 13j\" border=\"0\" alt=\"Studio JT 13j\" src=\"https:\/\/www.oezratty.net\/wordpress\/wp-content\/WindowsLiveWriter\/Visite-de-France-Tlvision_6B8\/Studio-JT-13j_thumb.jpg\" width=\"499\" height=\"264\" \/><\/a><\/p>\n<p>Voil\u00e0 pour ce tour des plateaux qui servent \u00e0 cr\u00e9er les programmes de France T\u00e9l\u00e9visions. Il est incomplet puisqu\u2019il manque les infrastructures de France 3 en r\u00e9gion et de France 5 qui sont \u00e0 priori plus l\u00e9g\u00e8res. Dans chacune des 24 antennes r\u00e9gionales se trouvent deux plateaux de tournage.<\/p>\n<p>Dans l\u2019<a href=\"https:\/\/www.oezratty.net\/wordpress\/2012\/les-infrastructures-de-france-televisions-regies\/\">article suivant<\/a>, nous \u00e9voquerons le traitement amont et aval des contenus. Leur r\u00e9ception satellite et autres, le montage, les r\u00e9gies de studio et la r\u00e9gie finale.<\/p>\n<p>Mes photos de la visite sont sur <a href=\"https:\/\/www.oezratty.net\/wordpress\/photos\/?g=2011&#038;a=France%20T%C3%A9l%C3%A9vision%20Nov2011\">ce portfolio<\/a> dans les galeries de ce blog.<\/p>\n<p>J\u2019en profite pour remercier <strong>Fran\u00e7ois-Xavier Georget <\/strong>de la Direction des op\u00e9rations de France T\u00e9l\u00e9vision qui m\u2019a permis de faire tout ce parcours au si\u00e8ge de France T\u00e9l\u00e9visions. Ainsi que <strong>Eric Scherer <\/strong>et <strong>Bernard Fontaine<\/strong>, de la Direction de la Prospective, qui m\u2019ont aid\u00e9 \u00e0 trouver les bons contacts dans cette grande maison.<\/p>\n","protected":false},"excerpt":{"rendered":"<p>J\u2019avais visit\u00e9 les infrastructures techniques du groupe M6 dans leur si\u00e8ge de Neuilly-sur-Seine en mars 2011 (cf le compte-rendu en trois parties qui commence ici). Mais je m\u2019\u00e9tais bien d\u00e9cid\u00e9 de ne pas m\u2019en tenir l\u00e0 et de poursuivre la d\u00e9marche avec les autres grands acteurs de ce domaine. C\u2019est donc chose faite avec une [&hellip;]<\/p>\n","protected":false},"author":1,"featured_media":0,"comment_status":"open","ping_status":"open","sticky":false,"template":"","format":"standard","meta":{"footnotes":""},"categories":[35],"tags":[1375,1376,1372,1373,1371,1160,824,1377,1379,62,1374,1378],"class_list":["post-6477","post","type-post","status-publish","format-standard","hentry","category-video","tag-angenieux","tag-ccu","tag-france-2","tag-france-3","tag-france-televisions","tag-fujinon","tag-m6","tag-novagrip","tag-patrick-pujadas","tag-sony","tag-studio","tag-trimaran"],"views":79163,"_links":{"self":[{"href":"https:\/\/www.oezratty.net\/wordpress\/wp-json\/wp\/v2\/posts\/6477","targetHints":{"allow":["GET"]}}],"collection":[{"href":"https:\/\/www.oezratty.net\/wordpress\/wp-json\/wp\/v2\/posts"}],"about":[{"href":"https:\/\/www.oezratty.net\/wordpress\/wp-json\/wp\/v2\/types\/post"}],"author":[{"embeddable":true,"href":"https:\/\/www.oezratty.net\/wordpress\/wp-json\/wp\/v2\/users\/1"}],"replies":[{"embeddable":true,"href":"https:\/\/www.oezratty.net\/wordpress\/wp-json\/wp\/v2\/comments?post=6477"}],"version-history":[{"count":0,"href":"https:\/\/www.oezratty.net\/wordpress\/wp-json\/wp\/v2\/posts\/6477\/revisions"}],"wp:attachment":[{"href":"https:\/\/www.oezratty.net\/wordpress\/wp-json\/wp\/v2\/media?parent=6477"}],"wp:term":[{"taxonomy":"category","embeddable":true,"href":"https:\/\/www.oezratty.net\/wordpress\/wp-json\/wp\/v2\/categories?post=6477"},{"taxonomy":"post_tag","embeddable":true,"href":"https:\/\/www.oezratty.net\/wordpress\/wp-json\/wp\/v2\/tags?post=6477"}],"curies":[{"name":"wp","href":"https:\/\/api.w.org\/{rel}","templated":true}]}}