{"id":5081,"date":"2011-02-04T20:04:42","date_gmt":"2011-02-04T18:04:42","guid":{"rendered":"http:\/\/www.oezratty.net\/wordpress\/?p=5081"},"modified":"2014-11-12T11:43:47","modified_gmt":"2014-11-12T09:43:47","slug":"lecons-collectives-echec-entrepreneurial","status":"publish","type":"post","link":"https:\/\/www.oezratty.net\/wordpress\/2011\/lecons-collectives-echec-entrepreneurial\/","title":{"rendered":"Les le\u00e7ons collectives de l&#8217;\u00e9chec entrepreneurial"},"content":{"rendered":"<p>J\u2019ai bien appr\u00e9ci\u00e9 cette \u201cversion 0\u201d de la <strong>Fail Conference<\/strong> organis\u00e9e par Kahn&#038;Associ\u00e9s, TechCrunch France et Silicon Sentier, et anim\u00e9e conjointement par Blaise Vignon (Microsoft France), Julien Codorniou (Microsoft\u2026 et bient\u00f4t Facebook) et Roxanne Varza (TechCrunch France). C\u2019\u00e9tait une premi\u00e8re du genre, sugg\u00e9r\u00e9e par Loic Lemeur lors de <a href=\"http:\/\/fr.techcrunch.com\/2010\/12\/15\/tcfremix-les-videos-des-interventions-plenieres-comscore-seesmic-overblog-spartoo\/\">son intervention<\/a> le 16 novembre 2010 dans le TechCrunch Remix de Paris. La conf\u00e9rence avait lieu dans la salle de conf\u00e9rence du si\u00e8ge de Microsoft France \u00e0 Issy les Moulineaux. Voici les pointeurs sur <a href=\"http:\/\/www.bizspark.fr\/post\/2011\/02\/03\/Fail-Conference-le-webcast-est-en-ligne.aspx\">la vid\u00e9o de la conf\u00e9rence<\/a> en un seul morceau, sur le <a href=\"http:\/\/twitter.com\/#!\/search\/%23failcon\">flux Twitter<\/a> associ\u00e9 ainsi que sur mes photos de l\u2019\u00e9v\u00e9nement sur <a href=\"https:\/\/www.oezratty.net\/wordpress\/photos\/?g=2011&#038;a=FailCon%20Paris%20Feb2011\">mon site photo<\/a>.<\/p>\n<p><a href=\"https:\/\/www.oezratty.net\/wordpress\/wp-content\/WindowsLiveWriter\/Les-leons-collectives-de-lchec-entrepren_760B\/Panorama-Salle-de-Confrence-1.jpg\"><img loading=\"lazy\" decoding=\"async\" style=\"background-image: none; border-bottom: 0px; border-left: 0px; margin: 10px 0px 10px 10px; padding-left: 0px; padding-right: 0px; display: inline; border-top: 0px; border-right: 0px; padding-top: 0px\" title=\"Panorama Salle de Conf\u00e9rence 1\" border=\"0\" alt=\"Panorama Salle de Conf\u00e9rence 1\" src=\"https:\/\/www.oezratty.net\/wordpress\/wp-content\/WindowsLiveWriter\/Les-leons-collectives-de-lchec-entrepren_760B\/Panorama-Salle-de-Confrence-1_thumb.jpg\" width=\"417\" height=\"321\" \/><\/a><\/p>\n<p><strong>Positiver et relativiser l\u2019\u00e9chec<\/strong><\/p>\n<p>Cette premi\u00e8re \u00e9dition \u00e9tait une sorte de mise en bouche : faire comprendre l\u2019int\u00e9r\u00eat de positiver l\u2019\u00e9chec, de savoir le valoriser par l\u2019apprentissage, et de sortir des tabous fran\u00e7ais qui le concernent. C\u2019\u00e9tait une sorte d\u2019\u00e9tape initiatique \u00e0 forte charge \u00e9motionnelle. Le propos des intervenants \u00e9tait relativement simple \u00e0 appr\u00e9hender : l\u2019\u00e9chec et la r\u00e9ussite sont les deux facettes incontournables de l\u2019entreprenariat. Ce n\u2019est d\u2019ailleurs pas une notion binaire. Il y a toute une gradation entre les deux. Quel que soit le dosage, l\u2019\u00e9chec est in\u00e9luctable lors de toute prise de risque. On ne fait pas de recherche ni d\u2019innovation sans \u00e9chec. La \u201ctr\u00e8s grande\u201d r\u00e9ussite est d\u2019ailleurs plut\u00f4t une exception.<a href=\"https:\/\/www.oezratty.net\/wordpress\/wp-content\/WindowsLiveWriter\/Les-leons-collectives-de-lchec-entrepren_760B\/Hero_1000_faces_book_2008.jpg\"><img loading=\"lazy\" decoding=\"async\" style=\"background-image: none; border-bottom: 0px; border-left: 0px; margin: 10px 0px 10px 17px; padding-left: 0px; padding-right: 0px; display: inline; float: right; border-top: 0px; border-right: 0px; padding-top: 0px\" title=\"Hero_1000_faces_book_2008\" border=\"0\" alt=\"Hero_1000_faces_book_2008\" align=\"right\" src=\"https:\/\/www.oezratty.net\/wordpress\/wp-content\/WindowsLiveWriter\/Les-leons-collectives-de-lchec-entrepren_760B\/Hero_1000_faces_book_2008_thumb.jpg\" width=\"154\" height=\"244\" \/><\/a> Et ce n\u2019est pas parce que les entrepreneurs fran\u00e7ais sont peu en mesure de cr\u00e9er des succ\u00e8s \u00e0 la Google ou Twitter que leurs aventures rel\u00e8vent de l\u2019\u00e9chec !<\/p>\n<p>On peut aussi s&#8217;identifier \u00e0 l\u2019entrepreneur-h\u00e9ros qui doit suivre un chemin initiatique fait d\u2019embuches et autres near-death-experiences, reprenant les mythes ancestraux de l\u2019aventurier ou du quidam qui se retrouve dans des situations extraordinaires. L\u2019apprentissage de l\u2019entrepreneur ressemble quelque peu \u00e0 celui du h\u00e9ros tel que d\u00e9peint par Joseph Campbell dans son fameux opus \u201c<a href=\"http:\/\/en.wikipedia.org\/wiki\/The_Hero_with_a_Thousand_Faces\">The Hero with a Thousand Faces<\/a>\u201d (\u201cLe h\u00e9ros aux mille et un visages\u201d, datant de 1949). Une lecture qui a servi de mod\u00e8le au cin\u00e9ma, notamment dans la s\u00e9rie des Star Wars, et que l\u2019on retrouve dans quasiment tous les films hollywoodiens, notamment les blockbusters. On pourrait presque croire que ce parcours initiatique du h\u00e9ros fait de hauts et de bas est embl\u00e9matique pour les entrepreneurs fran\u00e7ais. Ceux-ci ont en effet quelques haies de plus \u00e0 sauter pour r\u00e9ussir !<\/p>\n<p>Enfin, l\u2019\u00e9chec se manifeste surtout par la perception abstraite que chacun a du regard des autres sur ses propres actions. Il est \u00e9troitement li\u00e9 \u00e0 la culture ambiante. Pourquoi l\u2019\u00e9chec est-il mal tol\u00e9r\u00e9 culturellement en France ? Notre \u00e9ducation y est certainement pour beaucoup avec cette habitude du renforcement n\u00e9gatif que l&#8217;on retrouve aussi dans maintes pratiques manag\u00e9riales. Qui n\u2019a pas eu cette appr\u00e9ciation du \u201c<em>peut mieux faire<\/em>\u201d dans sa scolarit\u00e9 ? Sans compter les notes allant de 0 \u00e0 20, avec parfois des demi-points !<\/p>\n<p><strong>Les interventions<\/strong><\/p>\n<p>Cette Fail Conference \u00e9tait construite avec des t\u00e9moignages individuels : un entrepreneur, un avocat, un investisseur, le tout suivi d\u2019une table ronde avec deux entrepreneurs et deux investisseurs ou coachs d\u2019entrepreneurs. Ces regards crois\u00e9s sur l\u2019\u00e9chec entrepreneurial \u00e9taient tr\u00e8s compl\u00e9mentaires les uns des autres. Les volontaires n\u2019avaient pas \u00e9t\u00e9 nombreux pour intervenir de la sorte. <\/p>\n<p>Passons les <strong>tous<\/strong> en revue :<\/p>\n<ul>\n<li><strong>Gilles Babinet<\/strong>, qui du haut de ses quatre soci\u00e9t\u00e9s mont\u00e9es avait un bon retour d\u2019exp\u00e9rience \u00e0 transmettre. Il a surtout positionn\u00e9 son discours sur la posture \u00e0 adopter face \u00e0 l\u2019\u00e9chec. Il traitait du lien organique entre l\u2019\u00e9chec et la r\u00e9ussite, sur le fait que l\u2019\u00e9chec et le succ\u00e8s sont les revers d\u2019une m\u00eame m\u00e9daille. Il illustrait son propos avec des exemples de personnages de l\u2019histoire ont commenc\u00e9 voire termin\u00e9 comme des losers (J\u00e9sus Christ, Einstein, \u2026), peut-\u00eatre d\u2019ailleurs en confondant des positions ingrates dans la soci\u00e9t\u00e9 par rapport \u00e0 la suite de leur vie (comme le m\u00e9tier de gestionnaire de brevets d\u2019Albert Einstein \u00e0 ses d\u00e9buts) avec la notion d\u2019\u00e9chec. Et de courageusement montrer que son parcours scolaire n\u2019\u00e9tait ni brillant ni prometteur. C\u2019\u00e9tait l\u2019intervention la plus \u201c\u00e9motionnelle\u201d de la conf\u00e9rence, et par cons\u00e9quent, la plus appr\u00e9ci\u00e9e. Vous en trouverez un compte-rendu d\u00e9taill\u00e9 sur <a href=\"http:\/\/fr.locita.com\/actualite\/limportance-de-lechec-dans-la-vie-de-lentrepreneur-par-gilles-babinet-a-la-failconf\/\">Locita.com<\/a>, ainsi que ses <a href=\"http:\/\/www.slideshare.net\/gillesbabinet\/gilles-babinet-failcon-paris-fev-2011\">slides<\/a>. <\/li>\n<\/ul>\n<p><a href=\"https:\/\/www.oezratty.net\/wordpress\/wp-content\/WindowsLiveWriter\/Les-leons-collectives-de-lchec-entrepren_760B\/Gilles-Babinet-Feb2011-12.jpg\"><img loading=\"lazy\" decoding=\"async\" style=\"background-image: none; border-bottom: 0px; border-left: 0px; margin: 10px 0px 10px 10px; padding-left: 0px; padding-right: 0px; display: inline; border-top: 0px; border-right: 0px; padding-top: 0px\" title=\"Gilles Babinet Feb2011 (12)\" border=\"0\" alt=\"Gilles Babinet Feb2011 (12)\" src=\"https:\/\/www.oezratty.net\/wordpress\/wp-content\/WindowsLiveWriter\/Les-leons-collectives-de-lchec-entrepren_760B\/Gilles-Babinet-Feb2011-12_thumb.jpg\" width=\"400\" height=\"268\" \/><\/a><\/p>\n<ul>\n<li><strong>Daniel Kahn <\/strong>est un avocat bien connu de l\u2019\u00e9cosyst\u00e8me de l\u2019innovation et des startups. Il listait un grand nombre des erreurs classiques d\u2019entrepreneurs et les mani\u00e8res de les \u00e9viter. L\u2019approche \u00e9tait \u201cprudentielle\u201d, au sens de celle de l\u2019agent d\u2019assurance qui vous explique comment r\u00e9sister aux al\u00e9as (bien s\u2019entourer), comment \u00e9viter que l\u2019\u00e9chec deviennent trop handicapant, comment g\u00e9rer sa (bonne) r\u00e9putation d\u2019entrepreneur m\u00eame quand \u00e7a va mal,&#160; comment on ferme une startup proprement, notamment vis \u00e0 vis de ses cr\u00e9anciers. C\u2019\u00e9tait la plus \u201cpratique\u201d des interventions. <\/li>\n<\/ul>\n<p><a href=\"https:\/\/www.oezratty.net\/wordpress\/wp-content\/WindowsLiveWriter\/Les-leons-collectives-de-lchec-entrepren_760B\/Daniel-Kahn-Feb2011-1.jpg\"><img loading=\"lazy\" decoding=\"async\" style=\"background-image: none; border-bottom: 0px; border-left: 0px; margin: 10px 0px 10px 10px; padding-left: 0px; padding-right: 0px; display: inline; border-top: 0px; border-right: 0px; padding-top: 0px\" title=\"Daniel Kahn Feb2011 (1)\" border=\"0\" alt=\"Daniel Kahn Feb2011 (1)\" src=\"https:\/\/www.oezratty.net\/wordpress\/wp-content\/WindowsLiveWriter\/Les-leons-collectives-de-lchec-entrepren_760B\/Daniel-Kahn-Feb2011-1_thumb.jpg\" width=\"397\" height=\"266\" \/><\/a><\/p>\n<ul>\n<li><strong>Michel Dahan<\/strong>, de Banexi Venture (\u00e0 qui l\u2019on doit Kelkoo et Kewego), un Tr\u00e8s Grand Monsieur du capital risque en France, rappelait que les VC aussi faisaient r\u00e9guli\u00e8rement face \u00e0 l\u2019\u00e9chec et continuaient \u00e0 faire des paris parfois un peu fous. Enfin\u2026 certains VCs ! Il a racont\u00e9 un peu comment s\u2019est pass\u00e9 l\u2019aventure r\u00e9cente de Kewego (g\u00e9r\u00e9e par son associ\u00e9 Philippe Herbert), vendu \u00e0 la soci\u00e9t\u00e9 am\u00e9ricaine <a href=\"http:\/\/ir.kitd.com\/phoenix.zhtml?c=144912&amp;p=RssLanding&amp;cat=news&amp;id=1521622\">KIT Digital<\/a> c\u00f4t\u00e9 au Nasdaq. M\u00eame si c\u2019\u00e9tait Julien Codorniou qui le questionnait sur sc\u00e8ne, j\u2019avais l\u2019impression qu\u2019il r\u00e9pondait \u00e0 <a href=\"http:\/\/blog.rodrigosepulveda.com\/2011\/01\/thoughts-on-the-kitdkewego-and-orangedailymotion-deals.html\">cet article<\/a> de Rodrigo Sepulveda sur les conditions financi\u00e8res de cette sortie, qu\u2019il jugeait moyennes, tout comme celles de DailyMotion avec Orange. Il y avait deux possibilit\u00e9s pour Kewego : soit acqu\u00e9rir d\u2019autres soci\u00e9t\u00e9s pour continuer \u00e0 grandir, soit se faire acqu\u00e9rir. L\u2019investisseur et les entrepreneurs (Michel Meyer et Olivier Heckmann) ont finalement choisi la seconde solution en d\u00e9portant une partie du risque vers le futur. En effet, deux tiers de leur vente sont pay\u00e9es en actions de KIT Digital ! Cette sortie n\u2019est donc pas un \u00e9chec en soi (la valo upfront \u00e9tant moyenne au regard des investissements dans l\u2019entreprise) mais une prolongation de la prise de risque financi\u00e8re.<\/li>\n<\/ul>\n<p><a href=\"https:\/\/www.oezratty.net\/wordpress\/wp-content\/WindowsLiveWriter\/Les-leons-collectives-de-lchec-entrepren_760B\/Michel-Dahan-Feb2011-11.jpg\"><img loading=\"lazy\" decoding=\"async\" style=\"background-image: none; border-bottom: 0px; border-left: 0px; margin: 10px 0px 10px 10px; padding-left: 0px; padding-right: 0px; display: inline; border-top: 0px; border-right: 0px; padding-top: 0px\" title=\"Michel Dahan Feb2011 (11)\" border=\"0\" alt=\"Michel Dahan Feb2011 (11)\" src=\"https:\/\/www.oezratty.net\/wordpress\/wp-content\/WindowsLiveWriter\/Les-leons-collectives-de-lchec-entrepren_760B\/Michel-Dahan-Feb2011-11_thumb.jpg\" width=\"400\" height=\"268\" \/><\/a><\/p>\n<ul>\n<li><strong>Laurent Kott <\/strong>(INRIA IT Translation, une nouvelle structure qui accompagne et finance les cr\u00e9ations d\u2019entreprises issues de chercheurs de l\u2019INRIA ou travaillant autour de l\u2019INRIA) faisait un int\u00e9ressant parall\u00e8le entre l\u2019entrepreneur et le chercheur, ce dernier \u00e9tant souvent d\u00e9peint comme un simple fonctionnaire rousp\u00e9teur. Alors que le chercheur s\u2019expose souvent, dans un milieu tr\u00e8s comp\u00e9titif et s\u00e9lectif, notamment dans la comp\u00e9tition pour faire publier ses travaux dans les revues scientifiques. Avec un \u00e9go qui peut aussi \u00eatre atteint lorsque la publication n\u2019a pas lieu. L\u2019\u00e9chec est finalement mal v\u00e9cu au travers du regard des autres ou de la perception que l\u2019on a du regard des autres. Pour Laurent, il n\u2019y a pas d\u2019\u00e9chec ni de r\u00e9ussite absolue. Tout d\u00e9pend du point de vue, du recul et du moment o\u00f9 l\u2019on \u00e9value les choses. Apr\u00e8s avoir \u00e9chou\u00e9 \u00e0 influer le cours des \u00e9v\u00e9nements de telle ou telle entreprise, Laurent faisait remarquer que la force de conviction face aux entrepreneurs d\u00e9pendait de la capacit\u00e9 \u00e0 apporter de l\u2019argent ! Pour lui, l\u2019\u00e9cosyst\u00e8me de l\u2019innovation gagne en maturit\u00e9 : l\u2019exp\u00e9rience s\u2019accumule et se transmet pour \u00e9viter les pi\u00e8ges, mais toutes les histoires sont uniques. Au passage, il citait l\u2019excellent Herv\u00e9 Lebret (auteur de \u201c<a href=\"http:\/\/www.startup-book.com\/\">Start-up<\/a>\u201d et qui contribue de temps en temps sur ce blog sous forme de <a href=\"https:\/\/www.oezratty.net\/wordpress\/commentaires\/?c=34842\">commentaires<\/a>) et son \u00e9tude montrant que les r\u00e9ussites intervenaient souvent lors de la seconde cr\u00e9ation d\u2019entreprise des entrepreneurs. Mais que la situation se d\u00e9gradait ensuite. Le signe d\u2019un d\u00e9passement de date de p\u00e9remption pour Gilles Babinet ? L\u2019\u00e9chec est en tout cas bien le germe indispensable de la r\u00e9ussite ! Tout du moins\u2026 statistiquement parlant.<\/li>\n<\/ul>\n<p><a href=\"https:\/\/www.oezratty.net\/wordpress\/wp-content\/WindowsLiveWriter\/Les-leons-collectives-de-lchec-entrepren_760B\/Laurent-Kott-Feb2011-10.jpg\"><img loading=\"lazy\" decoding=\"async\" style=\"background-image: none; border-bottom: 0px; border-left: 0px; margin: 10px 0px 10px 10px; padding-left: 0px; padding-right: 0px; display: inline; border-top: 0px; border-right: 0px; padding-top: 0px\" title=\"Laurent Kott Feb2011 (10)\" border=\"0\" alt=\"Laurent Kott Feb2011 (10)\" src=\"https:\/\/www.oezratty.net\/wordpress\/wp-content\/WindowsLiveWriter\/Les-leons-collectives-de-lchec-entrepren_760B\/Laurent-Kott-Feb2011-10_thumb.jpg\" width=\"403\" height=\"270\" \/><\/a><\/p>\n<ul>\n<li><strong>Philippe Rodriguez <\/strong>(Mix Commerce, ex Wantuno) nous a racont\u00e9 son histoire r\u00e9cente d\u2019entrepreneur avec sa startup, Wantuno, qu\u2019il a d\u00fb fermer apr\u00e8s moins de deux ans d\u2019activit\u00e9. Il a vite rebondi et lanc\u00e9 ensuite MixCommerce, il y a trois ans. C\u2019est une soci\u00e9t\u00e9 qui g\u00e8re en d\u00e9l\u00e9gation la vente en ligne pour des marques (du site web \u00e0 la logistique). Elle se porte plut\u00f4t bien pour l\u2019instant, alimentant ainsi les statistiques d\u2019Herv\u00e9 Lebret ! Sachant que Philippe a comme actionnaires un grand nombre des actionnaires de sa premi\u00e8re entreprise. Il insiste sur une valeur qui lui semble cl\u00e9 : l\u2019humilit\u00e9, l\u2019attitude permettant de bien s\u2019entourer, d\u2019\u00e9couter et d\u2019apprendre.<\/li>\n<\/ul>\n<p><a href=\"https:\/\/www.oezratty.net\/wordpress\/wp-content\/WindowsLiveWriter\/Les-leons-collectives-de-lchec-entrepren_760B\/Philippe-Rodriguez-Feb2011-3.jpg\"><img loading=\"lazy\" decoding=\"async\" style=\"background-image: none; border-bottom: 0px; border-left: 0px; margin: 10px 0px 10px 10px; padding-left: 0px; padding-right: 0px; display: inline; border-top: 0px; border-right: 0px; padding-top: 0px\" title=\"Philippe Rodriguez Feb2011 (3)\" border=\"0\" alt=\"Philippe Rodriguez Feb2011 (3)\" src=\"https:\/\/www.oezratty.net\/wordpress\/wp-content\/WindowsLiveWriter\/Les-leons-collectives-de-lchec-entrepren_760B\/Philippe-Rodriguez-Feb2011-3_thumb.jpg\" width=\"403\" height=\"270\" \/><\/a><\/p>\n<ul>\n<li><strong>Fr\u00e9d\u00e9ric Pie <\/strong>(ex Vodeo) insistait sur cette gradation entre \u00e9checs et r\u00e9ussites. Le v\u00e9ritable \u00e9chec est rare et extr\u00eame selon lui. C\u2019est par exemple devoir travailler 20 ans pour rembourser une connerie qu\u2019on a fait ! Mais les \u00e9l\u00e9ments financiers ne sont pas la seule mesure de l\u2019\u00e9chec ou de la r\u00e9ussite. Il raconte l\u2019histoire de Vodeo.tv qu\u2019il a vendu pour 1\u20ac au groupe Le Figaro fin 2008 en pleine crise financi\u00e8re (pour 6,4m\u20ac d\u2019investis\u2026), \u00e0 un moment o\u00f9 toutes les portes de financement s\u2019\u00e9taient ferm\u00e9es alors que son service \u00e9tait en avance sur son temps (vid\u00e9o \u00e0 la demande, TV de rattrapage). Mais l\u2019entreprise existe toujours avec 17 personnes. Elle a su rebondir. Elle r\u00e9alise notamment la catch-up de la Freebox. Je ne connaissais pas Fr\u00e9d\u00e9ric Pie, et ce personnage tout chaud bouillant m\u2019a vraiment impressionn\u00e9.<\/li>\n<\/ul>\n<p><a href=\"https:\/\/www.oezratty.net\/wordpress\/wp-content\/WindowsLiveWriter\/Les-leons-collectives-de-lchec-entrepren_760B\/Frdric-Pie-Feb2011-8.jpg\"><img loading=\"lazy\" decoding=\"async\" style=\"background-image: none; border-bottom: 0px; border-left: 0px; margin: 10px 0px 10px 10px; padding-left: 0px; padding-right: 0px; display: inline; border-top: 0px; border-right: 0px; padding-top: 0px\" title=\"Fr\u00e9d\u00e9ric Pie Feb2011 (8)\" border=\"0\" alt=\"Fr\u00e9d\u00e9ric Pie Feb2011 (8)\" src=\"https:\/\/www.oezratty.net\/wordpress\/wp-content\/WindowsLiveWriter\/Les-leons-collectives-de-lchec-entrepren_760B\/Frdric-Pie-Feb2011-8_thumb.jpg\" width=\"406\" height=\"272\" \/><\/a><\/p>\n<ul>\n<li><strong>Jean-David Chambordedon <\/strong>(ISAI) compl\u00e9tait le propos de Michel Dahan en tant qu\u2019investisseur. En rappelant que la plupart des projets qui n\u2019ont rien \u00e0 voir \u00e0 l\u2019arriv\u00e9e avec ce qu\u2019ils \u00e9taient au d\u00e9part. Le v\u00e9ritable \u00e9chec est le d\u00e9p\u00f4t de bilan. Apr\u00e8s, les m\u00e9triques du succ\u00e8s ou de l\u2019\u00e9chec sont \u00e9lastiques. Ils d\u00e9pendent de la r\u00e9f\u00e9rence, en prenant comme exemple DailyMotion. Vu du point de d\u00e9part de la soci\u00e9t\u00e9, sa sortie r\u00e9cente est un succ\u00e8s. Vue du jour de l\u2019acquisition de YouTube par Google, c\u2019est un \u00e9chec par rapport \u00e0 ce que cela aurait pu \u00eatre. Jean-David est ensuite revenu sur un de ses dadas o\u00f9 il excelle : le d\u00e9cryptage de la soci\u00e9t\u00e9 fran\u00e7aise, ce pays \u00e9galitariste o\u00f9 le succ\u00e8s ne peut qu\u2019\u00eatre \u201cvol\u00e9\u201d, o\u00f9 la prise de risque est faible et concentr\u00e9e aux deux bouts du spectre avec d\u2019un c\u00f4t\u00e9 ceux qui n\u2019ont rien \u00e0 perdre et de l\u2019autre, ceux qui sont prot\u00e9g\u00e9s, notamment ceux qui sortent par le haut de notre syst\u00e8me \u00e9ducatif ultra-\u00e9litiste. Mais il constate que plus de gens prennent des risques (<em>moi aussi, notamment avec mes \u00e9tudiants de Centrale Paris<\/em>). Comment il \u00e9value ceux qui sont pass\u00e9s par l\u2019\u00e9chec ? C\u2019est tout en nuance : l\u2019entrepreneur qui s\u2019est plant\u00e9 ne doit pas concentrer ses explications sur le march\u00e9 et les autres (\u201c<em>the excuse business<\/em>\u201d). Il faut savoir faire un diagnostic lucide et rationnel, mais en m\u00eame temps pas trop distant ni trop analytique. Bref, Jean-David \u00e9vite les <em>losers<\/em> qui ne savent que <em>loser<\/em>\u2026 !<\/li>\n<\/ul>\n<p><a href=\"https:\/\/www.oezratty.net\/wordpress\/wp-content\/WindowsLiveWriter\/Les-leons-collectives-de-lchec-entrepren_760B\/Jean-David-Chamboredon-Feb201-7.jpg\"><img loading=\"lazy\" decoding=\"async\" style=\"background-image: none; border-bottom: 0px; border-left: 0px; margin: 10px 0px 10px 10px; padding-left: 0px; padding-right: 0px; display: inline; border-top: 0px; border-right: 0px; padding-top: 0px\" title=\"Jean-David Chamboredon Feb201 (7)\" border=\"0\" alt=\"Jean-David Chamboredon Feb201 (7)\" src=\"https:\/\/www.oezratty.net\/wordpress\/wp-content\/WindowsLiveWriter\/Les-leons-collectives-de-lchec-entrepren_760B\/Jean-David-Chamboredon-Feb201-7_thumb.jpg\" width=\"413\" height=\"277\" \/><\/a><\/p>\n<p>La conf\u00e9rence \u00e9tait cl\u00f4tur\u00e9e par <strong>St\u00e9phane Distinguin <\/strong>de Silicon Sentier et Faber Novel, un pivot incontournable de l\u2019\u00e9cosyst\u00e8me francilien de l\u2019innovation. Il insistait notamment sur la valeur de l\u2019apprentissage, sur la relativit\u00e9 de la notion d\u2019\u00e9chec, sur le besoin de relever la t\u00eate, de se retourner pour regarder les choses diff\u00e9remment. Comme Julien Codorniou, il s\u2019\u00e9tonnait de l\u2019imposante participation \u00e0 cette conf\u00e9rence, t\u00e9moignage d\u2019un changement d\u2019appr\u00e9ciation sur la notion d\u2019\u00e9chec et d\u2019une certaine maturit\u00e9 (m\u00eame si on ne la retrouvait pas forc\u00e9ment toujours dans le flux Twitter de l\u2019\u00e9v\u00e9nement\u2026). <\/p>\n<p>Il y avait aussi quelques questions provenant de la salle. L\u2019un d\u2019entre elle, curieuse : qui n\u2019a pas accept\u00e9 d\u2019intervenir pour parler de ses \u00e9checs ? Une tournure bien fran\u00e7aise pour une question qui ne peut avoir de r\u00e9ponse puisque les interventions relevaient du volontariat, et tournaient aussi des connaissances des organisateurs. J\u2019ajouterai un autre point : autant il me semble facile d\u2019intervenir dans ce genre de conf\u00e9rence apr\u00e8s avoir connu certes des \u00e9checs, mais aussi des succ\u00e8s (c\u2019est le cas de Gilles Babinet comme de Philippe Rodriguez), autant il est bien plus d\u00e9licat d\u2019intervenir apr\u00e8s un \u00e9chec et sans succ\u00e8s. Le (jeune) entrepreneur qui se lancera sera en tout cas un innovateur dans le domaine ! Autre question, maintenant des plus classiques : mais pourquoi donc n\u2019il y a-t-il pas de femmes dans les intervenants (au-del\u00e0 de Roxanne Varza qui mod\u00e9rait le panel avec Julien Codorniou) ? Comme c\u2019\u00e9tait sur la base du volontariat et largement relay\u00e9 sur Twitter, il n\u2019y avait au moins aucun filtre dans l\u2019organisation ! Et on se consolera en se rappelant que le concept de FailCon a \u00e9t\u00e9 cr\u00e9\u00e9 par une femme, <a href=\"http:\/\/www.youtube.com\/watch?v=CaHqNBup378\">Cass Philips<\/a> !<\/p>\n<p><a href=\"https:\/\/www.oezratty.net\/wordpress\/wp-content\/WindowsLiveWriter\/Les-leons-collectives-de-lchec-entrepren_760B\/Stphane-Distinguin-Feb2011-7.jpg\"><img loading=\"lazy\" decoding=\"async\" style=\"background-image: none; border-bottom: 0px; border-left: 0px; margin: 10px 0px 10px 10px; padding-left: 0px; padding-right: 0px; display: inline; border-top: 0px; border-right: 0px; padding-top: 0px\" title=\"St\u00e9phane Distinguin Feb2011 (7)\" border=\"0\" alt=\"St\u00e9phane Distinguin Feb2011 (7)\" src=\"https:\/\/www.oezratty.net\/wordpress\/wp-content\/WindowsLiveWriter\/Les-leons-collectives-de-lchec-entrepren_760B\/Stphane-Distinguin-Feb2011-7_thumb.jpg\" width=\"412\" height=\"276\" \/><\/a><\/p>\n<p><strong>Et apr\u00e8s\u2026<\/strong><\/p>\n<p>La question cl\u00e9 n\u2019est finalement plus de savoir si l\u2019on accepte ou pas l\u2019\u00e9chec puisqu\u2019il est incontournable, m\u00eame pour ceux qui ont r\u00e9ussi. Elle est de savoir apprendre des \u00e9checs, d\u2019en tirer des le\u00e7ons et de s\u2019am\u00e9liorer ensuite. A la fois de mani\u00e8re <strong>individuelle <\/strong>mais aussi de mani\u00e8re <strong>collective<\/strong>, pour que l\u2019ensemble de l\u2019\u00e9cosyst\u00e8me de l\u2019innovation de notre pays progresse.<\/p>\n<p>C\u2019est l\u2019int\u00e9r\u00eat de la poursuite de cette initiative, la prochaine Fail Conference \u00e9tant pr\u00e9vue d\u2019ici la fin 2011. Roxanne Varza va la coordonner en compagnie des organisateurs de la <strong><a href=\"http:\/\/failcon2010.com\/\">FailCon<\/a> <\/strong>am\u00e9ricaine qui avait lieu en octobre 2010 (cf les vid\u00e9os <a href=\"http:\/\/www.youtube.com\/results?search_query=failcon+2010&amp;aq=f\">YouTube<\/a> et les supports de pr\u00e9sentation sur <a href=\"http:\/\/www.slideshare.net\/search\/slideshow?q=failcon+2010\">SlideShare<\/a>). Il est d\u2019ailleurs int\u00e9ressant de noter que la Fail Conference de Paris a attir\u00e9 plus de monde que les 450 personnes de la Fail Con US ! <\/p>\n<p>Apr\u00e8s cette catharsis collective du 1er f\u00e9vrier 2011, la seconde \u00e9dition de la Fail Con fran\u00e7aise devra probablement rentrer dans le lard de le\u00e7ons pratiques des \u00e9checs, en prendre dans diff\u00e9rentes cat\u00e9gories, les d\u00e9cortiquer, proposer des retours d\u2019exp\u00e9rience et indiquer comment les choses auraient pu \u00eatre g\u00e9r\u00e9es diff\u00e9remment. Sachant qu\u2019il devrait y avoir du <strong>pr\u00e9ventif<\/strong> (comment \u00e9viter les \u00e9checs), du <strong>correctif<\/strong> (comment corriger une trajectoire mal barr\u00e9e) et du <strong>palliatif<\/strong> (comment sortir convenablement de l\u2019\u00e9chec av\u00e9r\u00e9). <\/p>\n<p>Cela pourrait par exemple couvrir les sujets suivants qui sont g\u00e9n\u00e9rateurs d\u2019\u00e9checs ou tout du moins de grandes difficult\u00e9s pour les startups :<\/p>\n<ul>\n<li>Quelles sont les principales erreurs commises par les startups dans la cr\u00e9ation de leur produit (trop de fonctionnalit\u00e9s, pas assez de validation avec des clients potentiels, pas assez de feedback utilisateur, etc) ?<\/li>\n<li>Pourquoi mon service web n\u2019a pas connu un d\u00e9veloppement viral ?<\/li>\n<li>Comment \u00e9viter les erreurs de recrutements des premiers commerciaux, de son premier directeur commercial ? <\/li>\n<li>Pourquoi mes cycles de vente sont trop longs ? Comment les raccourcir ?<\/li>\n<li>Les m\u00e9thodes de \u201clean startups\u201d qui permettent d\u2019exp\u00e9rimenter rapidement son produit aupr\u00e8s de clients et d\u2019\u00e9viter un mauvais alignement produits\/march\u00e9s.<\/li>\n<ul><!--EndFragment--><\/ul>\n<li>Comment \u00e9viter ces d\u00e9veloppements logiciels qui durent bien plus longtemps que pr\u00e9vu ?<\/li>\n<li>La sous-traitance logicielle offshore qui a mal tourn\u00e9. Pourquoi ? Comment faire diff\u00e9remment ? <\/li>\n<li>Les premi\u00e8res tentatives de d\u00e9marrer la vente aux USA qui n\u2019a pas march\u00e9. Pourquoi ? Comment bien s\u2019y prendre ?<\/li>\n<li>Les relations avec un grand compte qui a pomp\u00e9 toute l\u2019\u00e9nergie de la soci\u00e9t\u00e9, sans grand r\u00e9sultat. Pourquoi ? Comment l\u2019\u00e9viter ?<\/li>\n<li>La m\u00e9sentente entre les cr\u00e9ateurs de l\u2019entreprise.<\/li>\n<li>Les aides publiques qui fonctionnent ou ne fonctionnent pas ? L\u00e0, c\u2019est du chaud, car faire parler un repr\u00e9sentant des pouvoirs publics sur des \u00e9checs ne sera pas \u00e9vident ! Et pourtant, il y aurait fort \u00e0 dire !<\/li>\n<\/ul>\n<p>Le tout en \u00e9vitant de devenir une conf\u00e9rence entrepreneur comme toutes les autres ! La forme compte beaucoup : l\u2019animation, les intervenants qui se livrent sans langue de bois, le dialogue constructif avec l\u2019audience, etc.<\/p>\n<p>&#160;<\/p>\n<p>PS : je suis \u00e9videmment tr\u00e8s preneur de ces retours d\u2019exp\u00e9rience pour alimenter le&#160; <a href=\"https:\/\/www.oezratty.net\/wordpress\/2010\/guide-startups-le-xiii\/\">Guide de l\u2019Accompagnement des Startups HighTech en France<\/a> dont je suis en train de pr\u00e9parer la 14i\u00e8me \u00e9dition (parution pr\u00e9vue fin f\u00e9vrier 2011).<\/p>\n","protected":false},"excerpt":{"rendered":"<p>J\u2019ai bien appr\u00e9ci\u00e9 cette \u201cversion 0\u201d de la Fail Conference organis\u00e9e par Kahn&#038;Associ\u00e9s, TechCrunch France et Silicon Sentier, et anim\u00e9e conjointement par Blaise Vignon (Microsoft France), Julien Codorniou (Microsoft\u2026 et bient\u00f4t Facebook) et Roxanne Varza (TechCrunch France). C\u2019\u00e9tait une premi\u00e8re du genre, sugg\u00e9r\u00e9e par Loic Lemeur lors de son intervention le 16 novembre 2010 dans [&hellip;]<\/p>\n","protected":false},"author":1,"featured_media":0,"comment_status":"open","ping_status":"open","sticky":false,"template":"","format":"standard","meta":{"footnotes":""},"categories":[21,10,36],"tags":[935,932,931,937,771,933,936,939,934,938,833,287,940],"class_list":["post-5081","post","type-post","status-publish","format-standard","hentry","category-entrepreneuriat","category-startups","category-usa","tag-banexi","tag-fail-conference","tag-failcon","tag-frederic-pie","tag-gilles-babinet","tag-jean-david-chamboredon","tag-julien-codorniou","tag-laurent-kott","tag-michel-dahan","tag-philippe-rodriguez","tag-roxanne-varza","tag-silicon-sentier","tag-stephane-distinguin"],"views":41352,"_links":{"self":[{"href":"https:\/\/www.oezratty.net\/wordpress\/wp-json\/wp\/v2\/posts\/5081","targetHints":{"allow":["GET"]}}],"collection":[{"href":"https:\/\/www.oezratty.net\/wordpress\/wp-json\/wp\/v2\/posts"}],"about":[{"href":"https:\/\/www.oezratty.net\/wordpress\/wp-json\/wp\/v2\/types\/post"}],"author":[{"embeddable":true,"href":"https:\/\/www.oezratty.net\/wordpress\/wp-json\/wp\/v2\/users\/1"}],"replies":[{"embeddable":true,"href":"https:\/\/www.oezratty.net\/wordpress\/wp-json\/wp\/v2\/comments?post=5081"}],"version-history":[{"count":0,"href":"https:\/\/www.oezratty.net\/wordpress\/wp-json\/wp\/v2\/posts\/5081\/revisions"}],"wp:attachment":[{"href":"https:\/\/www.oezratty.net\/wordpress\/wp-json\/wp\/v2\/media?parent=5081"}],"wp:term":[{"taxonomy":"category","embeddable":true,"href":"https:\/\/www.oezratty.net\/wordpress\/wp-json\/wp\/v2\/categories?post=5081"},{"taxonomy":"post_tag","embeddable":true,"href":"https:\/\/www.oezratty.net\/wordpress\/wp-json\/wp\/v2\/tags?post=5081"}],"curies":[{"name":"wp","href":"https:\/\/api.w.org\/{rel}","templated":true}]}}