{"id":2630,"date":"2009-09-05T18:59:35","date_gmt":"2009-09-05T17:59:35","guid":{"rendered":"http:\/\/www.oezratty.net\/wordpress\/2009\/les-temps-nouveaux-et-les-photographes\/"},"modified":"2009-09-09T17:26:47","modified_gmt":"2009-09-09T16:26:47","slug":"les-temps-nouveaux-et-les-photographes","status":"publish","type":"post","link":"https:\/\/www.oezratty.net\/wordpress\/2009\/les-temps-nouveaux-et-les-photographes\/","title":{"rendered":"Les temps nouveaux et les photographes"},"content":{"rendered":"<p>La seule promesse vraiment tenue li\u00e9e \u00e0 l\u2019affiche de l\u2019Universit\u00e9 d\u2019Et\u00e9 2009 du MEDEF \u00e9tait cette lunette t\u00e9lescopique de l\u2019enfant de l\u2019invitation.<\/p>\n<p>On la retrouvait sur place sous la forme d\u2019un festival d\u2019objectifs d\u2019appareils photo\u2026 que je me fais un malin plaisir ici \u00e0 commenter pour nous changer des crises plan\u00e9taires.<\/p>\n<p><strong>Les photographes<\/strong><\/p>\n<p>Etant amateur de photo, il m\u2019est toujours int\u00e9ressant de regarder de pr\u00e8s comment les pros travaillent dans ce genre d\u2019\u00e9v\u00e9nement. C\u2019est une bonne source d\u2019inspiration pour faire soi-m\u00eame des progr\u00e8s.<\/p>\n<p>La concentration de \u201cpeople\u201d attirait comme d\u2019habitude une bonne douzaine de photographes professionnels sur\u00e9quip\u00e9s. J\u2019ai beau \u00eatre assez frapp\u00e9 de ce c\u00f4t\u00e9 l\u00e0, je suis encore un petit scarab\u00e9e par rapport \u00e0 certains.<\/p>\n<p><a href=\"https:\/\/www.oezratty.net\/wordpress\/wp-content\/IMG_0533.jpg\"><img loading=\"lazy\" decoding=\"async\" style=\"border-bottom: 0px; border-left: 0px; display: inline; border-top: 0px; border-right: 0px\" title=\"IMG_0533\" border=\"0\" alt=\"IMG_0533\" src=\"https:\/\/www.oezratty.net\/wordpress\/wp-content\/IMG_0533_thumb.jpg\" width=\"469\" height=\"314\" \/><\/a> <\/p>\n<p>L\u2019\u00e9quipement des photographes professionnels \u2013 souvent ind\u00e9pendants \u2013 est souvent un couple de r\u00e9flex Canon EOS 1D et 1Ds (III). L\u2019un est adapt\u00e9 \u00e0 la haute r\u00e9solution et l\u2019autre \u00e0 la photo \u201csportive\u201d avec une cadence de 10 images par secondes. Les pros ont aussi souvent un Canon 5D Mark II (rempla\u00e7ant le 5D qui date de 2006) notamment lorsqu\u2019il faut se d\u00e9placer \u201cl\u00e9ger\u201d. Derri\u00e8re la majorit\u00e9 Canon, on trouve quelques pros \u00e9quip\u00e9s en Nikon D3 ou autre. Petite mani\u00e8re de les rep\u00e9rer : les pros \u00e9quip\u00e9s Canon ont souvent un objectif en partie blanc cr\u00e8me et les pros Nikon ont un objectif tout noir. Petite exception : les autres marques de boitiers, et les photographes \u00e9quip\u00e9s de boitiers Canon et d\u2019objectifs d\u2019autres marques comme Sigma ou Tamron. Mais les pros diront que ce n\u2019est pas pro de ne pas prendre du Canon en optique.<\/p>\n<p>Les photographes pros travaillent souvent en meute (<em>ci-dessus et ci-dessous<\/em>) et se ruent sur les intervenants avant le d\u00e9but de chaque session. Ceux-ci se pr\u00eatent bien au jeu et posent. Ensuite, ils butinent en se d\u00e9pla\u00e7ant dans la salle, si possible pr\u00e8s de l\u2019estrade. Un intervenant qui parle et qui bouge les mains est plus int\u00e9ressant que lorsqu\u2019il fait la pose !<\/p>\n<p><strong>Les objectifs<\/strong><\/p>\n<p>Pour bien photographier un \u00e9v\u00e9nement, il faut en g\u00e9n\u00e9ral disposer d\u2019un bon t\u00e9l\u00e9objectif qui permettra de saisir un intervenant de loin. Ceci, dans toutes les conditions d\u2019\u00e9clairage. Pour les pl\u00e9ni\u00e8res du MEDEF, la salle \u00e9tait bien \u00e9clair\u00e9e, mais avec un contre jour assez fort n\u00e9cessitant de passer en manuel pour le r\u00e9glage de l\u2019appareil.<\/p>\n<p>Le t\u00e9l\u00e9objectif bon \u00e0 tout faire pour les conf\u00e9rences des pros Canon est le <strong>70-200 2.8 IS USM <\/strong>de Canon (IS = stabilis\u00e9, USM = autofocus motoris\u00e9, 2.8 = ouverture maximale du diaphragme, le plus petit \u00e9tant le mieux, et 70-200 la plage de focale du zoom). L\u2019ouverture \u00e0 2.8 permet de capter un orateur dans toute salle sous quasiment tout \u00e9clairage, m\u00eame sans flash. Les pros utilisent parfois un flash qui envoie son \u00e9clair vers le plafond pour \u00e9viter de g\u00e9n\u00e9rer une peau blafarde. Eclairer le plafond permet de cr\u00e9er une sorte d\u2019\u00e9clairage artificiel diffus de la pi\u00e8ce. Encore faut-il qu\u2019il y ait un plafond et qu\u2019il soit blanc\u2026<\/p>\n<p><a href=\"https:\/\/www.oezratty.net\/wordpress\/wp-content\/IMG_9929.jpg\"><img loading=\"lazy\" decoding=\"async\" style=\"border-right-width: 0px; display: inline; border-top-width: 0px; border-bottom-width: 0px; border-left-width: 0px\" title=\"IMG_9929\" border=\"0\" alt=\"IMG_9929\" src=\"https:\/\/www.oezratty.net\/wordpress\/wp-content\/IMG_9929_thumb.jpg\" width=\"428\" height=\"287\" \/><\/a> <\/p>\n<p>Voici un objectif tout terrain rarement vu chez les pros : le 50-500mm de Sigma. Mais \u00e9tait-ce un photographe pro ? Il \u00e9tait mont\u00e9 sur un Canon EOS 5D Mark II en tout cas. L\u2019avantage est d\u2019avoir une grande plage de focale. Ceci se fait en g\u00e9n\u00e9ral au d\u00e9triment de la qualit\u00e9 de l\u2019image et aussi de l\u2019ouverture. Ce t\u00e9l\u00e9 ouvre \u00e0 4.0\/6.3. Cela veut dire 4.0 lorsqu\u2019il est \u00e0 50 mm et \u00e0 6.3 lorsqu\u2019il est \u00e0 500 mm. Ouverture moyenne qui certes peut-\u00eatre compens\u00e9e par la grande sensibilit\u00e9 du Canon 5D II qui monte all\u00e8grement \u00e0 6400 ISO, mais insuffisante en int\u00e9rieur \u00e0 moins d\u2019utiliser un flash.<\/p>\n<p><a href=\"https:\/\/www.oezratty.net\/wordpress\/wp-content\/IMG_9804.jpg\"><img loading=\"lazy\" decoding=\"async\" style=\"border-right-width: 0px; display: inline; border-top-width: 0px; border-bottom-width: 0px; border-left-width: 0px\" title=\"IMG_9804\" border=\"0\" alt=\"IMG_9804\" src=\"https:\/\/www.oezratty.net\/wordpress\/wp-content\/IMG_9804_thumb.jpg\" width=\"427\" height=\"286\" \/><\/a> <\/p>\n<p>Ce photographe \u00e9quip\u00e9 Canon et 70-200 disposait d\u2019un \u00e9metteur Wifi dont l\u2019utilit\u00e9 n\u2019\u00e9tait pas claire. Probablement un d\u00e9clencheur de flash \u00e0 distance, mais il n\u2019avait pas de flash \u00e0 distance. L\u2019\u00e9metteur wifi chez Canon se place en g\u00e9n\u00e9ral en dessous de l\u2019appareil.<\/p>\n<p><a href=\"https:\/\/www.oezratty.net\/wordpress\/wp-content\/IMG_9925.jpg\"><img loading=\"lazy\" decoding=\"async\" style=\"border-right-width: 0px; display: inline; border-top-width: 0px; border-bottom-width: 0px; border-left-width: 0px\" title=\"IMG_9925\" border=\"0\" alt=\"IMG_9925\" src=\"https:\/\/www.oezratty.net\/wordpress\/wp-content\/IMG_9925_thumb.jpg\" width=\"426\" height=\"285\" \/><\/a> <\/p>\n<p>Un pro a en g\u00e9n\u00e9ral deux appareils : un avec un t\u00e9l\u00e9 et un autre avec un grand angle. Ici, le grand angle est un zoom 24-70mm qui ouvre \u00e0 2.8. C\u2019est le compl\u00e9ment id\u00e9al du 70-200mm.<\/p>\n<p><a href=\"https:\/\/www.oezratty.net\/wordpress\/wp-content\/IMG_9935.jpg\"><img loading=\"lazy\" decoding=\"async\" style=\"border-right-width: 0px; display: inline; border-top-width: 0px; border-bottom-width: 0px; border-left-width: 0px\" title=\"IMG_9935\" border=\"0\" alt=\"IMG_9935\" src=\"https:\/\/www.oezratty.net\/wordpress\/wp-content\/IMG_9935_thumb.jpg\" width=\"295\" height=\"441\" \/><\/a> <\/p>\n<p>Un autre t\u00e9l\u00e9objectif Canon, le 100-400mm qui ouvre \u00e0 4.5-5.6. Il agrandit deux fois plus que le 70-200mm. Mais il ouvre bien moins. Il est donc adapt\u00e9 aux situations o\u00f9 l\u2019\u00e9clairage est correct ce qui \u00e9tait le cas sous la tente du MEDEF. Mais en int\u00e9rieur, il vaudra mieux l\u2019\u00e9viter.<\/p>\n<p><a href=\"https:\/\/www.oezratty.net\/wordpress\/wp-content\/IMG_9940.jpg\"><img loading=\"lazy\" decoding=\"async\" style=\"border-right-width: 0px; display: inline; border-top-width: 0px; border-bottom-width: 0px; border-left-width: 0px\" title=\"IMG_9940\" border=\"0\" alt=\"IMG_9940\" src=\"https:\/\/www.oezratty.net\/wordpress\/wp-content\/IMG_9940_thumb.jpg\" width=\"426\" height=\"285\" \/><\/a> <\/p>\n<p>On passe au lourd et au plus rare, ici un t\u00e9l\u00e9objectif mono-focale de 200mm ouvrant \u00e0 2.0. Bien pour les portraits ou photos de groupes de qualit\u00e9 r\u00e9alis\u00e9s \u00e0 distance. Mais par rapport au 70-200mm dans une salle aussi bien \u00e9clair\u00e9e, c&#8217;est un peu too much.<\/p>\n<p><a href=\"https:\/\/www.oezratty.net\/wordpress\/wp-content\/IMG_0217.jpg\"><img loading=\"lazy\" decoding=\"async\" style=\"border-right-width: 0px; display: inline; border-top-width: 0px; border-bottom-width: 0px; border-left-width: 0px\" title=\"IMG_0217\" border=\"0\" alt=\"IMG_0217\" src=\"https:\/\/www.oezratty.net\/wordpress\/wp-content\/IMG_0217_thumb.jpg\" width=\"263\" height=\"392\" \/><\/a> <\/p>\n<p>Et on passe au monstre, pourtant pas le plus gros des t\u00e9l\u00e9objectifs chez Canon, ce 400mm 2.8. Le photographe avec qui j\u2019ai pu discuter l\u2019appr\u00e9cie pour son \u201cpiqu\u00e9\u201d&#8217; (la nettet\u00e9 des images sur toute la photo) et son ouverture. Il utilise curieusement un flash (580 EX Canon) m\u00eame \u00e0 assez grande distance, pour am\u00e9liorer \u00e0 la marge l\u2019\u00e9clairage en contre jour des intervenants). Ce t\u00e9l\u00e9 co\u00fbte la bagatelle d\u2019environ 8000\u20ac et p\u00e8se plus de 5 Kg :). Ce n\u2019est plus un sac \u00e0 dos qu\u2019il lui faut mais une valise \u00e0 roulettes !<\/p>\n<p><a href=\"https:\/\/www.oezratty.net\/wordpress\/wp-content\/IMG_0081.jpg\"><img loading=\"lazy\" decoding=\"async\" style=\"border-right-width: 0px; display: inline; border-top-width: 0px; border-bottom-width: 0px; border-left-width: 0px\" title=\"IMG_0081\" border=\"0\" alt=\"IMG_0081\" src=\"https:\/\/www.oezratty.net\/wordpress\/wp-content\/IMG_0081_thumb.jpg\" width=\"440\" height=\"295\" \/><\/a> <\/p>\n<p>Pour le \u201crest of us\u201d, dans les compacts, il y avait sur place deux valeurs sures : les Canon G10 et les Panasonic Lumix LX3 et LZ7. Ces derniers ont des automatismes vraiment performants et une tr\u00e8s bonne qualit\u00e9 d\u2019image, tant qu\u2019il y a de la lumi\u00e8re. Apr\u00e8s, avec le flash, cela se g\u00e2te un peu.<\/p>\n<\/p>\n<p>Enfin, si les photographes pros sont g\u00e9n\u00e9ralement des hommes, on peut constater qu\u2019un grand nombre de cameramen sont des camerawomen. Un ph\u00e9nom\u00e8ne que je n\u2019explique pas particuli\u00e8rement.<\/p>\n<p><a href=\"https:\/\/www.oezratty.net\/wordpress\/wp-content\/CamerawomanUniversitEtMEDEF2009.jpg\"><img loading=\"lazy\" decoding=\"async\" style=\"border-bottom: 0px; border-left: 0px; display: inline; border-top: 0px; border-right: 0px\" title=\"Camerawoman Universit\u00e9 Et\u00e9 MEDEF 2009\" border=\"0\" alt=\"Camerawoman Universit\u00e9 Et\u00e9 MEDEF 2009\" src=\"https:\/\/www.oezratty.net\/wordpress\/wp-content\/CamerawomanUniversitEtMEDEF2009_thumb.jpg\" width=\"444\" height=\"261\" \/><\/a> <\/p>\n<p><strong>Et mes photos ?<\/strong><\/p>\n<p>J\u2019ai publi\u00e9 les photos que j\u2019ai retenues d\u2019une abondante moisson sur <a href=\"http:\/\/picasaweb.google.fr\/Olivier.Ezratty\/UniversiteEteMEDEFSept2009#\">Picasa Web Album<\/a> sachant que certaines \u00e9maillent mes diff\u00e9rents articles. Faites pour la plupart avec un 5D II et un 70-200mm, et quelques unes avec un 16-35 mm.<\/p>\n","protected":false},"excerpt":{"rendered":"<p>La seule promesse vraiment tenue li\u00e9e \u00e0 l\u2019affiche de l\u2019Universit\u00e9 d\u2019Et\u00e9 2009 du MEDEF \u00e9tait cette lunette t\u00e9lescopique de l\u2019enfant de l\u2019invitation. On la retrouvait sur place sous la forme d\u2019un festival d\u2019objectifs d\u2019appareils photo\u2026 que je me fais un malin plaisir ici \u00e0 commenter pour nous changer des crises plan\u00e9taires. Les photographes Etant amateur [&hellip;]<\/p>\n","protected":false},"author":1,"featured_media":0,"comment_status":"open","ping_status":"open","sticky":false,"template":"","format":"standard","meta":{"footnotes":""},"categories":[9,35],"tags":[301,294,297,296,295,302,303,289,298,293,300,97,299],"class_list":["post-2630","post","type-post","status-publish","format-standard","hentry","category-photo-numerique","category-video","tag-5d-mark-ii","tag-canon","tag-ef-24-70","tag-ef-400-2-8","tag-ef-70-200","tag-eos-1d","tag-eos-1ds","tag-medef","tag-nikon","tag-objectif","tag-paparazzi","tag-photographie","tag-sigma"],"views":14684,"_links":{"self":[{"href":"https:\/\/www.oezratty.net\/wordpress\/wp-json\/wp\/v2\/posts\/2630","targetHints":{"allow":["GET"]}}],"collection":[{"href":"https:\/\/www.oezratty.net\/wordpress\/wp-json\/wp\/v2\/posts"}],"about":[{"href":"https:\/\/www.oezratty.net\/wordpress\/wp-json\/wp\/v2\/types\/post"}],"author":[{"embeddable":true,"href":"https:\/\/www.oezratty.net\/wordpress\/wp-json\/wp\/v2\/users\/1"}],"replies":[{"embeddable":true,"href":"https:\/\/www.oezratty.net\/wordpress\/wp-json\/wp\/v2\/comments?post=2630"}],"version-history":[{"count":0,"href":"https:\/\/www.oezratty.net\/wordpress\/wp-json\/wp\/v2\/posts\/2630\/revisions"}],"wp:attachment":[{"href":"https:\/\/www.oezratty.net\/wordpress\/wp-json\/wp\/v2\/media?parent=2630"}],"wp:term":[{"taxonomy":"category","embeddable":true,"href":"https:\/\/www.oezratty.net\/wordpress\/wp-json\/wp\/v2\/categories?post=2630"},{"taxonomy":"post_tag","embeddable":true,"href":"https:\/\/www.oezratty.net\/wordpress\/wp-json\/wp\/v2\/tags?post=2630"}],"curies":[{"name":"wp","href":"https:\/\/api.w.org\/{rel}","templated":true}]}}