{"id":2611,"date":"2009-09-05T18:04:40","date_gmt":"2009-09-05T17:04:40","guid":{"rendered":"http:\/\/www.oezratty.net\/wordpress\/2009\/les-temps-nouveaux-dans-le-numrique\/"},"modified":"2009-09-06T19:52:31","modified_gmt":"2009-09-06T18:52:31","slug":"les-temps-nouveaux-dans-le-numrique","status":"publish","type":"post","link":"https:\/\/www.oezratty.net\/wordpress\/2009\/les-temps-nouveaux-dans-le-numrique\/","title":{"rendered":"Les temps nouveaux dans le num&eacute;rique"},"content":{"rendered":"<p>Deux tables rondes \u00e9taient consacr\u00e9es au num\u00e9rique (contre une, sur les r\u00e9seaux sociaux, en 2008) dans cette Universit\u00e9 d\u2019\u00e9t\u00e9 du MEDEF consacr\u00e9es aux \u201ctemps nouveaux\u201d. <\/p>\n<p>Le moins que l\u2019on puisse dire, c\u2019est que ces deux d\u00e9bats n\u2019ont pas mis grand chose de nouveau sur la table. Mais bon, on est content, le MEDEF semble s\u2019int\u00e9resser au num\u00e9rique. De loin. Au fait, combien de patrons font encore imprimer leurs mails par leur secr\u00e9taire pour y r\u00e9pondre de mani\u00e8re manuscrite ?<\/p>\n<p><strong>Tous enfants de Billg ?<\/strong><\/p>\n<p>L\u2019originalit\u00e9 principale de ce d\u00e9bat est qu\u2019il avait lieu en plein air. C\u2019\u00e9tait le seul de toute l\u2019universit\u00e9. Mais aussi la seule demi-journ\u00e9e dont la m\u00e9t\u00e9o le permettait. Avec en prime, les cheveux au vent de NKM, arriv\u00e9e un peu en retard et qui du d\u00e9marrer son intervention sur un fond musical que la r\u00e9gie son n\u2019arrivait pas \u00e0 supprimer.<\/p>\n<p><a href=\"https:\/\/www.oezratty.net\/wordpress\/wp-content\/IMG_8845.jpg\"><img loading=\"lazy\" decoding=\"async\" style=\"border-right-width: 0px; display: inline; border-top-width: 0px; border-bottom-width: 0px; border-left-width: 0px\" title=\"IMG_8845\" border=\"0\" alt=\"IMG_8845\" src=\"https:\/\/www.oezratty.net\/wordpress\/wp-content\/IMG_8845_thumb.jpg\" width=\"453\" height=\"303\" \/><\/a> <\/p>\n<p>En plus de NKM, intervenaient Laurent Blanchard (Cisco), Vincent Cespedes (philosophe), Christine du Fretay (association e-enfance), Bruno Pattino (ex-le Monde, directeur de France Culture) et Pascal Rufenach (Bayard Presse Enfance).<\/p>\n<p>On a entendu parler de d\u00e9mat\u00e9rialisation de la culture, de l\u2019amiti\u00e9, de l\u2019amour, de la m\u00e9moire et de l\u2019intimit\u00e9 et de l\u2019\u00e9mergence de l\u2019\u00e9gocasting, de l\u2019influence (n\u00e9faste?) des jeux vid\u00e9os. Et comment cela d\u00e9boussolait les parents. Des th\u00e8mes fort classiques. NKM \u00e9voque aussi la fronti\u00e8re de la pudeur et le besoin d\u2019un droit \u00e0 l\u2019oubli. Il devrait y avoir prescription, \u201c<em>sauf peut-\u00eatre en Corse<\/em>\u201d. Une nouvelle psychologie va \u00e9merger. Les mod\u00e8les hi\u00e9rarchiques avec identit\u00e9s et r\u00f4les vont \u00eatre remis en question. L\u2019identit\u00e9 va \u00eatre fluide et mobile. Son enrichissement par la relation \u00e0 l\u2019autre plus fort, avec un impact sur la notion m\u00eame d\u2019individualisme.<\/p>\n<p>Puis, on n\u2019a pas \u00e9chapp\u00e9 aux arguties autour d\u2019HADOPI et \u00e0 la judiciarisation de ce qui se passe sur Internet. On dit souvent que le seul moyen de financer la cr\u00e9ation est celui que l\u2019on a cr\u00e9\u00e9 il y a 30 ans. Et \u201c<em>il faut apprendre aux Internautes \u00e0\u2026<\/em>\u201d au lieu \u201c<em>il faut que l\u2019on apprenne \u00e0 voir comment adapter nos mod\u00e8les \u00e9conomiques<\/em>\u201d.<\/p>\n<p>Et hop, c\u2019est reparti pour un tour sur les mod\u00e8les \u00e9conomiques. Le Monde a-t-il abandonn\u00e9 le payant pour faire du gratuit ? Que nenni, il pratique l\u2019hybridation des mod\u00e8les \u00e9conomiques, sorte de \u201cfremium\u201d. Le journal avait jusqu\u2019\u00e0 27% de rentabilit\u00e9 dans le gratuit sur le web. Mais \u201c<em>quand des gamins de 17 ans peuvent mettre par terre votre mod\u00e8le \u00e9conomique parce qu\u2019ils vous aiment, vous avez un probl\u00e8me<\/em>\u201d. Il faut aussi diff\u00e9rentier prix et valeur et comprendre o\u00f9 elle se d\u00e9place. NKM rappelle que la sph\u00e8re du gratuit est assez \u00e9troite. Le gratuit est souvent apparent. On paye de mani\u00e8re subtile le gratuit notamment par la compromission active ou passive de ses donn\u00e9es personnelles. On paye mais pas en cash. Il y a ainsi tr\u00e8s peu de choses que l\u2019on ne paye pas. De plus, le mod\u00e8le de la publicit\u00e9 Internet non qualifi\u00e9e ne vaut pas cher. L\u2019avenir serait dans publicit\u00e9 hautement qualifi\u00e9e : fichiers Facebook mon\u00e9tis\u00e9s. <em>Mon point de vue : la mon\u00e9tisation par la qualification la meilleure existe d\u00e9j\u00e0, et elle s\u2019appelle le search. Ce qui explique que Google capte plus de 40% du chiffre d\u2019affaire mondial de la publicit\u00e9 en ligne. Par ailleurs, les \u00e9l\u00e9ments de contextualit\u00e9 d\u2019un r\u00e9seau social ne sont pas si faciles \u00e0 mon\u00e9tiser. Autre th\u00e9orie personnelle : la mon\u00e9tisation de l\u2019audience qualifi\u00e9e est mat\u00e9riellement limit\u00e9e par la capacit\u00e9 des marketeurs \u00e0 segmenter leur audience et \u00e0 d\u00e9finir des messages personnalis\u00e9s. Que ceux qui ont plus d\u2019une demi-douzaine de segments pour leur produit l\u00e8vent la main ! Une autre question cl\u00e9 se pose : quelle est la masse du revenu publicitaire et quelle est la masse et le p\u00e9rim\u00e8tre de contenus et services qu\u2019elle peut financer indirectement ? <\/em><\/p>\n<p>Sur les contenus, on constate une grande concentration et rentabilit\u00e9. Apple repr\u00e9sente 80% de la musique en ligne aux USA. Pattino d\u00e9fend le prix unique du livre mais il y a un danger de d\u00e9fense de l\u2019ancien mod\u00e8le. L\u2019enjeu est de savoir qui d\u00e9termine le prix : le distributeur ou le cr\u00e9ateur ? Le choix du mod\u00e8le est important. Est-ce aussi le propri\u00e9taire de la technologie ou celui du contenu.<\/p>\n<p><a href=\"https:\/\/www.oezratty.net\/wordpress\/wp-content\/IMG_9849.jpg\"><img loading=\"lazy\" decoding=\"async\" style=\"border-right-width: 0px; display: inline; border-top-width: 0px; border-bottom-width: 0px; border-left-width: 0px\" title=\"IMG_9849\" border=\"0\" alt=\"IMG_9849\" src=\"https:\/\/www.oezratty.net\/wordpress\/wp-content\/IMG_9849_thumb.jpg\" width=\"479\" height=\"321\" \/><\/a><\/p>\n<p>La chute du d\u00e9bat \u00e9tait int\u00e9ressante. Pendant pas mal de temps, on pouvait constater que Bruno Pattino et NKM \u00e9taient quelque peu distraits par leur mobile (un iPhone qui a remplac\u00e9 un Nokia pour cette derni\u00e8re). Le coupable : Twitter. NKM qui est fortement atteinte de twitterisation aigue depuis pr\u00e8s de six mois a eu cependant l\u2019intelligence d\u2019intervenir \u00e0 la fin pour rendre le d\u00e9bat participatif, en citant les twitts (messages sur Twitter) qu\u2019elle avait re\u00e7us. Les principaux s\u2019insurgeant notamment sur le titre m\u00eame de la session : \u201ccomment \u00e7a, moi enfant de Bill Gates, roi du monopole ! Pas question ! Je veux \u00eatre un enfant de Linus Torsvalds\u2026\u201d.<\/p>\n<p><strong>La toile va-t-elle craquer?<\/strong><\/p>\n<p>La seconde table ronde num\u00e9rique \u00e9tait bien r\u00e9sum\u00e9e par <a href=\"http:\/\/www.hervekabla.com\/wordpress\/2009\/09\/la-toile-va-t-elle-craquer\/\">Herv\u00e9 Kapla<\/a>.<\/p>\n<p><a href=\"https:\/\/www.oezratty.net\/wordpress\/wp-content\/IMG_8892.jpg\"><img loading=\"lazy\" decoding=\"async\" style=\"border-bottom: 0px; border-left: 0px; display: inline; border-top: 0px; border-right: 0px\" title=\"IMG_8892\" border=\"0\" alt=\"IMG_8892\" src=\"https:\/\/www.oezratty.net\/wordpress\/wp-content\/IMG_8892_thumb.jpg\" width=\"415\" height=\"278\" \/><\/a> <\/p>\n<p>Ca partait un peu dans tous les sens\u2026 mais pas de craquage de l\u2019Internet \u00e0 l\u2019horizon, soyez rassur\u00e9s. Quelques points cl\u00e9s de ce d\u00e9bat o\u00f9 nombre d\u2019intervenants se consid\u00e9raient comme des v\u00e9t\u00e9rans de l\u2019Internet. Je vais trier ici les propos par intervenant.<\/p>\n<ul>\n<li><strong>Loic Lemeur <\/strong>(Seesmic) annon\u00e7ait une nouvelle r\u00e9volution, celle du livre \u00e9lectronique en brandissant son nouvel Amazon Kindle DX (disposant d\u2019un grand \u00e9cran 9,7 pouces). Il y lit Le Monde, qu\u2019il paye et ach\u00e8te beaucoup de livres. Pour lui, Amazon fait \u00e0 la presse \u00e9crite ce que fait l\u2019iPod a fait \u00e0 la musique. Avec cette d\u00e9sinterm\u00e9diation, Amazon connait ses lecteurs, sait \u00e0 quelle page on s\u2019arr\u00eate (hum, vraiment?). Amazon et un \u00e9diteur ont m\u00eame retir\u00e9 un bouquin des Kindles qui avait \u00e9t\u00e9 pourtant achet\u00e9 (<em>relisez \u201cCode and other law of the cyberspace\u201d de Lawrence Lessig<\/em>). On a droit au passage \u00e0 une belle promo de la conf\u00e9rence <a href=\"http:\/\/www.leweb.net\/\">LeWeb<\/a> qui sera consacr\u00e9e en d\u00e9cembre prochain au \u201dreal time web\u201d. Loic est en effet le roi de l\u2019usage des r\u00e9seaux sociaux pour son business, en oubliant un peu qu\u2019il n\u2019est pas n\u2019importe qui : il avait besoin de monter un partenariat avec Air France, a lanc\u00e9 un avis sur Twitter et 2h apr\u00e8s, c\u2019\u00e9tait fait. <em>Ces anecdotes sont super illustratives de la puissance des r\u00e9seaux sociaux, mais il ne faut pas oublier les 90% (?) des utilisateurs de Twitter qui \u00e9coutent mais n\u2019\u00e9mettent jamais de messages et les millions de bloggeurs qui n\u2019ont pas de lecteurs !<\/em><\/li>\n<li><strong>Xavier Niels <\/strong>(Free) : \u00e9tait le premier fournisseur d\u2019acc\u00e8s en 1993 en France. Maintenant, Free a plus de 5000 collaborateurs dont 4500 au support. Conviction de la force du forfait fixe et d\u2019un besoin \u00e9quivalent sur mobiles. Dans la t\u00e9l\u00e9vision num\u00e9rique, il pensait que l\u2019offre de la vid\u00e9o \u00e0 la demande permettrait de bien vendre le fond de catalogue. En fait, ce qui marche est le toujours dernier \u201cblockbuster\u201d. Mais Internet fait tout de m\u00eame \u00e9merger des talents. Et il constate un int\u00e9r\u00eat pour le \u201clive\u201d (<em>nldr: ouep, en<\/em> <em>effet, mais le probl\u00e8me, c\u2019est que le live est de plus en plus en playback\u2026<\/em>). Au sujet des taxes, Xavier rappelle qu\u2019un op\u00e9rateur t\u00e9l\u00e9com finance d\u00e9j\u00e0 par la taxation la SACEM, le CNC, France T\u00e9l\u00e9vision, le SNDRM et encore plein d\u2019autres organismes. Il y a aussi une taxe pour la repr\u00e9sentation dans les films des oeuvres d\u2019art. <em>Tout besoin am\u00e8ne une taxe sp\u00e9cifique en France on l\u2019on fait ainsi sortir \u00e9norm\u00e9ment de domaines d\u2019activit\u00e9 du march\u00e9<\/em>. <em>Est-ce pour cela qu\u2019on ne sait pas vendre ?<\/em><\/li>\n<\/ul>\n<p><a href=\"https:\/\/www.oezratty.net\/wordpress\/wp-content\/IMG_0388.jpg\"><img loading=\"lazy\" decoding=\"async\" style=\"border-right-width: 0px; display: inline; border-top-width: 0px; border-bottom-width: 0px; border-left-width: 0px\" title=\"IMG_0388\" border=\"0\" alt=\"IMG_0388\" src=\"https:\/\/www.oezratty.net\/wordpress\/wp-content\/IMG_0388_thumb.jpg\" width=\"462\" height=\"309\" \/><\/a> <\/p>\n<ul>\n<li>Pour l\u2019ombrageux <strong>Pascal N\u00e8gre<\/strong> (Universal Music), tout a chang\u00e9 avec l\u2019Internet dans les m\u00e9tiers du \u201cdisque\u201d. Tout le cycle de vente est boulevers\u00e9 dans l\u2019identification des talents, la promotion, etc. On a encore besoin de cr\u00e9er du buzz et cela ne s\u2019improvise pas. Le travail d\u2019un \u00e9diteur existe encore. C\u2019est un vrai m\u00e9tier. Seul probl\u00e8me : 50% du business a disparu en cinq ans alors que la musique n\u2019a jamais \u00e9t\u00e9 autant \u00e9cout\u00e9e. Comme Xavier Niels, il revient sur le mythe de la longue traine et de la fin&#160; des blockbusters. Pour lui, Internet concentre les choix. Le choix implique la difficult\u00e9 de choisir. Il va falloir rappeler qu\u2019Internet n\u2019est pas une zone de non droit. HADOPI est selon lui bien plus p\u00e9dagogique que les radars\u2026 <\/li>\n<\/ul>\n<p><a href=\"https:\/\/www.oezratty.net\/wordpress\/wp-content\/PascalNgre20091.jpg\"><img loading=\"lazy\" decoding=\"async\" style=\"border-bottom: 0px; border-left: 0px; display: inline; border-top: 0px; border-right: 0px\" title=\"Pascal N\u00e8gre 2009 (1)\" border=\"0\" alt=\"Pascal N\u00e8gre 2009 (1)\" src=\"https:\/\/www.oezratty.net\/wordpress\/wp-content\/PascalNgre20091_thumb.jpg\" width=\"476\" height=\"319\" \/><\/a> <\/p>\n<ul>\n<li><strong>Christine Feral-Schul <\/strong>(avocate dans le num\u00e9rique) \u00e9dite un livre sur le \u201dCyberdroit\u201d qui en est \u00e0 sa cinqui\u00e8me \u00e9dition. Elle \u00e9voque aussi le cas du Minitel qui \u00e9tait un monde certes ferm\u00e9, mais avec un bon business model. <em>En oubliant d\u2019\u00e9voquer le fait que les nouveaux mod\u00e8les \u00e0 la AppStore iPhone sont assez voisins de celui du Minitel. <\/em>On a beaucoup discut\u00e9 d\u2019HADOPI et de la r\u00e9gulation d\u2019Internet pendant ce d\u00e9bat. Peut-on r\u00e9guler l\u2019Internet par des lois ? N\u2019est-on pas sans cesse en retard d\u2019une loi ? Oui et non. Internet n\u2019est pas une zone de non droit : les infractions sont r\u00e9pertori\u00e9es dans le code p\u00e9nal. Il y cependant une difficult\u00e9 sur la preuve et l\u2019appr\u00e9hension des cyberd\u00e9linquants. Mais les autres intervenants soulignent que les lois r\u00e9centes sont tr\u00e8s en retard. La LCEN d\u00e9finissait la responsabilit\u00e9 du fournisseur d\u2019acc\u00e8s et de l\u2019h\u00e9bergeur. Le Web 2.0 a chamboul\u00e9 la donne avec des cas comme DailyMotion qui peut \u00eatre consid\u00e9r\u00e9 dans certains cas comme \u00e9diteurs et dans d\u2019autres comme h\u00e9bergeur. Et pour HADOPI, le&#160; passage du t\u00e9l\u00e9chargement au streaming rend la loi quasiment inapplicable. Autre exemple : le cas de l\u2019exception de la copie priv\u00e9e qui a \u00e9t\u00e9 cr\u00e9\u00e9e en 1957 dans un environnement analogique. On en est sorti et on a bascul\u00e9 de la copie au clone. La France est-elle une exception ? La forte industrie locale des contenus a cr\u00e9\u00e9 une volont\u00e9 de trouver des solutions. <\/li>\n<\/ul>\n<p>&#160;<a href=\"https:\/\/www.oezratty.net\/wordpress\/wp-content\/IMG_0457.jpg\"><img loading=\"lazy\" decoding=\"async\" style=\"border-right-width: 0px; display: inline; border-top-width: 0px; border-bottom-width: 0px; border-left-width: 0px\" title=\"IMG_0457\" border=\"0\" alt=\"IMG_0457\" src=\"https:\/\/www.oezratty.net\/wordpress\/wp-content\/IMG_0457_thumb.jpg\" width=\"469\" height=\"314\" \/><\/a> <\/p>\n<ul>\n<li><strong>Eric Fottorino <\/strong>(Le Monde) doit lui faire cohabiter le papier et le web. Faire vivre le second sans tuer le premier comme cela se produit aux USA o\u00f9 des journaux locaux abandonnent le papier mais n\u2019arrivent pas forc\u00e9ment \u00e0 survivre uniquement avec le web et dont l\u2019audience globale baisse. Le Monde a diffus\u00e9 700000 applications iPhone (15K\/semaine) ! Le site a toujours \u00e9t\u00e9 mixte, avec une version pour les abonn\u00e9s. La gratuit\u00e9 du contenu n\u2019est pas totale. Mais c\u2019est un mod\u00e8le d\u00e9flationniste, avec un prix voisin du z\u00e9ro.<\/li>\n<li><strong>Jean-Pierre R\u00e9my <\/strong>(Pages Jaunes, ci-dessous \u00e0 droite) rappelle qu\u2019avec 500m\u20ac de revenu Internet, le groupe Pages Jaunes est le premier au monde hors USA en revenu publicitaire (<em>il y a un truc : les TPE\/PME clientes ne payent pas \u00e0 la performance leur pr\u00e9sence en ligne<\/em>). Il \u00e9voque le paysage des TPE\/PME qui est encore pauvre sur Internet : seulement 3% d\u2019entre elles ont des sites qui permettent de faire des transactions. On est donc encore seulement au d\u00e9but. Il y a de nouvelles r\u00e8gles du jeu, un transfert de valeur. Il y a un nombre infini de cas analogues au financement du portable par l\u2019abonnement dans l\u2019Internet. iTunes n\u2019a pas \u00e9t\u00e9 cr\u00e9\u00e9 en Europe et recapte la valeur. Il a v\u00e9cu cinq ans aux USA. L\u00e0 bas, il y a plus de d\u00e9bats sur les business models que sur la r\u00e8glementation. En France, on manque de moyens pour cr\u00e9er des succ\u00e8s mondiaux. <em>Ne manquerait-on pas \u00e9galement de volont\u00e9 et de savoir faire, tout du moins dans le num\u00e9rique ? N\u2019a-t-on pas le travers de vouloir trouver une solution et de chercher \u00e0 la vendre plut\u00f4t que de chercher d\u2019abord un probl\u00e8me \u00e0 r\u00e9soudre, puis la solution correspondante?<\/em><\/li>\n<\/ul>\n<p><a href=\"https:\/\/www.oezratty.net\/wordpress\/wp-content\/IMG_0407.jpg\"><img loading=\"lazy\" decoding=\"async\" style=\"border-right-width: 0px; display: inline; border-top-width: 0px; border-bottom-width: 0px; border-left-width: 0px\" title=\"IMG_0407\" border=\"0\" alt=\"IMG_0407\" src=\"https:\/\/www.oezratty.net\/wordpress\/wp-content\/IMG_0407_thumb.jpg\" width=\"481\" height=\"322\" \/><\/a> <\/p>\n<ul>\n<li><strong>Jean-Pierre Corniou <\/strong>(ex DSI Renault, ex-Pr\u00e9sident du CIGREF, actuellement consultant, ci-dessus \u00e0 gauche) se pr\u00e9sente comme un v\u00e9t\u00e9ran qui a pass\u00e9 Bercy de la Japy au traitement de texte. Et joue le r\u00f4le de \u201cbilingue\u201d pour convertir la soci\u00e9t\u00e9 au num\u00e9rique. Selon Jean-Pierre, la loi HADOPI a obscurci le d\u00e9bat vis \u00e0 vis des entreprises. Il n\u2019y a pas que la culture. Il faut propager les outils de l\u2019internet dans toute la vie \u00e9conomique. C\u2019est une formidable solution, mais on en met trop en \u00e9vidence les risques. Il y a un choc entre le droit du travail qui est celui de la subordination et l\u2019Internet avec ses outils de la relation. Dans les entreprises \u201cbrick and mortar\u201d, il y a un \u00e9norme travail \u00e0 faire au niveau du management. Il ne faut plus avoir peur des collaborateurs.<\/li>\n<\/ul>\n<p><a href=\"https:\/\/www.oezratty.net\/wordpress\/wp-content\/ThomasServal2009.jpg\"><img loading=\"lazy\" decoding=\"async\" style=\"border-bottom: 0px; border-left: 0px; display: inline; border-top: 0px; border-right: 0px\" title=\"Thomas Serval 2009\" border=\"0\" alt=\"Thomas Serval 2009\" src=\"https:\/\/www.oezratty.net\/wordpress\/wp-content\/ThomasServal2009_thumb.jpg\" width=\"253\" height=\"378\" \/><\/a> <\/p>\n<ul>\n<li><strong>Thomas Serval <\/strong>(Microsoft, <em>ci-dessus<\/em>) <em>a surtout r\u00e9ussi la performance de citer une bonne dizaine de produits ou offres de son employeur (Surface, Messenger, Sharepoint, Outlook, XBOX, le programme IDEES) en oubliant juste Windows 7 qui il est vrai ne sera lanc\u00e9 que le 22 octobre 2009.<\/em> <em>Dans ce genre d\u2019intervention et pour ce genre de boite, le meilleur product placement consiste \u00e0 ne pas parler de sa boite ni de ses produits.<\/em> Bon, et puis, la France est le paradis fiscal du capital risque et de la R&amp;D avec les dispositions TEPA-ISF\/FCPI et le Cr\u00e9dit Imp\u00f4t Recherche. <em> <\/em><\/li>\n<\/ul>\n<p>En conclusion, une intervention d\u2019une participante dans la salle qui demande quel est l\u2019avenir de l\u2019usage d\u2019Internet par la femme ? On apprend que leurs comportements sont diff\u00e9rents pendant l\u2019acte de recherche dans la vastitude de l\u2019Internet (terme d\u00e9couvert dans l\u2019agenda de l\u2019Universit\u00e9 d\u2019\u00e9t\u00e9 du MEDEF), mais similaires (aux hommes) dans l\u2019acte d\u2019achat. Internet fait-il gagner du temps aux femmes et en perdre aux hommes ? On oublie aussi qu\u2019Internet lib\u00e8re le citoyen. On ne fait plus de la politique comme avant. La m\u00eame personne termine en allant un peu loin en trouvant que l\u2019Internet a permis de faire \u00e9merger des id\u00e9es \u201ccomme le Modem\u201d. Ah bon, ce n\u2019est pas Bayrou le chef qui pilote tout ?<\/p>\n<p>Bref, on se marre bien, on rencontre des gens bien connus de l\u2019Internet. Mais quelle \u00e9tait la question pos\u00e9e au juste ? La toile va-t-elle craquer ? On n\u2019en a pas vraiment parl\u00e9\u2026<\/p>\n<\/p>\n<\/p>\n<p>Aller, un petit challenge pour le MEDEF pour l\u2019ann\u00e9e prochaine : aborder le num\u00e9rique en s\u00e9ance pl\u00e9ni\u00e8re ! Chiche ? On pourrait y faire intervenir le patron de <a href=\"http:\/\/www.lippi.fr\/FR\/index.php\">Lippi Industries<\/a>, cette entreprise de fabrication de grillage ch\u00e8re \u00e0 notre ami <a href=\"http:\/\/billaut.typepad.com\/jm\/2009\/08\/hello-3-jambe-et-fibre-optique-ou-conte-%C3%A0-dormir-debout.html\">Jean-Michel Billaut<\/a>, qui s\u2019est compl\u00e8tement transform\u00e9e gr\u00e2ce au web 2.0. Si on peut le faire dans le grillage, on peut le faire presque partout !<\/p>\n","protected":false},"excerpt":{"rendered":"<p>Deux tables rondes \u00e9taient consacr\u00e9es au num\u00e9rique (contre une, sur les r\u00e9seaux sociaux, en 2008) dans cette Universit\u00e9 d\u2019\u00e9t\u00e9 du MEDEF consacr\u00e9es aux \u201ctemps nouveaux\u201d. Le moins que l\u2019on puisse dire, c\u2019est que ces deux d\u00e9bats n\u2019ont pas mis grand chose de nouveau sur la table. Mais bon, on est content, le MEDEF semble s\u2019int\u00e9resser [&hellip;]<\/p>\n","protected":false},"author":1,"featured_media":0,"comment_status":"open","ping_status":"open","sticky":false,"template":"","format":"standard","meta":{"footnotes":""},"categories":[17,21,215,33,2,12,3,35],"tags":[309,308,305,315,311,313,2470,124,314,306,310,304,2458,40,316,312,102,307,130],"class_list":["post-2611","post","type-post","status-publish","format-standard","hentry","category-economie","category-entrepreneuriat","category-hautdebit","category-innovation","category-internet","category-management","category-microsoft","category-video","tag-bruno-pattino","tag-christine-du-fretay","tag-cisco","tag-droit-internet","tag-france-culture","tag-fremium","tag-google","tag-hadopi","tag-jean-pierre-corniou","tag-laurent-blanchard","tag-le-monde","tag-loic-lemeur","tag-microsoft","tag-nkm","tag-pages-jaunes","tag-pascal-rufenach","tag-propriete-intellectuelle","tag-vincent-cespedes","tag-xavier-niel"],"views":13058,"_links":{"self":[{"href":"https:\/\/www.oezratty.net\/wordpress\/wp-json\/wp\/v2\/posts\/2611","targetHints":{"allow":["GET"]}}],"collection":[{"href":"https:\/\/www.oezratty.net\/wordpress\/wp-json\/wp\/v2\/posts"}],"about":[{"href":"https:\/\/www.oezratty.net\/wordpress\/wp-json\/wp\/v2\/types\/post"}],"author":[{"embeddable":true,"href":"https:\/\/www.oezratty.net\/wordpress\/wp-json\/wp\/v2\/users\/1"}],"replies":[{"embeddable":true,"href":"https:\/\/www.oezratty.net\/wordpress\/wp-json\/wp\/v2\/comments?post=2611"}],"version-history":[{"count":0,"href":"https:\/\/www.oezratty.net\/wordpress\/wp-json\/wp\/v2\/posts\/2611\/revisions"}],"wp:attachment":[{"href":"https:\/\/www.oezratty.net\/wordpress\/wp-json\/wp\/v2\/media?parent=2611"}],"wp:term":[{"taxonomy":"category","embeddable":true,"href":"https:\/\/www.oezratty.net\/wordpress\/wp-json\/wp\/v2\/categories?post=2611"},{"taxonomy":"post_tag","embeddable":true,"href":"https:\/\/www.oezratty.net\/wordpress\/wp-json\/wp\/v2\/tags?post=2611"}],"curies":[{"name":"wp","href":"https:\/\/api.w.org\/{rel}","templated":true}]}}