{"id":2465,"date":"2009-07-20T18:11:37","date_gmt":"2009-07-20T17:11:37","guid":{"rendered":"http:\/\/www.oezratty.net\/wordpress\/2009\/revamping-dt\/"},"modified":"2009-07-20T18:11:37","modified_gmt":"2009-07-20T17:11:37","slug":"revamping-dt","status":"publish","type":"post","link":"https:\/\/www.oezratty.net\/wordpress\/2009\/revamping-dt\/","title":{"rendered":"Revamping d&rsquo;&eacute;t&eacute;"},"content":{"rendered":"<p>Le dernier revamping de ce blog date d\u2019un an et demi (<a href=\"https:\/\/www.oezratty.net\/wordpress\/2008\/new-look\/\">f\u00e9vrier 2009<\/a>). Ca m\u00e9rite une petite mise \u00e0 jour, rendue notamment n\u00e9cessaire par les \u00e9volutions des r\u00e9seaux sociaux, des usages et du contenu de ce blog. C\u2019est aussi pour moi un moyen opportun de me replonger un peu dans le d\u00e9veloppement logiciel (temporairement). Un ancien d\u00e9veloppeur est toujours un d\u00e9veloppeur qui sommeille\u2026<\/p>\n<p>Alors, apr\u00e8s quelques jours de vacances, me revoici avec un plan de travail que je soumets \u00e0 votre sagacit\u00e9, \u00e9tant \u00e0 l\u2019\u00e9coute de vos d\u00e9siderata de lecteurs :<\/p>\n<p><strong>Design<\/strong><\/p>\n<ul>\n<li>Mise en plage plus orient\u00e9e magazine mettant en \u00e9vidence les illustrations des articles.<\/li>\n<li>Meilleure mise en \u00e9vidence des documents \u00e0 t\u00e9l\u00e9charger dans les colonnes de droite. Un aspect li\u00e9 \u00e0 la sp\u00e9cificit\u00e9 de ce blog, qui est un moyen de diffusion de nombreux livres blancs et autres rapports (<a href=\"https:\/\/www.oezratty.net\/wordpress\/2009\/rapport-ces-2009\/\">visite CES<\/a>, <a href=\"https:\/\/www.oezratty.net\/wordpress\/2009\/guide-des-startups-dixieme\/\">guide entrepreneur<\/a>, <a href=\"https:\/\/www.oezratty.net\/wordpress\/2009\/les-opportunits-de-la-tlvision-numrique\/\">livre blanc sur la t\u00e9l\u00e9vision num<\/a>\u00e9rique, etc). On les trouve dans cette <a href=\"https:\/\/www.oezratty.net\/wordpress\/telecharger\/publications\/\">page statique<\/a>, un peu trop cach\u00e9e au go\u00fbt de certains lecteurs. <\/li>\n<li>Modernisation du look et de la charte des couleurs. Je penche pour une dominante bleue. Et envisage de conserver un th\u00e8me \u00e0 trois colonnes de largeur variable. <\/li>\n<\/ul>\n<p><strong>Fonctionnalit\u00e9s<\/strong><\/p>\n<ul>\n<li>Feeds Twitter et Facebook pour alerter de la publication de nouveaux articles. Voire de commentaires ? <\/li>\n<li>Abonnement aux nouveaux articles par emails. <\/li>\n<li>Threaded comments pour mieux suivre les discussions (si pas trop prise de t\u00eate \u00e0 mettre en oeuvre par un plug-in).&#160; <\/li>\n<li>Fonctionnalit\u00e9s de sondage qui pourrait accompagner certains articles. <\/li>\n<li>Navigation graphique dans les th\u00e8mes phares du blog (genre nuage de tags). <\/li>\n<li>Am\u00e9liorer la conformit\u00e9 W3C et l\u2019accessibilit\u00e9 du site.<\/li>\n<li>Passage \u00e0 WordPress 2.8 pour \u00eatre \u00e0 jour, qui ne change pas grand chose pour les lecteurs. Sauf peut-\u00eatre la possibilit\u00e9 d\u2019exploiter Google Gears pour am\u00e9liorer les performances de son navigateur pour la consultation de ce site (hors lecteur RSS). <\/li>\n<\/ul>\n<p>Toute suggestion de plug-in WordPress est la bienvenue dans cette cat\u00e9gorie.<\/p>\n<p><strong>Contenus<\/strong><\/p>\n<ul>\n<li>Peut-\u00eatre quelques statistiques de plus sur les sujets les plus appr\u00e9ci\u00e9s, les articles les plus lus dans une plage de temps r\u00e9cente (1 mois, 6 mois), les articles les plus comment\u00e9s, etc.<\/li>\n<li>Mises \u00e0 jour diverses (bio, revue de presse, architecture technique du blog).<\/li>\n<\/ul>\n<p>Je m\u2019attaquerai \u00e0 cette refonte pendant le courant du mois d\u2019ao\u00fbt.<\/p>\n<p>A vous de dire ce que vous en pensez !<\/p>\n","protected":false},"excerpt":{"rendered":"<p>Le dernier revamping de ce blog date d\u2019un an et demi (f\u00e9vrier 2009). Ca m\u00e9rite une petite mise \u00e0 jour, rendue notamment n\u00e9cessaire par les \u00e9volutions des r\u00e9seaux sociaux, des usages et du contenu de ce blog. C\u2019est aussi pour moi un moyen opportun de me replonger un peu dans le d\u00e9veloppement logiciel (temporairement). Un [&hellip;]<\/p>\n","protected":false},"author":1,"featured_media":0,"comment_status":"open","ping_status":"open","sticky":false,"template":"","format":"standard","meta":{"footnotes":""},"categories":[15,7,23],"tags":[],"class_list":["post-2465","post","type-post","status-publish","format-standard","hentry","category-blogs","category-logiciels","category-logiciels-libres"],"views":30004,"_links":{"self":[{"href":"https:\/\/www.oezratty.net\/wordpress\/wp-json\/wp\/v2\/posts\/2465","targetHints":{"allow":["GET"]}}],"collection":[{"href":"https:\/\/www.oezratty.net\/wordpress\/wp-json\/wp\/v2\/posts"}],"about":[{"href":"https:\/\/www.oezratty.net\/wordpress\/wp-json\/wp\/v2\/types\/post"}],"author":[{"embeddable":true,"href":"https:\/\/www.oezratty.net\/wordpress\/wp-json\/wp\/v2\/users\/1"}],"replies":[{"embeddable":true,"href":"https:\/\/www.oezratty.net\/wordpress\/wp-json\/wp\/v2\/comments?post=2465"}],"version-history":[{"count":0,"href":"https:\/\/www.oezratty.net\/wordpress\/wp-json\/wp\/v2\/posts\/2465\/revisions"}],"wp:attachment":[{"href":"https:\/\/www.oezratty.net\/wordpress\/wp-json\/wp\/v2\/media?parent=2465"}],"wp:term":[{"taxonomy":"category","embeddable":true,"href":"https:\/\/www.oezratty.net\/wordpress\/wp-json\/wp\/v2\/categories?post=2465"},{"taxonomy":"post_tag","embeddable":true,"href":"https:\/\/www.oezratty.net\/wordpress\/wp-json\/wp\/v2\/tags?post=2465"}],"curies":[{"name":"wp","href":"https:\/\/api.w.org\/{rel}","templated":true}]}}