{"id":231,"date":"2007-05-17T12:09:29","date_gmt":"2007-05-17T10:09:29","guid":{"rendered":"http:\/\/www.oezratty.net\/wordpress\/2007\/premier-ministre-bloggeur\/"},"modified":"2007-05-17T12:09:29","modified_gmt":"2007-05-17T10:09:29","slug":"premier-ministre-bloggeur","status":"publish","type":"post","link":"https:\/\/www.oezratty.net\/wordpress\/2007\/premier-ministre-bloggeur\/","title":{"rendered":"Premier Ministre Bloggeur"},"content":{"rendered":"<p>Le Premier Ministre qui vient d&#8217;\u00eatre nomm\u00e9 aujourd&#8217;hui, <a href=\"http:\/\/fr.wikipedia.org\/wiki\/Fran%C3%A7ois_Fillon\">Fran\u00e7ois Fillon<\/a>, est le premier du genre \u00e0 \u00eatre <u><strong>bloggeur<\/strong><\/u>. C&#8217;est un signe int\u00e9ressant et notable, m\u00eame s&#8217;il ne peut pas donner d&#8217;indication sur ce la place qu&#8217;il tiendra comme Premier Ministre!<\/p>\n<p>Fran\u00e7ois Fillon semble avoir d\u00e9marr\u00e9 <a href=\"http:\/\/www.blog-fillon.com\/\">son blog<\/a> &#8220;<em>La France peut supporter la v\u00e9rit\u00e9<\/em>&#8221; en janvier 2006, du titre de l&#8217;ouvrage qu&#8217;il a publi\u00e9 la m\u00eame ann\u00e9e. Il y a adopt\u00e9 un style narratif pos\u00e9, synth\u00e9tique et conforme \u00e0 son personnage. M\u00eame s&#8217;il n&#8217;h\u00e9site pas \u00e0 \u00eatre &#8220;fumasse&#8221; comme dans ce post &#8220;<a href=\"http:\/\/www.blog-fillon.com\/archive-9-2006.html\">Furieux<\/a>&#8221; o\u00f9 il s&#8217;agace contre l&#8217;\u00e9cho &#8220;people&#8221; qui a \u00e9t\u00e9 donn\u00e9 \u00e0 la publication de son livre. Travers des m\u00e9dias qui est pourtant bien connu et qu&#8217;il peut sembler ing\u00e9nu de critiquer ainsi.<\/p>\n<p>Fran\u00e7ois Fillon n&#8217;est pas seulement un blogger, qui va probablement arr\u00eater cette activit\u00e9 du fait de son nouveau r\u00f4le, mais aussi un ancien Ministre ayant c\u00f4toy\u00e9 de pr\u00e8s les nouvelles technologies. Il a \u00e9t\u00e9 notamment Ministre de l&#8217;Enseignement Sup\u00e9rieur et de la Recherche sous le gouvernement Balladur et des Technologies et des T\u00e9l\u00e9communications sous Alain Jupp\u00e9. Puis \u00e0 nouveau \u00e0 chapeauter l&#8217;Enseignement Sup\u00e9rieur et la Recherche comme Ministre de l&#8217;Education&nbsp;dans le gouvernement&nbsp;Jean-Pierre Raffarin.<\/p>\n<p>Il a toujours d\u00e9montr\u00e9 un int\u00e9r\u00eat pour les TIC. Je me rappelle qu&#8217;il avait rencontr\u00e9 Bill Gates lorsqu&#8217;il \u00e9tait Ministre. Plus r\u00e9cemment, il avait fait un petit tour au S\u00e9nat (dont il est membre) lors du <a href=\"http:\/\/www.microsoft.com\/france\/apropos\/actualites\/idees\/default.mspx\">premier anniversaire<\/a> du programme IDEES de Microsoft. Et s&#8217;en \u00e9tait m\u00eame fait ensuite <a href=\"http:\/\/www.blog-fillon.com\/article-5632420.html\">l&#8217;\u00e9cho sur son blog<\/a>. Cela ne veut pas dire pour autant qu&#8217;il est &#8220;vendu&#8221; \u00e0 Microsoft, ce que certains chercheront sans doute \u00e0 insinuer.<\/p>\n<p><a href=\"https:\/\/www.oezratty.net\/wordpress\/wp-content\/windowslivewriterpremierministrebloggeur-a1cbimage02.png\" atomicselection=\"true\"><img loading=\"lazy\" decoding=\"async\" style=\"border-right: 0px; border-top: 0px; border-left: 0px; border-bottom: 0px\" height=\"284\" src=\"https:\/\/www.oezratty.net\/wordpress\/wp-content\/windowslivewriterpremierministrebloggeur-a1cbimage0-thumb.png\" width=\"367\" border=\"0\"><\/a><\/p>\n<p>Par contre, cela n&#8217;a rien \u00e0 voir avec les TIC, il faudra&nbsp;qu&#8217;il apprenne&nbsp;\u00e0 jouer un peu plus des zygomatiques. Ce n&#8217;est pas vraiment son fort!<\/p>\n<p>Maintenant, il reste \u00e0 voir comment Fran\u00e7ois Fillon et ses Ministres s&#8217;entoureront dans leurs cabinets respectifs. Et notamment quelle sera la proportion de conseillers qui viendront de la &#8220;soci\u00e9t\u00e9 civile&#8221; et ne seront pas \u00e9narques ou hauts-fonctionnaires. Il sera \u00e9galement notamment int\u00e9ressant de voir \u00e0 quel poste atterrira <a href=\"http:\/\/www.valeriepecresse.net\/wordpress\/\">Val\u00e9rie P\u00e9cresse<\/a>. Actuellement d\u00e9put\u00e9e des Yvelines et porte-parole de l&#8217;UMP, elle avait c\u00f4toy\u00e9 les TIC comme conseill\u00e8re technique couvrant ce sujet \u00e0 l&#8217;Elys\u00e9e entre 1998 et 2002. Elle s&#8217;\u00e9tait quelque peu \u00e9loign\u00e9e des TIC \u00e0 partir de 2002, pour se sp\u00e9cialiser sur la famille. Th\u00e8me sur lequel elle avait jou\u00e9 le r\u00f4le de rapporteur d&#8217;un <a href=\"http:\/\/www.assemblee-nationale.fr\/12\/rap-info\/i2832_t2.asp\">rapport parlementaire<\/a> commandit\u00e9 par Dominique de Villepin, publi\u00e9 d\u00e9but 2007 et pass\u00e9 quelque peu inaper\u00e7u voire <a href=\"http:\/\/www.tetu.com\/rubrique\/mag\/mag_dossier_detail.php?id_dossier=78\">contest\u00e9<\/a>&nbsp;car trop conservateur sur le sujet des enfants de couples homosexuels.<\/p>\n<p>Stay tuned&#8230;<\/p>\n","protected":false},"excerpt":{"rendered":"<p>Le Premier Ministre qui vient d&#8217;\u00eatre nomm\u00e9 aujourd&#8217;hui, Fran\u00e7ois Fillon, est le premier du genre \u00e0 \u00eatre bloggeur. C&#8217;est un signe int\u00e9ressant et notable, m\u00eame s&#8217;il ne peut pas donner d&#8217;indication sur ce la place qu&#8217;il tiendra comme Premier Ministre! Fran\u00e7ois Fillon semble avoir d\u00e9marr\u00e9 son blog &#8220;La France peut supporter la v\u00e9rit\u00e9&#8221; en janvier [&hellip;]<\/p>\n","protected":false},"author":1,"featured_media":0,"comment_status":"open","ping_status":"open","sticky":false,"template":"","format":"standard","meta":{"footnotes":""},"categories":[11,3,18,5],"tags":[],"class_list":["post-231","post","type-post","status-publish","format-standard","hentry","category-france","category-microsoft","category-politique","category-technologie"],"views":12390,"_links":{"self":[{"href":"https:\/\/www.oezratty.net\/wordpress\/wp-json\/wp\/v2\/posts\/231","targetHints":{"allow":["GET"]}}],"collection":[{"href":"https:\/\/www.oezratty.net\/wordpress\/wp-json\/wp\/v2\/posts"}],"about":[{"href":"https:\/\/www.oezratty.net\/wordpress\/wp-json\/wp\/v2\/types\/post"}],"author":[{"embeddable":true,"href":"https:\/\/www.oezratty.net\/wordpress\/wp-json\/wp\/v2\/users\/1"}],"replies":[{"embeddable":true,"href":"https:\/\/www.oezratty.net\/wordpress\/wp-json\/wp\/v2\/comments?post=231"}],"version-history":[{"count":0,"href":"https:\/\/www.oezratty.net\/wordpress\/wp-json\/wp\/v2\/posts\/231\/revisions"}],"wp:attachment":[{"href":"https:\/\/www.oezratty.net\/wordpress\/wp-json\/wp\/v2\/media?parent=231"}],"wp:term":[{"taxonomy":"category","embeddable":true,"href":"https:\/\/www.oezratty.net\/wordpress\/wp-json\/wp\/v2\/categories?post=231"},{"taxonomy":"post_tag","embeddable":true,"href":"https:\/\/www.oezratty.net\/wordpress\/wp-json\/wp\/v2\/tags?post=231"}],"curies":[{"name":"wp","href":"https:\/\/api.w.org\/{rel}","templated":true}]}}