{"id":20995,"date":"2023-04-05T08:48:10","date_gmt":"2023-04-05T07:48:10","guid":{"rendered":"https:\/\/www.oezratty.net\/wordpress\/?p=20995"},"modified":"2023-04-06T05:04:51","modified_gmt":"2023-04-06T04:04:51","slug":"actualite-quantique-de-mars-2023","status":"publish","type":"post","link":"https:\/\/www.oezratty.net\/wordpress\/2023\/actualite-quantique-de-mars-2023\/","title":{"rendered":"Actualit\u00e9 quantique de mars 2023"},"content":{"rendered":"<p>Bienvenue dans le 47e \u00e9pisode de Quantum, le podcast mensuel de l\u2019actualit\u00e9 quantique francophone, toujours enregistr\u00e9 en compagnie de Fanny Bouton, ci-devant, quantum lead chez OVHcloud.<\/p>\n<p><iframe loading=\"lazy\" src=\"https:\/\/share.transistor.fm\/e\/3d34b1d6\" width=\"100%\" height=\"180\" frameborder=\"no\" scrolling=\"no\" seamless=\"\"><\/iframe><\/p>\n<p><strong>Compte-rendu de l\u2019APS March Meeting \u00e0 Las Vegas<\/strong><\/p>\n<p>D\u00e9but mars 2023, j&#8217;\u00e9tais donc \u00e0 Las Vegas et bien \u00e9videmment pas pour le CES o\u00f9 je ne vais plus depuis 2020, mais pour participer comme visiteur \u00e0 une conf\u00e9rence de physiciens, l\u2019APS March meeting. Cet \u00e9v\u00e9nement rassemblait 13 000 participants avec 5000 pr\u00e9sentations dont 1735 rien que sur le quantique. C\u2019est un peu un \u00ab dump d\u2019arXiv \u00bb de l\u2019ann\u00e9e qui associe des pr\u00e9sentations de travaux de th\u00e9sards et post-docs d&#8217;universit\u00e9s et laboratoires de recherche du monde entier, puis des talks &#8220;invit\u00e9s&#8221; avec des chercheurs \u00e9m\u00e9rites. Cela avait lieu dans le Caesar Forum, un centre de convention situ\u00e9 derri\u00e8re l\u2019h\u00f4tel LINQ. Il \u00e9tait d\u2019ailleurs relativement exigu pour la dimension de l\u2019\u00e9v\u00e9nement. Certaines salles \u00e9taient remplies \u00e0 craquer.<\/p>\n<p><a href=\"https:\/\/www.oezratty.net\/wordpress\/2023\/actualite-quantique-de-mars-2023\/caesar-forum\/\" rel=\"attachment wp-att-20998\"><img loading=\"lazy\" decoding=\"async\" class=\"alignnone wp-image-20998\" src=\"https:\/\/www.oezratty.net\/wordpress\/wp-content\/Caesar-Forum-1024x576.jpg\" alt=\"\" width=\"462\" height=\"260\" srcset=\"https:\/\/www.oezratty.net\/wordpress\/wp-content\/Caesar-Forum-1024x576.jpg 1024w, https:\/\/www.oezratty.net\/wordpress\/wp-content\/Caesar-Forum-300x169.jpg 300w, https:\/\/www.oezratty.net\/wordpress\/wp-content\/Caesar-Forum-768x432.jpg 768w, https:\/\/www.oezratty.net\/wordpress\/wp-content\/Caesar-Forum-1536x864.jpg 1536w, https:\/\/www.oezratty.net\/wordpress\/wp-content\/Caesar-Forum-2048x1152.jpg 2048w\" sizes=\"auto, (max-width: 462px) 100vw, 462px\" \/><\/a><\/p>\n<p>Les sujets couverts sont tr\u00e8s vari\u00e9s, avec une dominante sur les qubits \u00ab solid state \u00bb, supraconducteurs et silicium, mais les atomes neutres et m\u00eame les photons \u00e9taient bien couverts, malgr\u00e9 le fait que ces derniers sont aussi trait\u00e9s dans Photonic West qui avait lieu du 31 janvier au 3 f\u00e9vrier 2023 \u00e0 San Francisco et o\u00f9 Quandela \u00e9tait pr\u00e9sent.<\/p>\n<p>Les entreprises du secteur pr\u00e9sentaient leur roadmap mise \u00e0 jour avec notamment IBM, Microsoft, Google, PsiQuantum, Quantinuum ainsi qu&#8217;Alibaba. Il ne me semble pas avoir vu d\u2019acteurs europ\u00e9ens invit\u00e9s \u00e0 faire cet exercice.<\/p>\n<p>Un ballroom de la taille du CES Unveiled pour ceux qui connaissent le CES comprenait environ 150 exposants. On y trouvait surtout des technologies habilitantes : cryostats et compresseurs (Bluefors, Maybell, Oxford Instruments, Air Liquide, Cryomech, Sumitomo), \u00e9lectronique de contr\u00f4le (Keysight, Quantum Machines, Qblox, \u2026), c\u00e2blage (Delf Circuits) et instrumentation diverse. Et des z\u00f4nes pour les entreprises et laboratoires de recherche qui recrutent. C\u2019est un peu la foire au goret internationale du jeune physicien.<\/p>\n<p><a href=\"https:\/\/www.oezratty.net\/wordpress\/2023\/actualite-quantique-de-mars-2023\/exposants\/\" rel=\"attachment wp-att-20999\"><img loading=\"lazy\" decoding=\"async\" class=\"alignnone wp-image-20999\" src=\"https:\/\/www.oezratty.net\/wordpress\/wp-content\/Exposants-1024x576.jpg\" alt=\"\" width=\"454\" height=\"278\" \/><\/a><\/p>\n<p>Plus deux posters sessions g\u00e9antes o\u00f9 les th\u00e9sards et post-docs pr\u00e9sentent leurs travaux de mani\u00e8re synth\u00e9tique sur un poster, dont un ci-dessous qui n&#8217;avait pas tout \u00e0 fait compris le sens de l&#8217;exercice.<\/p>\n<p><a href=\"https:\/\/www.oezratty.net\/wordpress\/2023\/actualite-quantique-de-mars-2023\/poster-pas-synthetique\/\" rel=\"attachment wp-att-21000\"><img loading=\"lazy\" decoding=\"async\" class=\"alignnone wp-image-21000\" src=\"https:\/\/www.oezratty.net\/wordpress\/wp-content\/Poster-pas-synthetique-1024x576.jpg\" alt=\"\" width=\"462\" height=\"260\" srcset=\"https:\/\/www.oezratty.net\/wordpress\/wp-content\/Poster-pas-synthetique-1024x576.jpg 1024w, https:\/\/www.oezratty.net\/wordpress\/wp-content\/Poster-pas-synthetique-300x169.jpg 300w, https:\/\/www.oezratty.net\/wordpress\/wp-content\/Poster-pas-synthetique-768x432.jpg 768w, https:\/\/www.oezratty.net\/wordpress\/wp-content\/Poster-pas-synthetique-1536x864.jpg 1536w, https:\/\/www.oezratty.net\/wordpress\/wp-content\/Poster-pas-synthetique-2048x1152.jpg 2048w\" sizes=\"auto, (max-width: 462px) 100vw, 462px\" \/><\/a><\/p>\n<p>Les chercheurs de France \u00e9taient-ils pr\u00e9sents mais pas en force. J\u2019estime que nous \u00e9tions moins de 50-60 en tout. L\u2019entit\u00e9 la plus pr\u00e9sente \u00e9tait Alice&amp;Bob avec une quinzaine de participants, qui intervenaient dans 9 sessions. Il y avait aussi des chercheurs d\u2019Atos (Thomas Ayral), du CEA (Emmanuel Flurin), de l\u2019Institut N\u00e9el (Nicolas Roch, Adolfo Grushin), de Pasqal (Adrien Signoles), de l\u2019ENS Lyon (Audrey Bienfait), et aussi Pauline Boucher de Quantonation et l\u2019\u00e9quipe d\u2019Air Liquide. Et aussi des chercheurs fran\u00e7ais dans d\u2019autres domaines que les technologies quantiques.<\/p>\n<p>Sur place, j&#8217;ai pu rencontrer John Preskill de Caltech, Jerry Chow, le patron du hardware quantique d\u2019IBM, la startup EeroQ qui d\u00e9veloppe des qubits de spin sur lit d\u2019h\u00e9lium liquide et Joe Fitzsimmons d\u2019Horizon Quantum qui est bas\u00e9 \u00e0 Singapour.<\/p>\n<p>L\u2019\u00e9dition 2024 aura lieu \u00e0 Minneapolis.<\/p>\n<p><strong>BIG QC-AI HPC Hackathon<\/strong><\/p>\n<p>Ce hackathon \u00e9tait organis\u00e9 des 11 au 14 mars par QuantX au si\u00e8ge du BCG \u00e0 Paris. Il \u00e9tait structur\u00e9 en deux parties avec 10 \u00e9quipes techniques dont cinq \u00e9taient s\u00e9lectionn\u00e9es pour une seconde partie dite &#8220;business&#8221;. Le jury de la premi\u00e8re partie comprenait notamment Jay Gambetta d\u2019IBM et Iordanis Kerenidis de Qc-Ware et de l&#8217;IRIF. La remise des prix \u00e9tait faite par Alain Aspect et Jean-No\u00ebl Barrot, le Ministre D\u00e9l\u00e9gu\u00e9 au Num\u00e9rique.<\/p>\n<p><a href=\"https:\/\/www.oezratty.net\/wordpress\/2023\/actualite-quantique-de-mars-2023\/alain-aspect\/\" rel=\"attachment wp-att-21001\"><img loading=\"lazy\" decoding=\"async\" class=\"alignnone wp-image-21001\" src=\"https:\/\/www.oezratty.net\/wordpress\/wp-content\/Alain-Aspect-1024x576.jpg\" alt=\"\" width=\"475\" height=\"273\" \/><\/a><\/p>\n<p>Jay Gambetta participait aussi \u00e0 un s\u00e9minaire quantique organis\u00e9 la m\u00eame semaine par IBM \u00e0 Bois-Colombes. Les \u00e9quipes comprenaient des personnes d&#8217;EDF, LVMH, du Minist\u00e8re des Arm\u00e9es, de Multiverse, de BMW, Quandela, Pasqal, IQM et Atos ainsi que des \u00e9tudiants de l&#8217;ENS, de l&#8217;Ecole Polytechnique, de CentraleSupelec et de l&#8217;EPITA. Les codes d\u00e9velopp\u00e9s tournaient sur myQLM d\u2019Atos et sur l\u2019\u00e9mulateur Perceval et la machine de Quandela chez OVHcloud. C\u2019est l\u2019\u00e9quipe IBM et BMW qui a remport\u00e9 le hackathon.<\/p>\n<p><strong>Plan UK de 2.5 milliards de livres Sterling<\/strong><\/p>\n<p>Le Royaume Uni annon\u00e7ait en mars un \u00e9norme plan de $3B \u00e9tal\u00e9s sur 10 ans. C\u2019est une prorogation de leurs efforts dans le domaine lanc\u00e9s il y a maintenant 10 ans.\u00a0Ils indiquent que cet investissement permettra de doubler leur investissement public sur cette p\u00e9riode qui va d\u00e9marrer \u00e0 2024. Ils anticipent que cela va g\u00e9n\u00e9rer un effet de levier sur \u00a31B d\u2019investissements priv\u00e9s. Dans les objectifs, il y a notamment la formation de 1000 \u00e9tudiants, la volont\u00e9 de signer des partenariats avec 5 pays (en plus des USA pour qui c\u2019est d\u00e9j\u00e0 fait). Quantitativement, ils se donnent comme objectif de passer de 12% \u00e0 15% de l\u2019investissement mondial dans les startups, de 9% \u00e0 15% de parts de march\u00e9 mondiale dans les technologies quantiques et d\u2019avoir au moins 75% des grandes entreprises locales qui adoptent les technologies quantiques. Ils veulent aussi influencer la standardisation, cr\u00e9er de nouveaux hubs et des acc\u00e9l\u00e9rateurs de startups. Ils cr\u00e9ent aussi formellement the \u201cOffice for Quantum in the Department for Science, Innovation and Technology\u201d (DSIT) au Minist\u00e8re de la Recherche.<\/p>\n<p>Ce plan a notamment \u00e9t\u00e9 lanc\u00e9 en r\u00e9action aux plans allemands et fran\u00e7ais. L\u2019effet Brexit ne les aide pas car cela les isole de l\u2019Union Europ\u00e9enne. Donc, ils cherchent \u00e0 d\u00e9cloisonner le pays. Ce plan fait partie d\u2019un plan technologique plus large o\u00f9 le pays a retenu 5 technologies prioritaires : IA, t\u00e9l\u00e9communications, semiconducteurs, biologie et donc quantique. Le pays fait des choix plus radicaux que la France qui poursuit des strat\u00e9gies d\u2019acc\u00e9l\u00e9ration dans bien trop de domaines. On ne peut pas courir tous les li\u00e8vres \u00e0 la fois.<\/p>\n<p><a href=\"https:\/\/thequantuminsider.com\/2023\/03\/15\/quantum-community-reacts-to-uks-2-5-billion-plan-for-quantum\/\">https:\/\/thequantuminsider.com\/2023\/03\/15\/quantum-community-reacts-to-uks-2-5-billion-plan-for-quantum\/<\/a><\/p>\n<p><a href=\"https:\/\/assets.publishing.service.gov.uk\/government\/uploads\/system\/uploads\/attachment_data\/file\/1142942\/national_quantum_strategy.pdf\">https:\/\/assets.publishing.service.gov.uk\/government\/uploads\/system\/uploads\/attachment_data\/file\/1142942\/national_quantum_strategy.pdf<\/a><\/p>\n<p><a href=\"https:\/\/www.gov.uk\/government\/publications\/uk-science-and-technology-framework\">https:\/\/www.gov.uk\/government\/publications\/uk-science-and-technology-framework<\/a><\/p>\n<p><a href=\"https:\/\/www.nqcc.ac.uk\/annual-report\/\">https:\/\/www.nqcc.ac.uk\/annual-report\/<\/a><\/p>\n<p><strong>Semaine diplomatique quantique en France<\/strong><\/p>\n<p>Jeudi 30 mars avait lieu la journ\u00e9e nationale quantique \u00e0 la BNF avec trois Ministres. Cela concluait une semaine diplomatique o\u00f9 la France avait re\u00e7u la r\u00e9union des coordinateurs des strat\u00e9gies quantique d\u2019une douzaine de pays, le meeting pr\u00e9c\u00e9dent ayant eu lieu \u00e0 Londres en novembre 2022. La journ\u00e9e \u00e0 la BNF \u00e9tait tr\u00e8s riche avec les interventions de Bruno Bonnel, de Jean-No\u00ebl Barrot, de Sylvie Retailleau et d\u2019Olivier Becht, du Minist\u00e8re des Affaires \u00c9trang\u00e8res (<em>ci-dessous<\/em>). Plus Neil Abroug qui faisait un point sur l\u2019ex\u00e9cution de la strat\u00e9gie quantique annonc\u00e9e par le Pr\u00e9sident de la R\u00e9publique le 21 janvier 2021.<\/p>\n<p><a href=\"https:\/\/www.oezratty.net\/wordpress\/2023\/actualite-quantique-de-mars-2023\/journee-nationale-quantique\/\" rel=\"attachment wp-att-21003\"><img loading=\"lazy\" decoding=\"async\" class=\"alignnone wp-image-21003\" src=\"https:\/\/www.oezratty.net\/wordpress\/wp-content\/Journee-Nationale-Quantique-1024x576.jpg\" alt=\"\" width=\"476\" height=\"268\" srcset=\"https:\/\/www.oezratty.net\/wordpress\/wp-content\/Journee-Nationale-Quantique-1024x576.jpg 1024w, https:\/\/www.oezratty.net\/wordpress\/wp-content\/Journee-Nationale-Quantique-300x169.jpg 300w, https:\/\/www.oezratty.net\/wordpress\/wp-content\/Journee-Nationale-Quantique-768x432.jpg 768w, https:\/\/www.oezratty.net\/wordpress\/wp-content\/Journee-Nationale-Quantique-1536x864.jpg 1536w, https:\/\/www.oezratty.net\/wordpress\/wp-content\/Journee-Nationale-Quantique.jpg 2016w\" sizes=\"auto, (max-width: 476px) 100vw, 476px\" \/><\/a><\/p>\n<p>Tous les panels \u00e9taient li\u00e9s \u00e0 la mise en \u0153uvre de la strat\u00e9gie nationale quantique depuis deux ans : sur la recherche avec les PEPR (programmes et \u00e9quipements prioritaires de recherche), sur le grand d\u00e9fi HQI et le cloud, sur les startups du calcul quantique et la mont\u00e9e en \u00e9chelle, sur les technologies habilitantes, sur le financement des startups, sur la formation, sur les standards, normes et le benchmarking et sur les \u00e9cosyst\u00e8mes et la coop\u00e9ration internationale. A noter les interventions de Barbara Goldstein du NIST dans le panel sur les normes, standards et le benchmarking ainsi que de Tommaso Calarco et de Gustav Kalbe de la Commission Europ\u00e9enne dans le dernier panel. Il y avait aussi deux interventions scientifiques, d\u2019Alain Aspect et de Pierre Rouchon (Ecole des mines, contributeur \u00e0 la cr\u00e9ation des qubits de chats d\u2019Alice&amp;Bob).<\/p>\n<p>Les d\u00e9l\u00e9gations \u00e9trang\u00e8res se r\u00e9unissaient au SGPI le mardi et visitaient l\u2019\u00e9cosyst\u00e8me quantique du plateau de Saclay avec notamment le C2N et le laboratoire de Pascale Senellart ainsi que l\u2019IOGS et l\u2019ENS Saclay.<\/p>\n<p>A l\u2019occasion, le SGPI a publi\u00e9 un rapport d\u2019activit\u00e9 du plan quantique d\u2019une cinquantaine de pages sur l\u2019ann\u00e9e 2022.<\/p>\n<p><a href=\"https:\/\/www.linkedin.com\/feed\/update\/urn:li:activity:7047309826690793472\/\">https:\/\/www.linkedin.com\/feed\/update\/urn:li:activity:7047309826690793472\/<\/a><\/p>\n<p><strong>Startups<\/strong><\/p>\n<p>Une nouvelle startup vient d&#8217;\u00eatre cr\u00e9e dans les qubits silicium en Finlande,\u00a0<strong>SemiQon<\/strong>. Ils se vendent en indiquant que la fabrication de puces silicium est facile \u00e0 r\u00e9pliquer. Un peu l\u00e9ger\u00a0!<\/p>\n<p><a href=\"https:\/\/www.oezratty.net\/wordpress\/2023\/actualite-quantique-de-mars-2023\/semiqon-logo\/\" rel=\"attachment wp-att-21004\"><img loading=\"lazy\" decoding=\"async\" class=\"alignnone size-full wp-image-21004\" src=\"https:\/\/www.oezratty.net\/wordpress\/wp-content\/SemiQon-logo.jpg\" alt=\"\" width=\"146\" height=\"30\" \/><\/a><\/p>\n<p><a href=\"https:\/\/www.semiqon.tech\/\">https:\/\/www.semiqon.tech\/<\/a><\/p>\n<p><a href=\"https:\/\/thequantuminsider.com\/2023\/03\/14\/vtt-spins-out-semiqon-for-more-affordable-scalable-quantum-computers\/\">https:\/\/thequantuminsider.com\/2023\/03\/14\/vtt-spins-out-semiqon-for-more-affordable-scalable-quantum-computers\/<\/a><\/p>\n<p><strong>Pol\u00e9mique sur l\u2019algorithme de Grover<\/strong><\/p>\n<p>Xavier Waintal du CEA-IRIG \u00e0 Grenoble et Edwin Miles Stoudenmire, son coll\u00e8gue du Flatiron Institute de New York ont d\u00e9fray\u00e9 la chronique quantique fin mars en publiant un papier selon lequel l\u2019algorithme de Grover ne pr\u00e9sentait aucun avantage quantique. Ils se sont pris une vol\u00e9e de bois vert de la part de Scott Aaronson dans son propre blog.<\/p>\n<p>C&#8217;est un d\u00e9bat entre\u00a0th\u00e9oriciens et praticiens du calcul quantique. Les th\u00e9oriciens avancent des acc\u00e9l\u00e9rations th\u00e9oriques d\u2019algorithmes quantiques et les praticiens cherchent \u00e0 v\u00e9rifier les conditions de leur mise en \u0153uvre. L\u2019algorithme de Grover sert \u00e0 rechercher une aiguille dans une botte de foin, ou un \u00e9l\u00e9ment d\u2019une base de donn\u00e9es qui v\u00e9rifier une condition. Son acc\u00e9l\u00e9ration n\u2019est que polynomiale, ce qui est d\u00e9j\u00e0 consid\u00e9r\u00e9 comme moyen par rapport au nirvana de l\u2019acc\u00e9l\u00e9ration exponentielle. Or l\u2019acc\u00e9l\u00e9ration de l\u2019algorithme de Grover ne tient pas compte du co\u00fbt en calcul de ce que l\u2019on appelle la fonction d\u2019oracle qui cherche de mani\u00e8re superpos\u00e9e les donn\u00e9es dans la base. Celle fonction est soit classique et tr\u00e8s lente, soit quantique. Ce que Waintal et Stoudenmire cherchent \u00e0 d\u00e9montrer est que dans ce dernier cas, la fonction est facile \u00e0 \u00e9muler classiquement. Et le reste de l\u2019algorithme de Grover qui s&#8217;appuie sur de l&#8217;amplification d\u2019amplitude l\u2019est tout autant car il ne fait pas appel \u00e0 de l\u2019intrication. Avec des r\u00e9seaux de tenseurs, tout cela devient \u00e9mulable efficacement et classiquement.<\/p>\n<p><a href=\"https:\/\/arxiv.org\/abs\/2303.11317\">Grover&#8217;s Algorithm Offers No Quantum Advantage<\/a> by E.M. Stoudenmire and Xavier Waintal, March 2023 (16 pages)<\/p>\n<p>Scott Aaronson in <a href=\"https:\/\/scottaaronson.blog\/?p=7143\">Of course Grover\u2019s algorithm offers a quantum advantage!<\/a>.<\/p>\n<p>Jean-Baptiste Latre : <a href=\"https:\/\/www.linkedin.com\/feed\/update\/urn:li:activity:7044601735780184064\/\">https:\/\/www.linkedin.com\/feed\/update\/urn:li:activity:7044601735780184064\/<\/a>.<\/p>\n<p>R\u00e9ponse de Xavier Waintal r\u00e9ponse \u00e0 Scott Aaronson : <a href=\"https:\/\/scottaaronson.blog\/?p=7157\">https:\/\/scottaaronson.blog\/?p=7157<\/a>.<\/p>\n<p><strong>Fujitsu et l\u2019Universit\u00e9 d\u2019Osaka proposent une architecture \u00e0 tol\u00e9rance de panne moins gourmande en ressources<\/strong><\/p>\n<p>Il s\u2019agit d\u2019une architecture permettant de r\u00e9duire le nombre de qubits physiques par qubits logiques. Il faut savoir que dans la tol\u00e9rance de pannes, le co\u00fbt le plus \u00e9lev\u00e9 consiste \u00e0 corriger les portes T \u00e0 rotation de phase. Cela passe par un grand nombre de qubits physiques. Ces portes T combin\u00e9es \u00e0 des H permettent de g\u00e9n\u00e9rer des portes R \u00e0 rotation de phase arbitraire. Elles sont indispensables pour faire par exemple une transform\u00e9e de Fourier et obtenir une acc\u00e9l\u00e9ration exponentielle. L\u2019id\u00e9e de Fujitsu consiste \u00e0 ne corriger avec des qubits logiques que les portes dites du groupe de Clifford, puis \u00e0 corriger s\u00e9par\u00e9ment des portes \u00e0 phase contr\u00f4l\u00e9e arbitraire. Ils pr\u00e9voient ainsi de cr\u00e9er un ordinateurs \u00e0 64 qubits logiques avec seulement 10 000 qubits physiques. Bon, cela m\u00e9rite analyse.<\/p>\n<p><a href=\"https:\/\/www.oezratty.net\/wordpress\/2023\/actualite-quantique-de-mars-2023\/fujitsu-architecture\/\" rel=\"attachment wp-att-21005\"><img loading=\"lazy\" decoding=\"async\" class=\"alignnone wp-image-21005\" src=\"https:\/\/www.oezratty.net\/wordpress\/wp-content\/Fujitsu-architecture.jpg\" alt=\"\" width=\"557\" height=\"107\" \/><\/a><\/p>\n<p><a href=\"https:\/\/www.fujitsu.com\/global\/about\/resources\/news\/press-releases\/2023\/0323-01.html\">https:\/\/www.fujitsu.com\/global\/about\/resources\/news\/press-releases\/2023\/0323-01.html<\/a>,<\/p>\n<p><a href=\"https:\/\/arxiv.org\/abs\/2303.13181\">Partially Fault-tolerant Quantum Computing Architecture with Error-corrected Clifford Gates and Space-time Efficient Analog Rotations<\/a> by Yutaro Akahoshi et al, March 2023 (20 pages).<\/p>\n<p><strong>Formation<\/strong><\/p>\n<p>L&#8217;<strong>Institut Polytechnique de Paris<\/strong>, lance une offre \u00ab\u00a0Executive Education\u00a0\u00bb sur les Technologies Quantiques, premi\u00e8re brique du projet\u00a0<a href=\"https:\/\/www.linkedin.com\/feed\/hashtag\/?keywords=eduquantum&amp;highlightedUpdateUrns=urn%3Ali%3Aactivity%3A7039536288189796352\">#EduQuantum<\/a> du plateau de Saclay. Associant l\u2019IPP et l\u2019UPS. Projet lanc\u00e9 avec le soutien d\u2019<a href=\"https:\/\/www.linkedin.com\/company\/atos\/\">Atos<\/a>, de Systematic, de\u00a0<a href=\"https:\/\/www.linkedin.com\/company\/colibritd\/\">ColibrITD<\/a>, de\u00a0<a href=\"https:\/\/www.linkedin.com\/company\/ter-tec\/\">TERATEC<\/a>, du\u00a0<a href=\"https:\/\/www.linkedin.com\/company\/genci\/\">GENCI<\/a>, du\u00a0<a href=\"https:\/\/www.linkedin.com\/company\/cea\/\">CEA<\/a>, de l\u2019<a href=\"https:\/\/www.linkedin.com\/company\/onera\/\">ONERA<\/a>\u00a0et d&#8217;<a href=\"https:\/\/www.linkedin.com\/company\/inria\/\">Inria<\/a>.<\/p>\n<p>Le projet est pilot\u00e9 par l\u2019ENSTA et vise \u00e0 former des ing\u00e9nieurs aux technologies quantiques, aux managers, cadres dirigeants et membres des comit\u00e9s ex\u00e9cutifs. Il comprend \u00e9galement des \u00ab Learning expeditions \u00bb \u00e0 l\u2019attention des \u00e9quipes de direction. Et cerise sur le g\u00e2teau, ils proposent aussi des formations manag\u00e9riales pour les cr\u00e9ateurs de startups et enseignants-chercheurs porteurs de projets innovants dans le quantique.<\/p>\n<p><a href=\"https:\/\/www.ensta-paris.fr\/fr\/ip-paris-lance-son-offre-executive-education-sur-quantique-premiere-brique-du-projet-eduquantum\">https:\/\/www.ensta-paris.fr\/fr\/ip-paris-lance-son-offre-executive-education-sur-quantique-premiere-brique-du-projet-eduquantum<\/a><\/p>\n<p>La suite au prochain \u00e9pisode !<\/p>\n","protected":false},"excerpt":{"rendered":"<p>Bienvenue dans le 47e \u00e9pisode de Quantum, le podcast mensuel de l\u2019actualit\u00e9 quantique francophone, toujours enregistr\u00e9 en compagnie de Fanny Bouton, ci-devant, quantum lead chez OVHcloud. Compte-rendu de l\u2019APS March Meeting \u00e0 Las Vegas D\u00e9but mars 2023, j&#8217;\u00e9tais donc \u00e0 Las Vegas et bien \u00e9videmment pas pour le CES o\u00f9 je ne vais plus depuis [&hellip;]<\/p>\n","protected":false},"author":1,"featured_media":0,"comment_status":"open","ping_status":"open","sticky":false,"template":"","format":"standard","meta":{"footnotes":""},"categories":[4],"tags":[2336,3542,1088,749],"class_list":["post-20995","post","type-post","status-publish","format-standard","hentry","category-actualites","tag-alibaba","tag-aps-march-meeting","tag-ibm","tag-uk"],"views":7755,"_links":{"self":[{"href":"https:\/\/www.oezratty.net\/wordpress\/wp-json\/wp\/v2\/posts\/20995","targetHints":{"allow":["GET"]}}],"collection":[{"href":"https:\/\/www.oezratty.net\/wordpress\/wp-json\/wp\/v2\/posts"}],"about":[{"href":"https:\/\/www.oezratty.net\/wordpress\/wp-json\/wp\/v2\/types\/post"}],"author":[{"embeddable":true,"href":"https:\/\/www.oezratty.net\/wordpress\/wp-json\/wp\/v2\/users\/1"}],"replies":[{"embeddable":true,"href":"https:\/\/www.oezratty.net\/wordpress\/wp-json\/wp\/v2\/comments?post=20995"}],"version-history":[{"count":0,"href":"https:\/\/www.oezratty.net\/wordpress\/wp-json\/wp\/v2\/posts\/20995\/revisions"}],"wp:attachment":[{"href":"https:\/\/www.oezratty.net\/wordpress\/wp-json\/wp\/v2\/media?parent=20995"}],"wp:term":[{"taxonomy":"category","embeddable":true,"href":"https:\/\/www.oezratty.net\/wordpress\/wp-json\/wp\/v2\/categories?post=20995"},{"taxonomy":"post_tag","embeddable":true,"href":"https:\/\/www.oezratty.net\/wordpress\/wp-json\/wp\/v2\/tags?post=20995"}],"curies":[{"name":"wp","href":"https:\/\/api.w.org\/{rel}","templated":true}]}}