{"id":20894,"date":"2023-02-05T18:15:12","date_gmt":"2023-02-05T17:15:12","guid":{"rendered":"https:\/\/www.oezratty.net\/wordpress\/?p=20894"},"modified":"2023-02-05T19:15:44","modified_gmt":"2023-02-05T18:15:44","slug":"actualites-quantiques-de-janvier-2023","status":"publish","type":"post","link":"https:\/\/www.oezratty.net\/wordpress\/2023\/actualites-quantiques-de-janvier-2023\/","title":{"rendered":"Actualit\u00e9s quantiques de janvier 2023"},"content":{"rendered":"<p>Dans ce 45<sup>e<\/sup> \u00e9pisode de Quantum, le podcast francophone de l\u2019actualit\u00e9 quantique, Fanny Bouton et moi-m\u00eame commentons ce que nous pouvons de ce qui se passe dans l&#8217;\u00e9cosyst\u00e8me quantique. Et, champagne, c\u2019est le <strong>100<sup>e<\/sup> podcast quantique<\/strong> que nous enregistrons en quatre ans. En effet, il faut ajouter les 55 \u00e9pisodes des entretiens Decode Quantum qui sont aussi en bo\u00eete. Et cela ne comprend pas tous les podcasts o\u00f9 nous \u00e9tions invit\u00e9s deci del\u00e0.<\/p>\n<p>Comme d\u2019habitude, nous passons en revue l\u2019actualit\u00e9 \u00e9v\u00e9nementielle, scientifique, entrepreneuriale et des cas d\u2019usage du domaine.<\/p>\n<p><iframe loading=\"lazy\" src=\"https:\/\/share.transistor.fm\/e\/016ac635\" width=\"100%\" height=\"180\" frameborder=\"no\" scrolling=\"no\" seamless=\"\"><\/iframe><\/p>\n<p>Et en voici le verbatim et les liens cl\u00e9s.<\/p>\n<p><strong>\u00c9v\u00e9nements<\/strong><\/p>\n<p><u>La D\u00e9l\u00e9gation du Qu\u00e9bec re\u00e7oit l\u2019\u00e9cosyst\u00e8me fran\u00e7ais<\/u><\/p>\n<p>J&#8217;\u00e9tais invit\u00e9 le 10 janvier 2023 dernier par la d\u00e9l\u00e9gation du Qu\u00e9bec \u00e0 un d\u00eener \u00e0 Paris, avec <strong>Mich\u00e8le Boisvert<\/strong>, la d\u00e9l\u00e9gu\u00e9e g\u00e9n\u00e9rale. Ils avaient r\u00e9uni un petit \u00e9chantillon de l\u2019\u00e9cosyst\u00e8me fran\u00e7ais plut\u00f4t c\u00f4t\u00e9 entreprises avec Alain Aspect, George Reymond (Pasqal), Christophe Jurczak (Quantonation), Tom Darras (WeLinQ), Robert Marino (Qubit Pharmaceuticals), des repr\u00e9sentants d\u2019EDF (St\u00e9phane Dupr\u00e9-Latour, St\u00e9phane Tanguy et Fatih Balyeli, CEO de leur filiale Exaion), de Thales (David Sadek, Fr\u00e9d\u00e9ric Barbaresco) et Jean-Christophe Gougeon (Bpifrance). L\u2019id\u00e9e \u00e9tait de creuser les opportunit\u00e9s de partenariats entre la France et le dynamique \u00e9cosyst\u00e8me de Sherbrooke. Un voyage d&#8217;\u00e9tudes organis\u00e9 par Bpifrance est d&#8217;ailleurs pr\u00e9vu fin mai \u00e0 Sherbrooke, \u00e0 l&#8217;attention des startups quantiques fran\u00e7aises int\u00e9ress\u00e9es. Je devrais a priori faire partie de ce voyage.<\/p>\n<p><a href=\"https:\/\/www.oezratty.net\/wordpress\/2023\/actualites-quantiques-de-janvier-2023\/delegation-quebec-et-quantique\/\" rel=\"attachment wp-att-20897\"><img loading=\"lazy\" decoding=\"async\" class=\"alignnone wp-image-20897\" src=\"https:\/\/www.oezratty.net\/wordpress\/wp-content\/Delegation-Quebec-et-quantique-1024x768.jpg\" alt=\"\" width=\"531\" height=\"398\" srcset=\"https:\/\/www.oezratty.net\/wordpress\/wp-content\/Delegation-Quebec-et-quantique-1024x768.jpg 1024w, https:\/\/www.oezratty.net\/wordpress\/wp-content\/Delegation-Quebec-et-quantique-300x225.jpg 300w, https:\/\/www.oezratty.net\/wordpress\/wp-content\/Delegation-Quebec-et-quantique-768x576.jpg 768w, https:\/\/www.oezratty.net\/wordpress\/wp-content\/Delegation-Quebec-et-quantique.jpg 1134w\" sizes=\"auto, (max-width: 531px) 100vw, 531px\" \/><\/a><\/p>\n<p><u>EDF Teratec et QEI<\/u><\/p>\n<p>Le 11 janvier 2023 avait lieu une conf\u00e9rence sur le calcul hybride classique-quantique coorganis\u00e9e par <strong>EDF<\/strong> et <strong>Teratec<\/strong> \u00e0 Palaiseau, chez EDF R&amp;D.\u00a0Y intervenaient notamment Jacques-Charles La Foucri\u00e8re du CEA, Scott Pakin du Los Alamos National Laboratory du DoE (\u00e0 distance), Alexia Auff\u00e8ves, moi-m\u00eame et Th\u00e9au Peronnin pour faire le point sur la <strong>Quantum Energy Initiative<\/strong>, ainsi que Pasqal (Christophe Legrand), Quandela (Shane Mansfield et Jean Senellart), HQI\/Genci, Cyril Allouche d\u2019Atos, et puis Amazon (Sebastian Stern, Specialist Solution Architect Quantum Computing, AWS), IBM (Ismael Faro, Chief Architect Quantum Computing Cloud and Software), Microsoft (Vivien Londe, Microsoft France) et aussi Nvidia pour parler d\u2019\u00e9mulation quantique (et pas de simulation hein\u2026).<\/p>\n<p><a href=\"https:\/\/www.oezratty.net\/wordpress\/2023\/actualites-quantiques-de-janvier-2023\/olivier-ezratty-et-alexia-auffeves-qei-edf-jan2023\/\" rel=\"attachment wp-att-20896\"><img loading=\"lazy\" decoding=\"async\" class=\"alignnone wp-image-20896\" src=\"https:\/\/www.oezratty.net\/wordpress\/wp-content\/Olivier-Ezratty-et-Alexia-Auffeves-QEI-@-EDF-Jan2023-1024x768.jpg\" alt=\"\" width=\"525\" height=\"476\" \/><\/a><\/p>\n<p>Toutes les vid\u00e9os et les supports de pr\u00e9sentations de cette conf\u00e9rence sont <a href=\"https:\/\/teratec.eu\/Seminaires\/TQCI\/2022\/Presentations-TQCI-2022-12.html\">disponibles\u00a0<\/a>!<\/p>\n<p><u>OVHCloud VeryTechTrip<\/u><\/p>\n<p>OVHcloud organisait son grand \u00e9v\u00e9nement pour les d\u00e9veloppeurs le 2 f\u00e9vrier 2023 \u00e0 la Cit\u00e9 des Sciences. S&#8217;y retrouvaient\u00a01000 personnes (un peu trop barbues&#8230;). Le fondateur\u00a0Octave Klaba d\u00e9livrait une keynote o\u00f9 il r\u00e9it\u00e9rait son int\u00e9r\u00eat et son enthousiasme pour les technologies quantiques.\u00a0Deux sessions d\u00e9veloppeurs sur le quantique \u00e9taient organis\u00e9es avec des pr\u00e9sentations de Quandela (Jean Senellart) et d&#8217;Atos (Julien Mellaerts).<\/p>\n<p>Fanny et moi intervenions dans une <a href=\"https:\/\/www.twitch.tv\/videos\/1725818093?fbclid=IwAR1ABPaJO2zTV50Kn2MsnvQNDYnyZE4gjtgZyMIRy6sxKRNr4OTIhJia1xM\">\u00e9mission de webtv<\/a> organis\u00e9e par les \u00e9quipes de Twich pour vulgariser les enjeux du calcul quantique en une demi-heure&#8230; bien tass\u00e9e (\u00e0 partir de la 6e minute) !<\/p>\n<p><u>Lab Quantique<\/u><\/p>\n<p>Le 3 f\u00e9vrier avait lieu une nouvelle r\u00e9union du Lab Quantique chez CapGemini \u00e0 Issy les Moulineaux. C&#8217;\u00e9tait l&#8217;occasion de d\u00e9couvrir les pr\u00e9sentations d&#8217;\u00e9cosyst\u00e8mes quantiques internationaux (QuantumBasel en Suisse avec Alexandra Beckstein, Quantum Delta aux Pays-Bas avec Mayra van Houts, Chicago Quantum Exchange aux USA avec Andrea Jett, <em>ci-dessous<\/em>) et aussi une table ronde sur l\u2019\u00e9ducation avec Eleni Diamanti, Fr\u00e9d\u00e9ric Grosshans et Nicolas Treps. L&#8217;\u00e9quipe du Lab Quantique a aussi pr\u00e9sent\u00e9 son ambitieux projet de cr\u00e9ation de Maisons du Quantique, la premi\u00e8re devant faire 2500 m2.<\/p>\n<p><a href=\"https:\/\/www.oezratty.net\/wordpress\/2023\/actualites-quantiques-de-janvier-2023\/ecosystemes-quantiques-internationaux\/\" rel=\"attachment wp-att-20898\"><img loading=\"lazy\" decoding=\"async\" class=\"alignnone wp-image-20898\" src=\"https:\/\/www.oezratty.net\/wordpress\/wp-content\/Ecosystemes-quantiques-internationaux-1024x576.jpg\" alt=\"\" width=\"524\" height=\"295\" srcset=\"https:\/\/www.oezratty.net\/wordpress\/wp-content\/Ecosystemes-quantiques-internationaux-1024x576.jpg 1024w, https:\/\/www.oezratty.net\/wordpress\/wp-content\/Ecosystemes-quantiques-internationaux-300x169.jpg 300w, https:\/\/www.oezratty.net\/wordpress\/wp-content\/Ecosystemes-quantiques-internationaux-768x432.jpg 768w, https:\/\/www.oezratty.net\/wordpress\/wp-content\/Ecosystemes-quantiques-internationaux-1536x864.jpg 1536w, https:\/\/www.oezratty.net\/wordpress\/wp-content\/Ecosystemes-quantiques-internationaux.jpg 2016w\" sizes=\"auto, (max-width: 524px) 100vw, 524px\" \/><\/a><\/p>\n<p><u>Ev\u00e9nement sur la strat\u00e9gie quantique nationale \u00e0 la BNF<\/u><\/p>\n<p>Le 30 mars 2023 aura lieu un \u00e9v\u00e9nement organis\u00e9 \u00e0 l\u2019occasion de la r\u00e9union en France des coordinateurs nationaux des strat\u00e9gies quantiques de nombreux pays : USA, Pays-Bas, Allemagne. C&#8217;est un exercice diplomatique par excellence. Avec plusieurs panels pour valoriser le dynamisme de l&#8217;\u00e9cosyst\u00e8me fran\u00e7ais du quantique. Et peut-\u00eatre des annonces autour des \u00e9volutions de la strat\u00e9gie quantique nationale.<\/p>\n<p><u>Debunking du quantique<\/u><\/p>\n<p>J\u2019intervenais dans le <a href=\"https:\/\/www.horsnormes.media\/p\/hors-normes-6\">sixi\u00e8me num\u00e9ro<\/a> de <strong>Hors Normes<\/strong>, le nouveau m\u00e9dia en ligne de Marion Moreau et Pierre Haski sur la g\u00e9opolitique des technologies. Une autre mani\u00e8re d&#8217;aborder les enjeux du quantique, c\u00f4t\u00e9 calcul et cybers\u00e9curit\u00e9.<\/p>\n<p><span style=\"text-decoration: underline;\">Thermodynamique Quantique dans Pour La Science<\/span><\/p>\n<p>Ajoutons \u00e0 cette revue de presse\u00a0le dossier\u00a0<a href=\"https:\/\/www.pourlascience.fr\/sd\/physique-theorique\/thermodynamique-quand-ses-lois-passent-a-l-echelle-quantique-24650.php#:~:text=Physique%20th%C3%A9orique-,Thermodynamique%20%3A%20quand%20ses%20lois%20passent%20%C3%A0%20l'%C3%A9chelle%20quantique,des%20moteurs%20sans%20%C3%A9quivalent%20classique.\">Thermodynamique \u2013 quand ses lois passent \u00e0 l\u2019\u00e9chelle quantique<\/a> par Alexia Auff\u00e8ves, comprenant un encadr\u00e9 en lien avec la <a href=\"https:\/\/quantum-energy-initiative.org\/\">Quantum Energy Initiative<\/a> co\u00e9crit par Alexia, Robert Whitney et moi-m\u00eame, \u201cEnerg\u00e9tique des technologies quantiques\u201d page 28 dans <a href=\"https:\/\/www.pourlascience.fr\/sd\/physique\/pour-la-science-n0544-24642.php\">Pour la Science<\/a> de f\u00e9vrier 2023.<\/p>\n<p><a href=\"https:\/\/www.oezratty.net\/wordpress\/2023\/actualites-quantiques-de-janvier-2023\/pour-la-science\/\" rel=\"attachment wp-att-20899\"><img loading=\"lazy\" decoding=\"async\" class=\"alignnone wp-image-20899\" src=\"https:\/\/www.oezratty.net\/wordpress\/wp-content\/Pour-La-Science.png\" alt=\"\" width=\"258\" height=\"353\" srcset=\"https:\/\/www.oezratty.net\/wordpress\/wp-content\/Pour-La-Science.png 300w, https:\/\/www.oezratty.net\/wordpress\/wp-content\/Pour-La-Science-220x300.png 220w\" sizes=\"auto, (max-width: 258px) 100vw, 258px\" \/><\/a><\/p>\n<p><strong>Actualit\u00e9 des startups<\/strong><\/p>\n<p><u>Lev\u00e9e de fonds de WeLinQ<\/u><\/p>\n<p>La startup sp\u00e9cialis\u00e9e dans les m\u00e9moires quantiques \u00e0 base d&#8217;atomes neutres annon\u00e7ait une lev\u00e9e de fonds de 5 M\u20ac, ce qui est tr\u00e8s bien pour un premier tour ! Vous pouvez r\u00e9\u00e9couter le <a href=\"https:\/\/www.oezratty.net\/wordpress\/2022\/decode-quantum-avec-les-fondateurs-de-welinq\/\">Decode Quantum<\/a> de juin 2022 avec les fondateurs Tom Darras, Eleni Diamanti, Julien Laurat et Jean Lauthier-Gaud.<\/p>\n<p><u>Nouvelle lev\u00e9e de fonds pour Pasqal<\/u><\/p>\n<p>C\u2019\u00e9tait l\u2019\u00e9v\u00e9nement du mois avec la premi\u00e8re startup quantique fran\u00e7aise levant d\u2019une traite 100M\u20ac et uniquement en capital. C\u2019est une \u00e9tape importante de la vie de cette startup lanc\u00e9e en 2019 par Georges-Olivier Reymond, avec Antoine Browayes et Thierry Lahaye de l\u2019IOGS c\u00f4t\u00e9 scientifique, Alain Aspect comme premier business angel, Christophe Jurczak de Quantonation comme chairman.<\/p>\n<p>Cette lev\u00e9e de fonds place la France en quatri\u00e8me position dans les pays pour le financement de startups, derri\u00e8re USA, Canada (D-Wave et Xanadu) et UK. On peut encore rattraper UK si Quandela, Alice&amp;Bob et Siquance r\u00e9ussissent \u00e0 faire de belles lev\u00e9es de fonds. Cette lev\u00e9e de fonds a g\u00e9n\u00e9r\u00e9 un bon \u00e9cho mondial. Pourquoi une telle lev\u00e9e de fonds\u00a0? Probablement parce que Pasqal est l\u2019une des rares startups du calcul quantique \u00e0 proposer une machine sur le point d\u2019\u00eatre op\u00e9rationnelle et qui pourrait apporter un avantage quantique dans les quelques ann\u00e9es qui viennent, sans attendre plus d\u2019une d\u00e9cennie.<\/p>\n<p>Voir le dossier <a href=\"https:\/\/www.lesechos.fr\/start-up\/deals\/french-tech-pasqal-leve-100-millions-deuros-un-record-dans-lordinateur-quantique-en-europe-1899817\">French Tech : Pasqal l\u00e8ve 100 millions d\u2019euros, un record dans l\u2019ordinateur quantique en Europe<\/a> par Adrien Leli\u00e8vre dans Les Echos du 24 janvier 2023.<\/p>\n<p><u>Lev\u00e9e de fonds d\u2019Oxford Ionics<\/u><\/p>\n<p>La startup britannique <a href=\"https:\/\/www.oxionics.com\/news\/announcing-our-%C2%A330m-series-a-funding\">annon\u00e7ait<\/a> une lev\u00e9e de fonds de \u00a330M (34M\u20ac) d\u00e9but janvier 2023.<\/p>\n<p>Leur objectif est de sortir un QPU dot\u00e9 de 100 qubits de qualit\u00e9 en 2024, sous-entendu avec des fid\u00e9lit\u00e9s &gt;99,9% permettant de faire des choses utiles en r\u00e9gime NISQ. Et ensuite, de sortir des QPU g\u00e9n\u00e9riquement utiles d\u2019ici 3 \u00e0 5 ans. La startup a fait un choix technologique voisin de Universal Quantum (aussi UK) consistant \u00e0 piloter les ions pi\u00e9g\u00e9s par des circuits micro-ondes (\u00ab Electronic Qubit Control (EQC) \u00bb) au lieu de lasers comme chez IonQ et Quantinuum. Leurs circuits sont con\u00e7us et fabriqu\u00e9s en <a href=\"https:\/\/www.infineon.com\/cms\/en\/about-infineon\/press\/market-news\/2022\/INFXX202207-098.html\">partenariat avec Infineon<\/a> depuis un partenariat annonc\u00e9 en juillet 2022. Universal Quantum (UK) avait gagn\u00e9 un projet \u00e0 67M\u20ac financ\u00e9 par DLR en Allemagne en novembre 2022.<\/p>\n<p><strong>Science<\/strong><\/p>\n<p><u>Certification de g\u00e9n\u00e9ration de nombres al\u00e9atoires avec du calcul photonique chez Quandela<\/u><\/p>\n<p>Une \u00e9quipe de chercheurs de Quandela, du C2N et de l\u2019Universit\u00e9 de Bristol publiait en janvier 2023 un pr\u00e9print sur la certification de la g\u00e9n\u00e9ration de nombres al\u00e9atoires g\u00e9n\u00e9r\u00e9s avec des qubits photons et \u00e0 l\u2019aide de tests de Bell.<\/p>\n<p>Ce papier fournit une argumentation scientifique au claim marketing de Quandela qui promeut l\u2019usage de son premier calculateur quantique \u00e0 deux photons pour g\u00e9n\u00e9rer des nombres al\u00e9atoires. Comme le march\u00e9 de la g\u00e9n\u00e9ration quantique de nombres al\u00e9atoire est assez encombr\u00e9, ce papier arrive \u00e0 point nomm\u00e9.<\/p>\n<p>Voir\u00a0<a href=\"https:\/\/arxiv.org\/abs\/2301.03536\">Certified randomness in tight space<\/a> par Andreas Fyrillas, Boris Bourdoncle, Aristide Lema\u00eetre, Isabelle Sagnes, Niccolo Somaschi, Nadia Belabas, Shane Mansfield et al, Quandela, C2N and University of Bristol, Janvier 2023 (23 pages).<\/p>\n<p><strong><a href=\"https:\/\/www.oezratty.net\/wordpress\/2023\/actualites-quantiques-de-janvier-2023\/certified-randomness-in-tight-space\/\" rel=\"attachment wp-att-20901\"><img loading=\"lazy\" decoding=\"async\" class=\"alignnone wp-image-20901\" src=\"https:\/\/www.oezratty.net\/wordpress\/wp-content\/Certified-randomness-in-tight-space.png\" alt=\"\" width=\"480\" height=\"310\" srcset=\"https:\/\/www.oezratty.net\/wordpress\/wp-content\/Certified-randomness-in-tight-space.png 999w, https:\/\/www.oezratty.net\/wordpress\/wp-content\/Certified-randomness-in-tight-space-300x194.png 300w, https:\/\/www.oezratty.net\/wordpress\/wp-content\/Certified-randomness-in-tight-space-768x496.png 768w\" sizes=\"auto, (max-width: 480px) 100vw, 480px\" \/><\/a>\u00a0<\/strong><\/p>\n<p><u>Emulation ou simulation ?<\/u><\/p>\n<p>J&#8217;ai publi\u00e9 un <a href=\"https:\/\/www.oezratty.net\/wordpress\/2023\/disentangling-quantum-emulatio-and-simulation\/\">long article<\/a> sur ce point de s\u00e9mantique. D\u2019o\u00f9 vient le d\u00e9bat, avec diff\u00e9rences de vues entre informatique classique, physiciens et sp\u00e9cialistes de l\u2019informatique quantique ? L&#8217;article en profite pour mieux d\u00e9crire les diff\u00e9rentes piles logicielles et le r\u00f4le des compilateurs et des \u00e9mulateurs. Les nuances de concepts.<\/p>\n<p>Autre grande question pour laquelle la r\u00e9ponse n\u2019est pas \u00e9vidente : \u00e0 partir de quand une \u00e9mulation tourne-t-elle moins vite que l\u2019ordinateur quantique qu\u2019elle \u00e9mule ? On connait les limites en termes de capacit\u00e9 m\u00e9moire, de l\u2019ordre d\u2019une vingtaine de qubits pour un laptop et 40 qubits pour une QLM d\u2019Atos. Puis plus de 50 qubits pour les supercalculateurs. Mais en temps de calcul, les informations ne sont pas l\u00e9gion. On peut faire ses propres tests pour comparer. Il semblerait que cette limite soit comprise entre 20 et 30 qubits selon les syst\u00e8mes. Et dans le cas o\u00f9 la vitesse du calculateur quantique est sup\u00e9rieure, cela ne signifie pas encore qu\u2019on est dans le r\u00e9gime de l\u2019avantage quantique. Il faudrait faire une comparaison avec un algorithme classique \u00ab best in class \u00bb servant \u00e0 r\u00e9soudre le m\u00eame probl\u00e8me. Comme un algorithme \u00e0 base de r\u00e9seaux de tenseurs (qui servent d\u2019ailleurs aussi aux \u00e9mulateurs).<strong>\u00a0<\/strong><\/p>\n<p><u>DARPA et qubits originaux<\/u><\/p>\n<p>La <a href=\"https:\/\/thequantuminsider.com\/2023\/02\/01\/darpa-collaborating-with-atom-computing-microsoft-and-psiquantum-to-develop-utility-scale-quantum-computers\/\">DARPA<\/a> d\u00e9cide de soutenir les qubits originaux avec des projets d\u2019Atoms Computing, Microsoft et PsiQuantum. Mais il est curieux de financer ces deux derniers qui ne manquent pas de \u2026 deniers, et de consid\u00e9rer que les photons sont une voie marginale. Il y a tout de m\u00eame, en plus de PsiQuantum, Orca Computing, Quandela, Xanadu, It&#8217;s Q pour ne citer que les plus connus.<\/p>\n<p>Dans les trois s\u00e9lectionn\u00e9s par la DARPA, le plus original est <strong>Atoms Computing<\/strong> avec ses calculateurs \u00e0 base d&#8217;atomes neutres dont les \u00e9tats quantiques contr\u00f4l\u00e9s sont le spin de noyau des atomes. Alors que chez Pasqal, QuEra et ColdQuanta, ce sont les niveau d&#8217;\u00e9nergie des atomes qui servent au calcul, et notamment les \u00e9tats tr\u00e8s excit\u00e9s dits de Rydberg.<\/p>\n<p><strong><u>L\u2019article de Time Magazine qui fait des vagues<\/u><\/strong><\/p>\n<p><a href=\"https:\/\/time.com\/6249784\/quantum-computing-revolution\/\">Time Magazine<\/a> a publi\u00e9 un dossier avec couverture sur le calcul quantique qui a fait des vagues dans la communaut\u00e9 quantique.<\/p>\n<p>Il reprend des poncifs et des exag\u00e9rations bien connues comme ce sous-titre en couverture \u00ab Cette machine r\u00e9sout des probl\u00e8mes en quelques secondes contre plusieurs ann\u00e9es \u00bb. Avec un chandelier d\u2019ordinateur quantique d\u2019IBM assez ancien. Le reste du papier est \u00e0 l\u2019avenant avec ce t\u00e9lescopage habituel entre ce que pourront faire les ordinateurs quantiques dans un futur plus ou moins lointain et ce qu\u2019ils font aujourd\u2019hui. Le futur conjugu\u00e9 au pr\u00e9sent !<\/p>\n<p><a href=\"https:\/\/www.oezratty.net\/wordpress\/2023\/actualites-quantiques-de-janvier-2023\/time-quantum-leap\/\" rel=\"attachment wp-att-20902\"><img loading=\"lazy\" decoding=\"async\" class=\"alignnone wp-image-20902\" src=\"https:\/\/www.oezratty.net\/wordpress\/wp-content\/Time-Quantum-Leap-1024x625.png\" alt=\"\" width=\"561\" height=\"342\" srcset=\"https:\/\/www.oezratty.net\/wordpress\/wp-content\/Time-Quantum-Leap-1024x625.png 1024w, https:\/\/www.oezratty.net\/wordpress\/wp-content\/Time-Quantum-Leap-300x183.png 300w, https:\/\/www.oezratty.net\/wordpress\/wp-content\/Time-Quantum-Leap-768x469.png 768w, https:\/\/www.oezratty.net\/wordpress\/wp-content\/Time-Quantum-Leap-1536x937.png 1536w, https:\/\/www.oezratty.net\/wordpress\/wp-content\/Time-Quantum-Leap-2048x1250.png 2048w\" sizes=\"auto, (max-width: 561px) 100vw, 561px\" \/><\/a><\/p>\n<p>John Preskill qui est tr\u00e8s prudent dans son expression s\u2019est fendu d\u2019un tweet remettant en cause un \u00ab\u00a0misleading\u00a0\u00bb article sur Twitter. D\u2019o\u00f9 viennent les exag\u00e9rations\u00a0? Il semble que les journalistes ont rencontr\u00e9 surtout des industriels du secteur tels qu\u2019IBM et Intel et pas assez de scientifiques.<strong>\u00a0<\/strong><\/p>\n<p><strong>Science-fiction quantique<\/strong><\/p>\n<p><u>Un roman de fiction vient de para\u00eetre avec l&#8217;ordinateur quantique en toile de fond<\/u><\/p>\n<p>Il s\u2019agit du premier roman de Julie Girard,\u00a0<a href=\"https:\/\/www.gallimard.fr\/Catalogue\/GALLIMARD\/Blanche\/Le-crepuscule-des-licornes\"><em>Le Cr\u00e9puscule des licornes<\/em><\/a>, publi\u00e9 aux \u00c9ditions\u00a0Gallimard.\u00a0 Le roman est surtout un tableau ac\u00e9r\u00e9 et pr\u00e9cis de la soci\u00e9t\u00e9 capitaliste new-yorkaise, et d\u00e9crit l&#8217;enqu\u00eate d&#8217;une journaliste \u00e0\u00a0<em>The Economist\u00a0<\/em>sur la start-up Higgs World (comme le boson), qui d\u00e9veloppe un implant c\u00e9r\u00e9bral connecter \u00e0 un ordinateur quantique.\u00a0Cet implant permet de louer la pens\u00e9e d\u2019une autre personne gr\u00e2ce \u00e0 cet ordinateur. Le nombre et la fid\u00e9lit\u00e9 des qubits ne sont pas pr\u00e9cis\u00e9s mais on sait tout de m\u00eame qu\u2019ils sont supraconducteurs. L\u2019autrice m\u2019a remerci\u00e9 pour mes rapports sur l&#8217;informatique quantique lui ont permis de construire son intrigue !<\/p>\n<p><a href=\"https:\/\/www.oezratty.net\/wordpress\/2023\/actualites-quantiques-de-janvier-2023\/le-crepuscule-des-licornes\/\" rel=\"attachment wp-att-20903\"><img loading=\"lazy\" decoding=\"async\" class=\"alignnone wp-image-20903\" src=\"https:\/\/www.oezratty.net\/wordpress\/wp-content\/Le-crepuscule-des-licornes.jpg\" alt=\"\" width=\"200\" height=\"293\" srcset=\"https:\/\/www.oezratty.net\/wordpress\/wp-content\/Le-crepuscule-des-licornes.jpg 400w, https:\/\/www.oezratty.net\/wordpress\/wp-content\/Le-crepuscule-des-licornes-205x300.jpg 205w\" sizes=\"auto, (max-width: 200px) 100vw, 200px\" \/><\/a><\/p>\n<p><u>D\u00e9tecter les civilisations extraterrestres qui exploiteraient des trous noirs pour faire du calcul quantique<\/u><\/p>\n<p>Des chercheuses allemandes et de Georgie (le Pays) ont r\u00e9cemment publi\u00e9 un curieux preprint dans arXiv expliquant que des civilisations extra-terrestres tr\u00e8s avanc\u00e9es pourraient avoir construit un ordinateur quantique tr\u00e8s puissant utilisant les ressources d\u2019un trou noir.<\/p>\n<p>Jusque l\u00e0, tout va bien. Elles proposent ensuite un programme de d\u00e9tection de ces ordinateurs pour le SETI, ce groupe de recherche qui analyse les signaux venant de l\u2019espace depuis des d\u00e9cennies pour d\u00e9tecter d\u2019\u00e9ventuelles civilisations extraterrestres et vaincre le paradoxe de Fermi (il y en a certainement mais on ne risque pas des croiser et m\u00eame de les d\u00e9tecter). Malheureusement, le papier n\u2019est pas tr\u00e8s dissert sur la technologies qui serait employ\u00e9e pour faire du calcul avec un trou noir\u2026 et en r\u00e9cup\u00e9rer les r\u00e9sultats. Cela comprend quelques d\u00e9fis de taille pour effectuer une mesure quantique de qubits. Et des qubits dans les trous noirs, cela ressemblerait \u00e0 quoi ?<\/p>\n<p>Voir <a href=\"https:\/\/arxiv.org\/abs\/2301.09575\">Black holes as tools for quantum computing by advanced extraterrestrial civilizations<\/a> par Gia Dvali et Zaza N. Osmanoval, Janvier 2023 (18 pages).<\/p>\n<p><u>Livre Quantum Bullshit par Chris Ferrie<\/u><\/p>\n<p>Chris Ferrie est un auteur connu pour ses livres sur le quantique pour les b\u00e9b\u00e9s, que je ne comprends pas. Il vient de sortir \u00ab Quantum Bullshit \u00bb un livre critique, mais sur quoi ?\u00a0Visiblement, sur les fausses sciences quantiques et les charlatans qui s\u2019emparent du quantique. Cela correspond en fait \u00e0 la derni\u00e8re partie de mon livre sur les fausses sciences quantiques, comme autour de la pseudo-m\u00e9decine quantique.<\/p>\n<p><strong><a href=\"https:\/\/www.oezratty.net\/wordpress\/2023\/actualites-quantiques-de-janvier-2023\/quantum-bullshit\/\" rel=\"attachment wp-att-20904\"><img loading=\"lazy\" decoding=\"async\" class=\"alignnone wp-image-20904\" src=\"https:\/\/www.oezratty.net\/wordpress\/wp-content\/Quantum-Bullshit-1024x690.jpg\" alt=\"\" width=\"452\" height=\"305\" srcset=\"https:\/\/www.oezratty.net\/wordpress\/wp-content\/Quantum-Bullshit-1024x690.jpg 1024w, https:\/\/www.oezratty.net\/wordpress\/wp-content\/Quantum-Bullshit-300x202.jpg 300w, https:\/\/www.oezratty.net\/wordpress\/wp-content\/Quantum-Bullshit-768x518.jpg 768w, https:\/\/www.oezratty.net\/wordpress\/wp-content\/Quantum-Bullshit-1536x1036.jpg 1536w, https:\/\/www.oezratty.net\/wordpress\/wp-content\/Quantum-Bullshit-2048x1381.jpg 2048w\" sizes=\"auto, (max-width: 452px) 100vw, 452px\" \/><\/a><\/strong><\/p>\n<p>La suite au prochain num\u00e9ro&#8230; !<\/p>\n<p><strong>\u00a0<\/strong><\/p>\n<p><strong>\u00a0<\/strong><\/p>\n<p><strong>\u00a0<\/strong><\/p>\n","protected":false},"excerpt":{"rendered":"<p>Dans ce 45e \u00e9pisode de Quantum, le podcast francophone de l\u2019actualit\u00e9 quantique, Fanny Bouton et moi-m\u00eame commentons ce que nous pouvons de ce qui se passe dans l&#8217;\u00e9cosyst\u00e8me quantique. Et, champagne, c\u2019est le 100e podcast quantique que nous enregistrons en quatre ans. En effet, il faut ajouter les 55 \u00e9pisodes des entretiens Decode Quantum qui [&hellip;]<\/p>\n","protected":false},"author":1,"featured_media":0,"comment_status":"open","ping_status":"open","sticky":false,"template":"","format":"standard","meta":{"footnotes":""},"categories":[4],"tags":[3274,3346,545,3729,3721,2672,2666,3302,3436,3727,1088,3640,3726,2458,3430,3489,3728,3236,3723,3173,2806,3719,3720,3418,3593,3725,3724,3722,3594],"class_list":["post-20894","post","type-post","status-publish","format-standard","hentry","category-actualites","tag-alexia-auffeves","tag-alicebob","tag-amazon","tag-atoms-computing","tag-chris-ferrie","tag-darpa","tag-edf","tag-eleni-diamanti","tag-frederic-grosshans","tag-hors-normes","tag-ibm","tag-le-lab-quantique","tag-marion-moreau","tag-microsoft","tag-nicolas-treps","tag-ovhcloud","tag-oxford-ionics","tag-pasqal","tag-pour-la-science","tag-quandela","tag-quebec","tag-sherbrooke","tag-teratec","tag-theau-peronnin","tag-tom-darras","tag-twich","tag-verytechtrip","tag-vivien-londe","tag-welinq"],"views":9252,"_links":{"self":[{"href":"https:\/\/www.oezratty.net\/wordpress\/wp-json\/wp\/v2\/posts\/20894","targetHints":{"allow":["GET"]}}],"collection":[{"href":"https:\/\/www.oezratty.net\/wordpress\/wp-json\/wp\/v2\/posts"}],"about":[{"href":"https:\/\/www.oezratty.net\/wordpress\/wp-json\/wp\/v2\/types\/post"}],"author":[{"embeddable":true,"href":"https:\/\/www.oezratty.net\/wordpress\/wp-json\/wp\/v2\/users\/1"}],"replies":[{"embeddable":true,"href":"https:\/\/www.oezratty.net\/wordpress\/wp-json\/wp\/v2\/comments?post=20894"}],"version-history":[{"count":0,"href":"https:\/\/www.oezratty.net\/wordpress\/wp-json\/wp\/v2\/posts\/20894\/revisions"}],"wp:attachment":[{"href":"https:\/\/www.oezratty.net\/wordpress\/wp-json\/wp\/v2\/media?parent=20894"}],"wp:term":[{"taxonomy":"category","embeddable":true,"href":"https:\/\/www.oezratty.net\/wordpress\/wp-json\/wp\/v2\/categories?post=20894"},{"taxonomy":"post_tag","embeddable":true,"href":"https:\/\/www.oezratty.net\/wordpress\/wp-json\/wp\/v2\/tags?post=20894"}],"curies":[{"name":"wp","href":"https:\/\/api.w.org\/{rel}","templated":true}]}}