{"id":18823,"date":"2021-01-15T13:33:49","date_gmt":"2021-01-15T12:33:49","guid":{"rendered":"https:\/\/www.oezratty.net\/wordpress\/?p=18823"},"modified":"2021-01-25T16:48:19","modified_gmt":"2021-01-25T15:48:19","slug":"que-retenir-de-ce-curieux-ces-2021","status":"publish","type":"post","link":"https:\/\/www.oezratty.net\/wordpress\/2021\/que-retenir-de-ce-curieux-ces-2021\/","title":{"rendered":"Que retenir de ce curieux CES 2021 ?"},"content":{"rendered":"<p>Nous voici \u00e0 la fin de ce CES 2021 que l\u2019on ne peut plus qualifier de \u201cLas Vegas\u201d puisqu\u2019il avait lieu sur Internet, et plut\u00f4t align\u00e9 sur le fuseau horaire EST (New York \/ Washington).<\/p>\n<p>Cette photographie de d\u00e9but d\u2019ann\u00e9e de l\u2019\u00e9tat de l\u2019offre technologique du moment ne pouvait pas s\u2019analyser de la m\u00eame mani\u00e8re que d\u2019habitude. La d\u00e9couverte des nouveaut\u00e9s, qu\u2019elles proviennent de grandes entreprises \u00e9tablies, de PME ou de startups, ne b\u00e9n\u00e9ficiait pas de la s\u00e9rendipit\u00e9 de la visite d\u2019un salon physique. La capacit\u00e9 des exposants \u00e0 se faire conna\u00eetre par leurs relations m\u00e9dias \u00e9tait encore plus d\u00e9terminante que d\u2019habitude pour sortir du lot. Cela semble avoir \u00e9t\u00e9 pr\u00e9judiciable aux startups qui ne b\u00e9n\u00e9ficiaient pas de l\u2019appel d\u2019air de la zone Eureka Park des \u00e9ditions pr\u00e9c\u00e9dentes ou qui ne faisaient pas appel \u00e0 des agences de relations publiques pour se faire conna\u00eetre aupr\u00e8s des m\u00e9dias.<\/p>\n<p>Il est toujours aussi difficile de r\u00e9sumer un salon de cette ampleur m\u00eame si le nombre d\u2019exposants est descendu de 4500 \u00e0 1960. Chacun y voit de toutes mani\u00e8res midi \u00e0 sa porte selon ses propres centres d&#8217;int\u00e9r\u00eat. Aucun r\u00e9sum\u00e9 ne peut \u00eatre objectif. L\u2019offre y est pl\u00e9thorique et les secteurs repr\u00e9sent\u00e9s h\u00e9t\u00e9roclites. Une startup pr\u00e9sentant un produit n\u2019est pas en soi une tendance. Le suivisme des uns sur les autres ne fait que confirmer des orientations du march\u00e9 d\u00e9j\u00e0 connues. L\u2019illisibilit\u00e9 d\u2019un tel salon est aussi li\u00e9e \u00e0 la prolif\u00e9ration d\u2019objets secondaires, d\u2019accessoires utiles ou futiles et de solutions de march\u00e9s niches. Pour comprendre les tendances, il faut en pratique suivre l&#8217;actualit\u00e9 technologique toute l&#8217;ann\u00e9e !<\/p>\n<p>Ce CES 2021 reproduisait des typologies de tendances observ\u00e9es les ann\u00e9es pr\u00e9c\u00e9dentes, portant sur des aspects particuliers de cat\u00e9gories existantes, et de m\u00e9gatendances lourdes comme les v\u00e9hicules \u00e9lectriques ou la d\u00e9mocratisation de la 5G. S\u2019y ajoutait une \u201ccovidisation\u201d d\u2019une partie de l\u2019offre, l\u2019accent \u00e9tant mis autour d\u2019une vie centr\u00e9e sur le domicile pour les activit\u00e9s priv\u00e9es comme professionnelles.<\/p>\n<p>Nous allons voir cela dans le seul compte-rendu \u00e9crit que je ferais de ce CES 2021. Comme je l\u2019avais annonc\u00e9 en janvier 2020, le Rapport CES 2020 de 360 pages \u00e9tait le dernier du genre. Ce post est donc mon unique rapport \u00e9crit. Ne vous plaignez pas, c&#8217;est d\u00e9j\u00e0 bien copieux ! Au menu : comment les exposants se marketaient dans ce salon en ligne, la covidisation de l\u2019offre, la mise en valeur de l\u2019IA, la TV et la vid\u00e9o, la mobilit\u00e9, les micro-ordinateurs, les transports, les objets connect\u00e9s, la tech4good et l\u2019environnement, un peu de quantique et un b\u00eatisier !<\/p>\n<p><strong>Marketing en ligne<\/strong><\/p>\n<p>Avant de rentrer dans le lard des tendances, il me faut commenter la dimension marketing de ce salon devenu virtuel. Ce format g\u00e9n\u00e8re des contraintes nouvelles, des pratiques plus ou moins efficaces et un retour d\u2019exp\u00e9rience int\u00e9ressant pour les entreprises qui doivent apprendre \u00e0 faire leur marketing de mani\u00e8re exclusivement virtuelle. En deux mots, l\u2019exp\u00e9rience virtuelle de ce CES 2021 \u00e9tait tr\u00e8s d\u00e9cevante.<\/p>\n<p>Comment visitait-on donc ce salon ? En s\u2019inscrivant, de mani\u00e8re payante \u00e0 partir de d\u00e9cembre, on pouvait acc\u00e9der \u00e0 une liste d\u2019exposants curieuse : les 2000 exposants \u00e9taient s\u00e9lectionnables apr\u00e8s un tri par th\u00e9matique et pays, et en ayant comme information les concernant que leur logo. On s\u00e9lectionnait donc les logos int\u00e9ressants, ce qui \u00e9tait tr\u00e8s d\u00e9favorables aux soci\u00e9t\u00e9s non connues. Quelle erreur ! Est-ce parce que la r\u00e9alisation du site a \u00e9t\u00e9 confi\u00e9e \u00e0 Microsoft qui en a profit\u00e9 pour caser sa solution de visioconf\u00e9rence Teams ? C\u2019est un peu comme si on avait fait appel \u00e0 SAP ou \u00e0 McKinsey pour cr\u00e9er un jeu vid\u00e9o destin\u00e9 \u00e0 des enfants de 5 \u00e0 10 ans.<\/p>\n<p>Les malins pouvaient int\u00e9grer une <em>tagline<\/em> explicite ou une image de produit dans leur logo pour \u00e9viter le syndrome de l\u2019anonymat. Une fois le stand s\u00e9lectionn\u00e9, on se retrouvait dans une page web int\u00e9grant la description de l\u2019activit\u00e9 de la soci\u00e9t\u00e9 (ou pas\u2026 selon les cas), un carrousel de vid\u00e9os, des PDF t\u00e9l\u00e9chargeables (et je ne compte pas les startups fran\u00e7aises qui n\u2019avaient rien \u00e0 fournir de ce c\u00f4t\u00e9-l\u00e0) et une liste de contacts avec qui on pouvait d\u00e9clencher non pas une visio live (fail\u2026) mais un tchat support\u00e9 par le service <a href=\"https:\/\/www.pubble.io\/\">Pubble<\/a>. On pouvait prendre un rendez-vous, via Microsoft Teams, et il fallait attendre un certain temps voire un temps certain pour avoir une r\u00e9ponse de l\u2019exposant dans certains cas. Avec un syst\u00e8me tellement bien fait qu\u2019il proposait par d\u00e9faut une date du pass\u00e9, le dimanche d\u2019avant le d\u00e9but du CES 2021 ! Avant d\u2019ouvrir la page d\u2019un stand, le site demandait si on acceptait de transmettre ses coordonn\u00e9es \u00e0 l\u2019exposant. Heureusement, un opt-out n\u2019emp\u00eachait pas de visiter le \u201cstand\u201d. Bref, adieu la s\u00e9rendipit\u00e9.<\/p>\n<p>Dans le b\u00eatisier, il y avait <strong>L\u2019Or\u00e9al<\/strong>, dont la page ne contenait rien : pas de vid\u00e9o, pas de produit, pas de document et pas de contacts alors qu&#8217;ils lan\u00e7aient bien des produits int\u00e9ressants ! D\u2019autres faisaient cela tr\u00e8s bien comme <strong>ProovStation <\/strong>avec plusieurs vid\u00e9os et une brochure de qualit\u00e9 ou encore <strong>Taiwan<\/strong> avec son pavillon virtuel maison valorisant ses PME et startups.<\/p>\n<p><a href=\"https:\/\/www.oezratty.net\/wordpress\/2021\/que-retenir-de-ce-curieux-ces-2021\/stand-virtuel-ces-2021\/\" rel=\"attachment wp-att-18828\"><img loading=\"lazy\" decoding=\"async\" class=\"alignnone wp-image-18828\" src=\"https:\/\/www.oezratty.net\/wordpress\/wp-content\/Stand-Virtuel-CES-2021.jpg\" alt=\"\" width=\"501\" height=\"290\" srcset=\"https:\/\/www.oezratty.net\/wordpress\/wp-content\/Stand-Virtuel-CES-2021.jpg 1395w, https:\/\/www.oezratty.net\/wordpress\/wp-content\/Stand-Virtuel-CES-2021-300x174.jpg 300w, https:\/\/www.oezratty.net\/wordpress\/wp-content\/Stand-Virtuel-CES-2021-1024x592.jpg 1024w, https:\/\/www.oezratty.net\/wordpress\/wp-content\/Stand-Virtuel-CES-2021-768x444.jpg 768w\" sizes=\"auto, (max-width: 501px) 100vw, 501px\" \/><\/a><\/p>\n<p>Pour ce qui est des vid\u00e9os des &#8220;exposants&#8221;, il y avait \u00e0 boire et \u00e0 manger. Le pire du moment, qui m\u2019agace au plus haut point, sont ces satan\u00e9es vid\u00e9os format \u201cdessin anim\u00e9\u201d gnangnans qui ne pr\u00e9sentent m\u00eame pas l\u2019incarnation r\u00e9elle du produit, qu\u2019il s\u2019agisse de mat\u00e9riel ou de logiciel. En voici un exemple avec la startup <a href=\"https:\/\/www.youtube.com\/watch?v=FZqH5lhVHTc\">Jooxter<\/a> ! Heureusement, d\u2019autres vid\u00e9os permettent de mieux appr\u00e9hender les produits et donnent plus envie de les explorer.<\/p>\n<p>On pouvait sinon assister aux keynotes et conf\u00e9rences en direct ou en diff\u00e9r\u00e9. Certaines \u00e9taient difficiles \u00e0 suivre comme celle de LG qui encha\u00eenait un nouveau produit toutes les 15 secondes. La manie des grands du secteur de vouloir enfiler des dizaines de messages est aga\u00e7ante. Ils feraient mieux d\u2019approfondir convenablement un ou quelques produits comme le fait traditionnellement Apple dans ses grands lancements de septembre. Fooooocus ! (contre-exemple <em>ci-dessous<\/em> avec le groupe cor\u00e9en Hancom qui fait un peu trop de tout\u2026 pour un chiffre d\u2019affaire total d\u2019environ $300M). Et avouez-le, vous \u00eates toujours moins attentifs chez vous qu&#8217;en \u00e9tant dans la salle lors d&#8217;une keynote ou d&#8217;une conf\u00e9rence !<\/p>\n<p><a href=\"https:\/\/www.oezratty.net\/wordpress\/wp-content\/image-71.png\"><img loading=\"lazy\" decoding=\"async\" style=\"display: inline; background-image: none;\" title=\"image\" src=\"https:\/\/www.oezratty.net\/wordpress\/wp-content\/image_thumb-69.png\" alt=\"image\" width=\"523\" height=\"155\" border=\"0\" \/><\/a><\/p>\n<p>\u00c0 c\u00f4t\u00e9 de cette information bien maigre pour faire son march\u00e9, la liste des 75 000 visiteurs inscrits \u00e9tait accessible. Et pas 200 000 comme certains l\u2019ont cru et relay\u00e9. C\u2019est un plus par rapport aux \u00e9ditions pr\u00e9c\u00e9dentes de pouvoir savoir qui est \u201cl\u00e0\u201d, notamment par soci\u00e9t\u00e9, sachant que le \u201cl\u00e0\u201d \u00e9tait d&#8217;une valeur tr\u00e8s relative. Un peu comme tous ces amis ou toutes ces relations avec qui on aimerait bien discuter librement en cette p\u00e9riode de confinement prolong\u00e9 mais que l&#8217;on n&#8217;ose pas forc\u00e9ment d\u00e9ranger.<\/p>\n<p>En pratique, l\u2019actualit\u00e9 du salon \u00e9tait bien plus facile \u00e0 suivre via la couverture presse des grands m\u00e9dias technologiques tels qu\u2019<strong>Engadget<\/strong>, <strong>TheVerge<\/strong>, <strong>C-NET<\/strong> et consorts, sans compter les m\u00e9dias fran\u00e7ais. Je l\u2019ai aussi suivie via mon lecteur RSS avec une recherche sur le mot cl\u00e9 \u201cCES 2021\u201d, histoire de ne rien louper. Encore plus qu\u2019\u00e0 l\u2019habitude, les m\u00e9dias ont donc jou\u00e9 le r\u00f4le d\u2019interm\u00e9diateurs de d\u00e9couverte des nouveaut\u00e9s de ce salon. Cela a d\u2019ailleurs bien fonctionn\u00e9 car l\u2019actualit\u00e9 labellis\u00e9e \u201cCES 2021\u201d \u00e9tait relativement abondante, tout du moins comparativement \u00e0 tous les autres salons qui s\u2019\u00e9taient maintenus dans un format virtuel en 2020. Vous aviez vu passer l\u2019<strong>IFA<\/strong> de Berlin en septembre ou le <strong>Web Summit<\/strong> en d\u00e9cembre ?<\/p>\n<p><strong>G\u00e9opolitique du CES<\/strong><\/p>\n<p>L\u2019\u00e9quilibre des exposants par pays a \u00e9t\u00e9 modifi\u00e9 par la virtualisation du salon. Le principal changement est la chute assez marqu\u00e9e du nombre d\u2019exposants chinois. C\u2019est un peu normal dans la mesure o\u00f9 une grande part des exposants chinois \u00e9tait des sous-traitants ne pr\u00e9sentant pas d\u2019offre ayant un grand int\u00e9r\u00eat. Sur les 2000 exposants, nous avons toujours les USA en premier avec 569 exposants, suivis des Cor\u00e9ens qui \u00e9taient 341 puis de 203 Chinois. D\u2019ailleurs, Gary Shapiro, le patron de la CTA qui organise le CES, annon\u00e7ait la fin du CES de Shanghai dans une <a href=\"https:\/\/www.lefigaro.fr\/secteur\/high-tech\/cette-edition-numerique-est-une-opportunite-de-reinventer-le-ces-20210111\">interview<\/a> avec Elsa Bembaron du Figaro. Ce n\u2019est pas \u00e9tonnant. Ce salon dont la derni\u00e8re \u00e9dition avait eu lieu en 2019 n\u2019\u00e9tait pas une r\u00e9ussite.<\/p>\n<p>La France arrivait en quatri\u00e8me position de ce 2021 avec 135 entreprises, talonn\u00e9e par Taiwan avec 130 exposants puis les Pays-Bas repr\u00e9sent\u00e9s par 85 soci\u00e9t\u00e9s. La pr\u00e9sence fran\u00e7aise \u00e9tait bien valoris\u00e9e par l\u2019action de <strong>Business France <\/strong>qui avait cr\u00e9\u00e9 pour l\u2019occasion une brochure rassemblant l\u2019ensemble des acteurs pr\u00e9sents. Le <strong>Village Francophone<\/strong> revenait aussi avec une animation en ligne avec le concours du <strong>Village by CA<\/strong>, ce qui s&#8217;accordait bien.<\/p>\n<p>La France collectait de plus une grosse dizaine d\u2019awards honorees et un finaliste \u201cBest of Innovation\u201d, un r\u00e9sultat honorable mais inf\u00e9rieur \u00e0 celui des ann\u00e9es pr\u00e9c\u00e9dentes. A comparer \u00e0 191 entreprises et 285 produits \u00e9lus, et 20 laur\u00e9ats du &#8220;Best of Innovation&#8221;.<\/p>\n<p><a href=\"https:\/\/www.oezratty.net\/wordpress\/2021\/que-retenir-de-ce-curieux-ces-2021\/france-au-ces-2021-2\/\" rel=\"attachment wp-att-18830\"><img loading=\"lazy\" decoding=\"async\" class=\"alignnone wp-image-18830\" src=\"https:\/\/www.oezratty.net\/wordpress\/wp-content\/France-au-CES-2021-1.jpg\" alt=\"\" width=\"550\" height=\"301\" srcset=\"https:\/\/www.oezratty.net\/wordpress\/wp-content\/France-au-CES-2021-1.jpg 1431w, https:\/\/www.oezratty.net\/wordpress\/wp-content\/France-au-CES-2021-1-300x164.jpg 300w, https:\/\/www.oezratty.net\/wordpress\/wp-content\/France-au-CES-2021-1-1024x560.jpg 1024w, https:\/\/www.oezratty.net\/wordpress\/wp-content\/France-au-CES-2021-1-768x420.jpg 768w\" sizes=\"auto, (max-width: 550px) 100vw, 550px\" \/><\/a><\/p>\n<p>Les r\u00e9gions fran\u00e7aises \u00e9taient bien repr\u00e9sent\u00e9es avec notamment les r\u00e9gions au sud de la Loire : R\u00e9gion Auvergne-Rh\u00f4ne Alpes, R\u00e9gion Sud, Occitanie et Aquitaine. Pour la premi\u00e8re fois, l\u2019Outre-Mer \u00e9tait repr\u00e9sent\u00e9 de mani\u00e8re consolid\u00e9e par Tech4Islands regroupant trois startups de Guadeloupe, Nouvelle Cal\u00e9donie et Polyn\u00e9sie Fran\u00e7aise.<\/p>\n<p><a href=\"https:\/\/www.oezratty.net\/wordpress\/2021\/que-retenir-de-ce-curieux-ces-2021\/regions-francaises-au-ces-2021\/\" rel=\"attachment wp-att-18864\"><img loading=\"lazy\" decoding=\"async\" class=\"alignnone wp-image-18864\" src=\"https:\/\/www.oezratty.net\/wordpress\/wp-content\/Regions-francaises-au-CES-2021.jpg\" alt=\"\" width=\"623\" height=\"339\" srcset=\"https:\/\/www.oezratty.net\/wordpress\/wp-content\/Regions-francaises-au-CES-2021.jpg 1417w, https:\/\/www.oezratty.net\/wordpress\/wp-content\/Regions-francaises-au-CES-2021-300x163.jpg 300w, https:\/\/www.oezratty.net\/wordpress\/wp-content\/Regions-francaises-au-CES-2021-1024x556.jpg 1024w, https:\/\/www.oezratty.net\/wordpress\/wp-content\/Regions-francaises-au-CES-2021-768x417.jpg 768w\" sizes=\"auto, (max-width: 623px) 100vw, 623px\" \/><\/a><\/p>\n<p>Qu\u2019en est-il de la qualit\u00e9 des entreprises fran\u00e7aises repr\u00e9sent\u00e9es ? Je pr\u00e9f\u00e8re ne pas me prononcer, faute de donn\u00e9es objectives et m\u00eame subjectives. A part pour rappeler que nombre de startups fran\u00e7aises sont sur des march\u00e9s tr\u00e8s niche. Avec pas mal de soci\u00e9t\u00e9s destin\u00e9es aux entreprises (Klaxoon, Linagora). Ou d\u2019autres dont le nom ne semble pas refl\u00e9ter une v\u00e9ritable ambition internationale comme <strong>La Ruche \u00e0 V\u00e9los <\/strong>et son parking \u00e0 v\u00e9los automatis\u00e9 qui a pour l\u2019air pas mal. Les grandes entreprises fran\u00e7aises exposant virtuellement comprenaient <strong>Schneider Electric<\/strong>, <strong>STMicroelectronics<\/strong>, <strong>Technicolor<\/strong>,<strong> L\u2019Or\u00e9al <\/strong>et <strong>EDF <\/strong>(via ses filiales Exaion, Hynamics et Seclab) auxquelles il fallait ajouter le <strong>CEA <\/strong>qui valorisait trois startups spin-offs.<\/p>\n<p><strong>Covidisation de l\u2019offre<\/strong><\/p>\n<p>Impossible de ne pas parler de l\u2019impact du covid-19 sur l\u2019offre pr\u00e9sent\u00e9e. Il est facile de covidiser de nombreux pans de l\u2019offre num\u00e9rique du moment, qu\u2019il s\u2019agisse des outils de travail chez soi, des loisirs num\u00e9riques de la maison ou de ce qui concerne la sant\u00e9. C\u2019\u00e9tait aussi un autre moyen de valoriser les offres destin\u00e9es aux entreprises alors que le salon est cens\u00e9 \u00eatre le condensat des offres destin\u00e9es au grand public.<\/p>\n<p>Le t\u00e9l\u00e9travail \u00e9tait visible via quelques offres divers mat\u00e9rielles et logicielles. Nous avons d\u2019abord des cam\u00e9ras de visioconf\u00e9rences adapt\u00e9es aux entreprises ou au travail \u00e0 domicile : la <strong>Owl Labs <\/strong>Meeting Owl Pro qui filme une salle de r\u00e9union \u00e0 360\u00b0 et identifie et visualise les intervenants, la <strong>Labpano <\/strong>Pilot One 8K \u00e0 360\u00b0 ainsi que la <strong>J5create <\/strong>4K UHD Camera. Malheureusement, les outils de visioconf\u00e9rence les plus courants tels que Zoom diffusent rarement les vid\u00e9os au-del\u00e0 d\u2019un basique 720p.<\/p>\n<p>Une cam\u00e9ra 360\u00b0 plac\u00e9e au plafond comme la <strong>DreamVu <\/strong>Social Distancing Camera de <strong>MorpheusTEK <\/strong>permet de compter les personnes dans une pi\u00e8ce et de v\u00e9rifier que leur distanciation est bien respect\u00e9e (<a href=\"https:\/\/www.youtube.com\/watch?v=ztBCRPyUPrk&amp;feature=youtu.be\">vid\u00e9o<\/a>). <strong>Canon <\/strong>\u00e9tait tr\u00e8s content de rappeler qu\u2019ils avaient cr\u00e9\u00e9 un logiciel pour transformer leurs appareils reflex et hybrides en webcam via le c\u00e2ble USB. Manque de bol, l\u2019image 16&#215;9 g\u00e9n\u00e9r\u00e9e est cadr\u00e9e dans du 4&#215;3 et limit\u00e9e au 720p, c\u2019est donc inutilisable. La solution qui marche consiste \u00e0 acqu\u00e9rir un convertisseur HDMI-&gt;USB \u00e0 environ 22\u20ac (<a href=\"https:\/\/www.amazon.fr\/gp\/product\/B08CGVSRQV\/\">exemple<\/a>).<\/p>\n<p>C\u00f4t\u00e9 professionnel, le tonitruant fran\u00e7ais <strong>Klaxoon <\/strong>pr\u00e9sentait sont Smart Work Board, un pad partageable par les participants \u00e0 une r\u00e9union, rempla\u00e7ant l\u2019habituel tableau de blanc et ses post-it. Un autre fran\u00e7ais, <strong>Ubikey<\/strong>, pr\u00e9sentait aussi une solution de travail collaboratif \u00e0 base de tableau blanc interactif.<\/p>\n<p><a href=\"https:\/\/www.oezratty.net\/wordpress\/wp-content\/image-74.png\"><img loading=\"lazy\" decoding=\"async\" class=\"\" style=\"border: 0px currentcolor; display: inline; background-image: none;\" title=\"image\" src=\"https:\/\/www.oezratty.net\/wordpress\/wp-content\/image_thumb-72.png\" alt=\"image\" width=\"537\" height=\"208\" border=\"0\" \/><\/a><\/p>\n<p><strong>Imverse <\/strong>(Suisse\/USA) pr\u00e9sentait Live3D, une solution \u201cd\u2019hologrammes\u201d pour faire ses visioconf\u00e9rences. Il s\u2019agissait en fait de la captation de vid\u00e9o volum\u00e9trique en temps r\u00e9el, coupl\u00e9e \u00e0 une visualisation exploitant un casque de r\u00e9alit\u00e9 augment\u00e9e. Je m\u2019insurge \u00e0 chaque fois contre ces appellations \u201cd\u2019hologramme\u201d. Un hologramme exploite des lasers et des interf\u00e9rences. Ce n\u2019est jamais le cas dans ces solutions. Mais la vid\u00e9o volum\u00e9trique est ce qui s\u2019en rapproche le plus. Comment fonctionne la solution d\u2019Imverse ? Elle s\u2019appuie sur un dispositif de captation mont\u00e9 multi-cam\u00e9ras mont\u00e9 sur un \u00e9chafaudage. Ce n&#8217;est pas des plus pratique pour l&#8217;exploiter dans une salle de r\u00e9union ! Bref, ce n\u2019est pas encore scalable m\u00eame si le rendu est tr\u00e8s sympathique.<\/p>\n<p><a href=\"https:\/\/www.oezratty.net\/wordpress\/2021\/que-retenir-de-ce-curieux-ces-2021\/imverse\/\" rel=\"attachment wp-att-18854\"><img loading=\"lazy\" decoding=\"async\" class=\"alignnone wp-image-18854\" src=\"https:\/\/www.oezratty.net\/wordpress\/wp-content\/Imverse.jpg\" alt=\"\" width=\"492\" height=\"243\" srcset=\"https:\/\/www.oezratty.net\/wordpress\/wp-content\/Imverse.jpg 1348w, https:\/\/www.oezratty.net\/wordpress\/wp-content\/Imverse-300x148.jpg 300w, https:\/\/www.oezratty.net\/wordpress\/wp-content\/Imverse-1024x505.jpg 1024w, https:\/\/www.oezratty.net\/wordpress\/wp-content\/Imverse-768x379.jpg 768w\" sizes=\"auto, (max-width: 492px) 100vw, 492px\" \/><\/a><\/p>\n<p>Ce genre de solution de vid\u00e9o volum\u00e9trique est dans l\u2019air du temps depuis au moins trois CES. J\u2019avais rep\u00e9r\u00e9 ce sujet au moment du CES 2017 avec quelques startups (FreeD, hyperVR, 8i), l\u2019une d\u2019entre-elles ayant \u00e9t\u00e9 pr\u00e9sent\u00e9e dans le keynote d\u2019<strong>Intel<\/strong>. L\u2019ann\u00e9e suivante, ce dernier pr\u00e9sentait son impressionnant studio de production de vid\u00e9os volum\u00e9triques. En 2019, Intel d\u00e9montrait un remake de Grease r\u00e9alis\u00e9 dans ce studio et affich\u00e9 sur un \u00e9cran 3D autost\u00e9r\u00e9oscopique modifiant l\u2019image en fonction de la position de l\u2019audience, r\u00e9cup\u00e9r\u00e9e par un capteur RealSense. En 2020, le relais de la vid\u00e9o volum\u00e9trique \u00e9tait pris par la startup isra\u00e9lienne <strong>TetaVi<\/strong> positionn\u00e9e comme prestataire de service de captation. Dans son keynote sur ce CES 2021, <strong>Canon <\/strong>\u00e9voquait aussi son activit\u00e9 dans la captation volum\u00e9trique de comp\u00e9titions sportives aux USA. Presque un remake de ce que faisait Intel en 2017.<\/p>\n<p><a href=\"https:\/\/www.oezratty.net\/wordpress\/2021\/que-retenir-de-ce-curieux-ces-2021\/offre-covid\/\" rel=\"attachment wp-att-18831\"><img loading=\"lazy\" decoding=\"async\" class=\"alignnone wp-image-18831\" src=\"https:\/\/www.oezratty.net\/wordpress\/wp-content\/Offre-Covid.jpg\" alt=\"\" width=\"498\" height=\"240\" srcset=\"https:\/\/www.oezratty.net\/wordpress\/wp-content\/Offre-Covid.jpg 1417w, https:\/\/www.oezratty.net\/wordpress\/wp-content\/Offre-Covid-300x144.jpg 300w, https:\/\/www.oezratty.net\/wordpress\/wp-content\/Offre-Covid-1024x493.jpg 1024w, https:\/\/www.oezratty.net\/wordpress\/wp-content\/Offre-Covid-768x370.jpg 768w\" sizes=\"auto, (max-width: 498px) 100vw, 498px\" \/><\/a><\/p>\n<p>La covidisation de l\u2019offre touchait aussi le robot de d\u00e9sinfection aux UV-C de <strong>LG Electronics<\/strong>. Les UV-C sont la partie des UV qui tue les pathog\u00e8nes a\u00e9riens dont le virus du covid-19. Ils sont g\u00e9n\u00e9r\u00e9s par des lampes \u00e0 excimer qui font plusieurs dizaines de centim\u00e8tres de long, comme des n\u00e9ons. On ne sait pas encore g\u00e9n\u00e9rer des UV-C avec des lampes LED car les rendements sont tr\u00e8s mauvais dans cette gamme de longueur d\u2019onde, en-dessous de 222 nm. Deux robots \u00e9quivalents \u00e9tait pr\u00e9sent\u00e9s par le Chinois <strong>Ubtech<\/strong>, les Adibot. Et puis <strong>GHSP <\/strong>proposait sa lampe UV-C Grenlite pour d\u00e9sinfecter l\u2019int\u00e9rieur des v\u00e9hicules.<\/p>\n<p>On avait aussi le <strong>AirPop <\/strong>(Pays-Bas) smartmask, un masque int\u00e9grant un analyseur de la qualit\u00e9 de l\u2019air qui vous indique en plus quand il faut changer son filtre, <strong>MaskFone <\/strong>(UK), un masque int\u00e9grant oreillettes et micro, <strong>Seguro <\/strong>(USA) et son masque AirSafe transparent recouvrant tout le visage, le masque ventil\u00e9 xHale du Fran\u00e7ais <strong>xRapid Group<\/strong>, <strong>iWavenology <\/strong>(Taiwan) avec son capteur de proximit\u00e9 \u00e0 base d\u2019Ultra Wide Band (UWB) pour garantir la distanciation sociale et toute une panoplie de produits mesurant la temp\u00e9rature des gens alentours \u00e0 base de capteurs infrarouges.<\/p>\n<p>Nous verrons plus loin d\u2019autres solutions inspir\u00e9es de la situation, notamment du c\u00f4t\u00e9 des laptops.<\/p>\n<p><strong>Intelligence artificielle<\/strong><\/p>\n<p>Rares sont les produits qui ne se targuent pas d\u2019int\u00e9grer des briques d\u2019IA. Au CES, le moindre objet traitant des images ou de la parole est de la partie. Cela comprend donc tous les smartphones, toutes les cam\u00e9ras de surveillance, toutes les enceintes \u00e0 commande vocale, m\u00eame si Amazon et Google ne pouvaient plus faire leur d\u00e9monstration de force comme les deux ann\u00e9es pr\u00e9c\u00e9dentes.<\/p>\n<p>Parmi les awards du salon, on avait droit \u00e0 un bric \u00e0 brac h\u00e9t\u00e9roclite de produit affichant des morceaux d\u2019IA avec <strong>Petpuls <\/strong>(un collier connect\u00e9 qui analyse les aboiements des chiens pour d\u00e9tecter leur \u00e9tat \u00e9motionnel), <strong>Orcam Read <\/strong>(un stylo de lecture de textes imprim\u00e9s ou sur \u00e9crans et text-to-speech), <strong>Qeexo <\/strong>(une solution logicielle d\u2019AutoML pour les entreprises, par ailleurs mise en valeur par <strong>STMicroelectronics <\/strong>car elle supporte leurs microcontr\u00f4leurs STM32), <strong>John Deere <\/strong>avec son X-Serie combinee, une sorte de robot de r\u00e9colte de ma\u00efs, puis le <strong>Daesung <\/strong>Hive Controller qui robotise le nettoyage des ruches.<\/p>\n<p><a href=\"https:\/\/www.oezratty.net\/wordpress\/2021\/que-retenir-de-ce-curieux-ces-2021\/ai-awards-ces-2021\/\" rel=\"attachment wp-att-18826\"><img loading=\"lazy\" decoding=\"async\" class=\"alignnone wp-image-18826\" src=\"https:\/\/www.oezratty.net\/wordpress\/wp-content\/AI-Awards-CES-2021.jpg\" alt=\"\" width=\"545\" height=\"262\" srcset=\"https:\/\/www.oezratty.net\/wordpress\/wp-content\/AI-Awards-CES-2021.jpg 1385w, https:\/\/www.oezratty.net\/wordpress\/wp-content\/AI-Awards-CES-2021-300x144.jpg 300w, https:\/\/www.oezratty.net\/wordpress\/wp-content\/AI-Awards-CES-2021-1024x491.jpg 1024w, https:\/\/www.oezratty.net\/wordpress\/wp-content\/AI-Awards-CES-2021-768x368.jpg 768w\" sizes=\"auto, (max-width: 545px) 100vw, 545px\" \/><\/a><\/p>\n<p>On peut y ajouter le fran\u00e7ais <strong>VMPS Corporation <\/strong>avec Mathia un outil d\u2019apprentissage des math\u00e9matiques exploitant la reconnaissance vocale et un affichage \u201cholographique\u201d (sur un miroir) ainsi que le Suisse <strong>Cryfe <\/strong>avec son syst\u00e8me exploitant l\u2019analyse du visage et du langage pour d\u00e9tecter l&#8217;authenticit\u00e9 de l&#8217;interlocuteur. Il cible les RH pour les recrutements !<\/p>\n<p>Et puis parmi plein d&#8217;exemples, <strong>Cynomys <\/strong>(Italie) et sa solution de suivi de b\u00e9tail \u00e0 base d\u2019IoT et d\u2019IA qui fonctionne avec les volailles, les porcs et les vaches, <strong>Handsteco<\/strong> de Medic-Lead (UK), un distributeur de savon \u00e0 base d\u2019IA qui v\u00e9rifie que l\u2019utilisateur se lave bien les mains, <strong>Oticon <\/strong>(Danemark) et ses \u00e9couteurs More pour malentendants dynamis\u00e9s au deep learning, <strong>Sniffy <\/strong>(USA) avec son application mobile servant \u00e0 \u00e9lever son chien, contenant aussi des morceaux de fruits d\u2019IA dans son yaourt logiciel, et <strong>Philips<\/strong> qui lan\u00e7ait ses brosses \u00e0 dent connect\u00e9es Sonicare 9900 Prestige dont l\u2019application mobile associ\u00e9e utilise aussi de l\u2019IA. Au juste, s\u2019est-t-on bien pr\u00e9occup\u00e9 des biais de l\u2019IA de la brosse \u00e0 dent ?<\/p>\n<p>Et puis <strong>Sony<\/strong> mettait le paquet dans l\u2019IA washing avec le lancement de ses nouvelles TV Bravia XR dot\u00e9es d\u2019une \u201cintelligence cognitive\u201d int\u00e9gr\u00e9e dans leur \u201cCognitive Processor XR\u201d. Tout cela pour am\u00e9liorer \u00e0 la marge la qualit\u00e9 de l\u2019image, d\u00e9j\u00e0 magnifi\u00e9e par de belles dalles OLED ou quantum dots LCD.<\/p>\n<p><strong>Vid\u00e9o et TV<\/strong><\/p>\n<p>La tradition n\u2019a pas \u00e9t\u00e9 rompue : les constructeurs de TVs ont continu\u00e9 de jouer dans la surench\u00e8re sur la qualit\u00e9 des images. La qu\u00eate est toujours la m\u00eame : les contrastes, le rendu des noirs et la colorim\u00e9trie. Apr\u00e8s des ann\u00e9es \u00e0 voir se confronter les quantum dots des \u00e9crans LCD et les \u00e9crans OLED, pouss\u00e9s surtout par LG Electronics, cette ann\u00e9e voyait deux technologies particuli\u00e8rement mises en avant : les mini-LED et les micro-LED. Et comme d\u2019habitude, les appellations sont trompeuses car elles n\u2019ont pas grand-chose \u00e0 voir.<\/p>\n<p>Les <strong>mini-LED<\/strong> sont des LED blanches ou bleues de r\u00e9tro\u00e9clairage d\u2019\u00e9crans LCD. Elles permettent d\u2019obtenir de meilleurs contrastes et noirs, une promesse \u00e9ternelle depuis que je vais au CES ! Cela ne sert pas \u00e0 grand-chose car le v\u00e9ritable noir est tr\u00e8s rare dans les contenus vid\u00e9o ! Faites un essai avec un film de SF ! Ces mini-LEDs se trouvaient chez <strong>LG <\/strong>avec ses TV QNED et leurs 25 000 mini-LED, <strong>Samsung <\/strong>avec ses Neo QLED 4K et 8K, jusqu\u2019au 95 pouces en 8K, et avec un nombre de LEDs non pr\u00e9cis\u00e9 et chez <strong>TCL <\/strong>avec ses OD Zero int\u00e9gr\u00e9es dans des TV allant jusqu\u2019au 85 pouces, avec un nombre de LED non indiqu\u00e9 comme pour Samsung.<\/p>\n<p><a href=\"https:\/\/www.oezratty.net\/wordpress\/2021\/que-retenir-de-ce-curieux-ces-2021\/mini-led\/\" rel=\"attachment wp-att-18871\"><img loading=\"lazy\" decoding=\"async\" class=\"alignnone wp-image-18871\" src=\"https:\/\/www.oezratty.net\/wordpress\/wp-content\/Mini-LED.jpg\" alt=\"\" width=\"468\" height=\"251\" srcset=\"https:\/\/www.oezratty.net\/wordpress\/wp-content\/Mini-LED.jpg 1446w, https:\/\/www.oezratty.net\/wordpress\/wp-content\/Mini-LED-300x161.jpg 300w, https:\/\/www.oezratty.net\/wordpress\/wp-content\/Mini-LED-1024x550.jpg 1024w, https:\/\/www.oezratty.net\/wordpress\/wp-content\/Mini-LED-768x412.jpg 768w\" sizes=\"auto, (max-width: 468px) 100vw, 468px\" \/><\/a><\/p>\n<p>Les <strong>micro-LEDs<\/strong> qui sont des matrices de LED RGB \u00e9missives, une version miniaturis\u00e9e des syst\u00e8mes d\u2019affichage de l\u2019\u00e9v\u00e9nementiel. Les b\u00e9n\u00e9fices sont voisins de ceux de l\u2019OLED. Elles sont plus durables, plus lumineuses et g\u00e9n\u00e8rent de meilleurs noirs. Ces micro-LED sont cependant tr\u00e8s ch\u00e8res \u00e0 produire car il faut les placer une par une ou par blocs sur un substrat. M\u00eame en robotisant cela, ce n\u2019est pas simple. <strong>Samsung <\/strong>pr\u00e9sentait ses TV micro-LED de 99 et 110 pouces \u00e0 plus de $150K ! Le bonus ? Une t\u00e9l\u00e9commande aliment\u00e9e par un petit panneau solaire et fabriqu\u00e9e en plastique recycl\u00e9. Ces micro-LEDs proviennent notamment de <strong>PlayNitride <\/strong>(Taiwan) qui fournit une bonne part des fabricants d\u2019\u00e9crans du march\u00e9 (AUO, TCL et sa filiale CSoT, Samsung, Tianma) avec ses composants \u00e0 base de nitrure de gallium (GaN).<\/p>\n<p><a href=\"https:\/\/www.oezratty.net\/wordpress\/2021\/que-retenir-de-ce-curieux-ces-2021\/mini-led-et-micro-led\/\" rel=\"attachment wp-att-18833\"><img loading=\"lazy\" decoding=\"async\" class=\"alignnone wp-image-18833\" src=\"https:\/\/www.oezratty.net\/wordpress\/wp-content\/Mini-LED-et-Micro-LED.jpg\" alt=\"\" width=\"534\" height=\"323\" srcset=\"https:\/\/www.oezratty.net\/wordpress\/wp-content\/Mini-LED-et-Micro-LED.jpg 1294w, https:\/\/www.oezratty.net\/wordpress\/wp-content\/Mini-LED-et-Micro-LED-300x181.jpg 300w, https:\/\/www.oezratty.net\/wordpress\/wp-content\/Mini-LED-et-Micro-LED-1024x619.jpg 1024w, https:\/\/www.oezratty.net\/wordpress\/wp-content\/Mini-LED-et-Micro-LED-768x464.jpg 768w\" sizes=\"auto, (max-width: 534px) 100vw, 534px\" \/><\/a><\/p>\n<p><strong>HiSense <\/strong>pr\u00e9sentait de nouvelles TV Laser, les TriChroma Laser TV qui sont en fait des projecteurs vid\u00e9o \u00e0 courte port\u00e9e que l\u2019on place en-dessous d\u2019un \u00e9cran blanc. Ils am\u00e9liorent le rendu des couleurs en couvrant 107% de la sp\u00e9cification BT2020 et 151% de la sp\u00e9cification DCI-P3 utilis\u00e9e au cin\u00e9ma. Le syst\u00e8me utilise trois sources laser de couleur RGB pures qui am\u00e9liorent au passage la luminosit\u00e9. Le format propos\u00e9 couvre des \u00e9crans de 75 \u00e0 100 pouces.<\/p>\n<p align=\"left\">C\u00f4t\u00e9 d\u00e9coration, <strong>Samsung <\/strong>fait \u00e9voluer ses TV cadres photos The Frame, lanc\u00e9s pour la premi\u00e8re fois en 2017. Leur \u00e9dition 2021 est plus fine, avec seulement 24,9 mm d\u2019\u00e9paisseur pour des diagonales allant de 32 \u00e0 75 pouces. Ils peuvent m\u00eame \u00eatre personnalis\u00e9s avec un biseau \u00e0 45\u00b0 (angled beveled bezel option). <strong>LG Electronics<\/strong> faisait de m\u00eame avec ses TV cadres photos OLED evo G1 Gallery Series disponibles en format mural ou sur pied (<em>ci-dessous<\/em>). L\u2019\u00e9paisseur de la version 2020 \u00e9tait de 2 cm, celle de 2021 n\u2019\u00e9tant pas pr\u00e9cis\u00e9e. On suppose\u2026 moins ! L\u2019image du produit ne permet pas de savoir \u201cmoins combien ?\u201d.<\/p>\n<p align=\"left\"><a href=\"https:\/\/www.oezratty.net\/wordpress\/wp-content\/LG-OLED-evo.jpg\"><img loading=\"lazy\" decoding=\"async\" class=\"\" style=\"border: 0px currentcolor; display: inline; background-image: none;\" title=\"LG OLED evo\" src=\"https:\/\/www.oezratty.net\/wordpress\/wp-content\/LG-OLED-evo_thumb.jpg\" alt=\"LG OLED evo\" width=\"251\" height=\"291\" border=\"0\" \/><\/a><\/p>\n<p align=\"left\">Quid des usages et des interfaces utilisateurs de ces TV ? Ils sont assez peu mis en avant comme depuis pas mal d\u2019ann\u00e9e. <strong>LG <\/strong>pr\u00e9sentait son WebOS 6 pour ses TV connect\u00e9es avec un menu d\u2019accueil repens\u00e9 pour la ni\u00e8me fois. Et le support du cloud gaming via Google Stadia et permettant l\u2019acc\u00e8s \u00e0 des cartes graphiques Nvidia dans le cloud. Sinon, Google TV \u00e9volue chez les constructeurs chinois qui sont les principaux \u00e0 l\u2019adopter. Et l\u2019ATSC 3.0 se g\u00e9n\u00e9ralise pour les pays utilisant ce standard de diffusion broadcast de la TV \u00e9quivalent \u00e0 notre TNT et son interactivit\u00e9 HbbTV qui est relativement peu utilis\u00e9e.<\/p>\n<p align=\"left\">Dans le domaine de la r\u00e9alit\u00e9 mixte, virtuelle ou augment\u00e9e, le CES ne valorisait pas de grande nouveaut\u00e9. Il y avait notamment les <strong>Lenovo <\/strong>ThinkReality A3 Smart Glasses, \u00e9quip\u00e9es d\u2019un processeur Qualcomm Snapdragon XR1 SoC, d\u2019une cam\u00e9ra 8MP, capable d\u2019afficher virtuellement jusqu\u2019\u00e0 5 \u00e9quivalents d\u2019\u00e9crans Full HD. La paire doit \u00eatre connect\u00e9e \u00e0 un PC ou un smartphone utilisant un Qualcomm Snapdragon 8cx.<\/p>\n<p align=\"left\">Enfin c\u00f4t\u00e9 captation, <strong>Sony <\/strong>lan\u00e7ait un drone int\u00e9grant un hybride de la s\u00e9rie Alpha, le AirPeak (<a href=\"https:\/\/www.youtube.com\/watch?v=o_XWbHuwsfw&amp;feature=emb_logo\">vid\u00e9o<\/a>). A quoi bon vu l\u2019encombrement de ce march\u00e9 ? Un me-too franchement de trop.<\/p>\n<p><strong>Mobilit\u00e9<\/strong><\/p>\n<p>Je regroupe les quelques tendances confirm\u00e9es par ce CES c\u00f4t\u00e9 smartphones en trois cat\u00e9gories : la d\u00e9mocratisation de la 5G, les formats exotiques et l\u2019am\u00e9lioration des fonctions photo et vid\u00e9o.<\/p>\n<p>La <strong>d\u00e9mocratisation de la 5G<\/strong> se confirmait avec des mod\u00e8les de smartphones qui descendent maintenant en-dessous de 300\u20ac. C\u2019est le cas du <strong>Redmi <\/strong>Note 9T 5G lanc\u00e9 pour ce CES 2021, qui est \u00e9quip\u00e9 d\u2019un chipset MediaTek Dimensity 800U et d\u2019une batterie de 5000 mAh. Son prix d\u00e9marre \u00e0 230\u20ac pour 64 Go de stockage. <strong>MediaTek <\/strong>serait d\u2019ailleurs devenu le plus grand fournisseur de chipsets de smartphones fin 2020 en d\u00e9passant de peu Qualcomm. Au CES 2021, <strong>Qualcomm <\/strong>lan\u00e7ait au passage le Snapdragon 480, un chipset d\u2019entr\u00e9e de gamme 5G qui va aussi contribuer \u00e0 cette d\u00e9mocratisation pour les annonces \u00e0 venir de l\u2019ann\u00e9e. Cela compl\u00e9tait l&#8217;annonce du Snapdragon 888 haut de gamme en d\u00e9cembre 2020.<\/p>\n<p><a href=\"https:\/\/www.oezratty.net\/wordpress\/2021\/que-retenir-de-ce-curieux-ces-2021\/5g-ces-2021\/\" rel=\"attachment wp-att-18834\"><img loading=\"lazy\" decoding=\"async\" class=\"alignnone wp-image-18834\" src=\"https:\/\/www.oezratty.net\/wordpress\/wp-content\/5G-CES-2021.jpg\" alt=\"\" width=\"509\" height=\"243\" srcset=\"https:\/\/www.oezratty.net\/wordpress\/wp-content\/5G-CES-2021.jpg 1406w, https:\/\/www.oezratty.net\/wordpress\/wp-content\/5G-CES-2021-300x143.jpg 300w, https:\/\/www.oezratty.net\/wordpress\/wp-content\/5G-CES-2021-1024x489.jpg 1024w, https:\/\/www.oezratty.net\/wordpress\/wp-content\/5G-CES-2021-768x367.jpg 768w\" sizes=\"auto, (max-width: 509px) 100vw, 509px\" \/><\/a><\/p>\n<p>Les <strong>formats de plus en plus exotiques<\/strong> continuent de prolif\u00e9rer. Le <strong>LG <\/strong>Wing avec son double \u00e9cran rotatif, la cam\u00e9ra cach\u00e9e derri\u00e8re l\u2019\u00e9cran chez <strong>Xiaomi<\/strong>, le <strong>Samsung <\/strong>Galaxy Z Flip qui se plie en deux formant un petit carr\u00e9 puis le <strong>Samsung <\/strong>Galaxy Z Fold 2 qui se d\u00e9plie en deux pour devenir une grande tablette carr\u00e9e. Cette disparit\u00e9 va leur nuire et je crains qu\u2019aucun format de ce type ne puisse s\u2019imposer \u00e0 la longue. A noter la pr\u00e9sentation de prototypes de smartphones \u00e0 \u00e9crans enroulables chez TCL (<a href=\"https:\/\/www.youtube.com\/watch?v=_RrV7TOG4H8&amp;feature=emb_logo\">vid\u00e9o<\/a>) et LG (<a href=\"https:\/\/www.youtube.com\/watch?v=YUOnFf-cI5g\">vid\u00e9o<\/a>). TCL pr\u00e9sentait m\u00eame un \u00e9cran enroulable de 17 pouces, produit avec une technologie d\u2019impression OLED. Cette fois-ci, plut\u00f4t pour un laptop du futur. Tout cela est bien distrayant. J\u2019ai cependant du mal \u00e0 voir l\u2019un de ces formats s\u2019imposer et pas que pour une question de prix. La grande masse des utilisateurs pr\u00e9f\u00e8re des solutions simples.<\/p>\n<p><a href=\"https:\/\/www.oezratty.net\/wordpress\/2021\/que-retenir-de-ce-curieux-ces-2021\/smartphones-exotiques\/\" rel=\"attachment wp-att-18836\"><img loading=\"lazy\" decoding=\"async\" class=\"alignnone wp-image-18836\" src=\"https:\/\/www.oezratty.net\/wordpress\/wp-content\/Smartphones-Exotiques.jpg\" alt=\"\" width=\"497\" height=\"269\" srcset=\"https:\/\/www.oezratty.net\/wordpress\/wp-content\/Smartphones-Exotiques.jpg 1293w, https:\/\/www.oezratty.net\/wordpress\/wp-content\/Smartphones-Exotiques-300x162.jpg 300w, https:\/\/www.oezratty.net\/wordpress\/wp-content\/Smartphones-Exotiques-1024x554.jpg 1024w, https:\/\/www.oezratty.net\/wordpress\/wp-content\/Smartphones-Exotiques-768x415.jpg 768w\" sizes=\"auto, (max-width: 497px) 100vw, 497px\" \/><\/a><\/p>\n<p>Enfin, les <strong>fonctions photos sont toujours plus \u00e9volu\u00e9es<\/strong> avec des smartphones int\u00e9grant entre trois et cinq cam\u00e9ras selon les cas, avec des optiques \u00e0 grande ouverture, des zooms, des grands angles, un nombre de pixels de 108 MP (m\u00e9gapixels) et de l\u2019IA embarqu\u00e9e pour traiter num\u00e9riquement les photos, notamment \u00e0 basse lumi\u00e8re.<\/p>\n<p><a href=\"https:\/\/www.oezratty.net\/wordpress\/2021\/que-retenir-de-ce-curieux-ces-2021\/capteurs-smartphones\/\" rel=\"attachment wp-att-18837\"><img loading=\"lazy\" decoding=\"async\" class=\"alignnone wp-image-18837\" src=\"https:\/\/www.oezratty.net\/wordpress\/wp-content\/Capteurs-Smartphones.jpg\" alt=\"\" width=\"538\" height=\"268\" srcset=\"https:\/\/www.oezratty.net\/wordpress\/wp-content\/Capteurs-Smartphones.jpg 1321w, https:\/\/www.oezratty.net\/wordpress\/wp-content\/Capteurs-Smartphones-300x149.jpg 300w, https:\/\/www.oezratty.net\/wordpress\/wp-content\/Capteurs-Smartphones-1024x509.jpg 1024w, https:\/\/www.oezratty.net\/wordpress\/wp-content\/Capteurs-Smartphones-768x382.jpg 768w\" sizes=\"auto, (max-width: 538px) 100vw, 538px\" \/><\/a><\/p>\n<p>Vers la fin du CES 2021, <strong>Samsung<\/strong> annon\u00e7ait ses derniers Galaxy S21 avec trois mod\u00e8les : le S21 de base, le S21 Plus et le S21 Ultra. Ils r\u00e9servent d\u2019habitude ces annonces pour le MWC de Barcelone, mais celui-ci a \u00e9t\u00e9 repouss\u00e9 de f\u00e9vrier \u00e0 juin 2021 et rien ne garantit qu\u2019il aura lieu physiquement \u00e0 ce moment-l\u00e0. La principale nouveaut\u00e9 du S21 est son chipset qui devient le dernier Qualcomm Snapdragon 888 annonc\u00e9 en d\u00e9cembre 2020. C\u2019est compl\u00e9t\u00e9 par une augmentation de la r\u00e9solution du capteur grand angle principal qui monte \u00e0 108MP pour le S21 Ultra et 64 MP pour les autres. Et surtout une baisse des prix par rapport \u00e0 la gamme des S20, permise notamment par la suppression du chargeur dans le packaging (comme chez Apple, sachant que ce dernier n\u2019en a pas profit\u00e9 pour baisser ses tarifs) et du slot pour carte m\u00e9moire.<\/p>\n<p>A plus long terme c\u00f4t\u00e9 photo, <strong>Samsung <\/strong>viserait les 200 MP voire m\u00eame les 600 MP, une course \u00e0 l\u2019\u00e9chalote d\u00e9nu\u00e9e de sens. Les cam\u00e9ras selfies frontales des prochains smartphones du march\u00e9 devraient s\u2019am\u00e9liorer avec le nouveau capteur CMOS d\u2019<strong>Omnivision<\/strong>, le <a href=\"https:\/\/www.ovt.com\/news-events\/product-releases\/omnivision-brings-32mp-resolution-to-selfie-cameras-in-compact-13-optical-format-with-new-07-micron-pixel-smartphone-image-sensor\">OV32B<\/a> et ses 32 m\u00e9gapixels (ces capteurs sont plus petits que ceux des cam\u00e9ras dorsales) ! C\u2019est compl\u00e9t\u00e9 par des pointeurs lasers ou des LiDAR pour faciliter la mise au point, notamment en situation de basse lumi\u00e8re.<\/p>\n<p>Cette surench\u00e8re contribue \u00e0 enfoncer encore plus le march\u00e9 des appareils photos qui d\u00e9cline inexorablement depuis plus de 10 ans. Mais, mais\u2026 les reflex et hybrides full frame ont encore quelques atouts en terme de qualit\u00e9 d\u2019image (normal, leurs capteurs sont bien plus grands) et au niveau du bokeh, que l\u2019IA embarqu\u00e9e dans les smartphones n\u2019arrive pas encore \u00e0 bien simuler. Je dois avouer que je sors moins souvent mon reflex de son sac depuis que je suis pass\u00e9 \u00e0 un smartphone r\u00e9cent.<\/p>\n<p><strong>Ordinateurs personnels<\/strong><\/p>\n<p>L\u2019offre \u00e9volue surtout au gr\u00e9 de l\u2019arriv\u00e9e des nouveaux processeurs d\u2019<strong>Intel <\/strong>et <strong>AMD <\/strong>et maintenant \u00e0 base de noyaux arm comme chez <strong>Apple <\/strong>et <strong>Qualcomm<\/strong>. Chez Intel, on en est aux Core de 11e g\u00e9n\u00e9ration avec leur GPU et leurs tenseurs (GNA) pour acc\u00e9l\u00e9rer les calculs du deep learning.<\/p>\n<p>C\u00f4t\u00e9 laptops, les am\u00e9liorations sont toujours marginales d\u2019une ann\u00e9e sur l\u2019autre comme celle des webcams int\u00e9gr\u00e9es qui semblent progresser comme dans les <strong>Dell <\/strong>Latitude 9420 et 9520 de 14 et 15 pouces. Il est en effet incroyable que dans des laptops pouvant atteindre 2000\u20ac les webcams int\u00e9gr\u00e9es ne soient m\u00eame pas Full HD alors que c\u2019est le cas de n\u2019importe quelle cam\u00e9ra de smartphone d\u2019entr\u00e9e de gamme.<\/p>\n<p>Dans cette m\u00eame lign\u00e9e, <strong>HP<\/strong> lan\u00e7ait son Elite Dragonfly Max \u00e9quip\u00e9 de quatre micros et d\u2019une cam\u00e9ra de 5MP donc, Full HD, ainsi que d\u2019un capteur de proximit\u00e9 infrarouge. Le tout avec des Core Intel de 11e g\u00e9n\u00e9ration et jusqu\u2019\u00e0 32 Go de m\u00e9moire et 2 To de SSD PCIe tout en conservant un vrai port HDMI 1.4 en plus de plusieurs USB-C. Enfin, une option 5G est pr\u00e9vue, qui sera disponible selon les pays.<\/p>\n<p><a href=\"https:\/\/www.oezratty.net\/wordpress\/wp-content\/HP-Elite-Dragonfly-Max.jpg\"><img loading=\"lazy\" decoding=\"async\" style=\"border: 0px currentcolor; display: inline; background-image: none;\" title=\"HP Elite Dragonfly Max\" src=\"https:\/\/www.oezratty.net\/wordpress\/wp-content\/HP-Elite-Dragonfly-Max_thumb.jpg\" alt=\"HP Elite Dragonfly Max\" width=\"356\" height=\"237\" border=\"0\" \/><\/a><\/p>\n<p><strong>Lenovo <\/strong>lan\u00e7ait le ThinkPad X1 Titanium Yoga, un convertible 13,5 pouces de ratio 16\/10, un format qui faisait aussi son apparition chez d\u2019autres constructeurs. Le nouveau Yoga ne p\u00e8se que 1,1 kg pour 11 mm d\u2019\u00e9paisseur et rappelle le Yoga 900S lanc\u00e9 en 2016. Il int\u00e8gre la 5G, tr\u00e8s \u00e0 la mode dans ce CES 2021 et est motoris\u00e9 par un Intel Core de 11e g\u00e9n\u00e9ration non pr\u00e9cis\u00e9 ce qui sous-entend qu\u2019il sera commercialis\u00e9 sous plusieurs versions, dont le prix d\u00e9marre tout de m\u00eame \u00e0 2149\u20ac.<\/p>\n<p><strong>Lenovo <\/strong>lan\u00e7ait aussi ses Lavie Mini sous la marque NEC (acquise en 2016). C\u2019est un convertible de 8 pouces Full HD, avec un processeur Core i7 de 11e g\u00e9n\u00e9ration g\u00e9n\u00e9reusement \u00e9quip\u00e9 de 16 Go de RAM et de 256 Go de stockage. Il p\u00e8se 579 g et sa batterie fait 26 Wh. Il peut \u00eatre compl\u00e9t\u00e9 par un pad le transformant en console de jeu (<em>ci-dessous<\/em>).<\/p>\n<p><a href=\"https:\/\/www.oezratty.net\/wordpress\/2021\/que-retenir-de-ce-curieux-ces-2021\/lenovo-lavie-mini\/\" rel=\"attachment wp-att-18839\"><img loading=\"lazy\" decoding=\"async\" class=\"alignnone wp-image-18839\" src=\"https:\/\/www.oezratty.net\/wordpress\/wp-content\/Lenovo-LaVie-Mini.jpg\" alt=\"\" width=\"420\" height=\"161\" srcset=\"https:\/\/www.oezratty.net\/wordpress\/wp-content\/Lenovo-LaVie-Mini.jpg 623w, https:\/\/www.oezratty.net\/wordpress\/wp-content\/Lenovo-LaVie-Mini-300x115.jpg 300w\" sizes=\"auto, (max-width: 420px) 100vw, 420px\" \/><\/a><\/p>\n<p><strong>Intel <\/strong>lan\u00e7ait une nouvelle famille de chipsets quadcore de la 11e g\u00e9n\u00e9ration grav\u00e9s en 10 nm, les Core H35, avec une \u00e9dition sp\u00e9ciale p\u00e9dalant jusqu\u2019\u00e0 5GHz, pour 35 Watt. Ils sont d\u00e9di\u00e9s aux laptops de gamers.<\/p>\n<p><a href=\"https:\/\/www.oezratty.net\/wordpress\/2021\/que-retenir-de-ce-curieux-ces-2021\/intel-tiger-lake-h35\/\" rel=\"attachment wp-att-18840\"><img loading=\"lazy\" decoding=\"async\" class=\"alignnone wp-image-18840\" src=\"https:\/\/www.oezratty.net\/wordpress\/wp-content\/Intel-Tiger-Lake-H35-scaled.jpg\" alt=\"\" width=\"518\" height=\"292\" srcset=\"https:\/\/www.oezratty.net\/wordpress\/wp-content\/Intel-Tiger-Lake-H35-scaled.jpg 2560w, https:\/\/www.oezratty.net\/wordpress\/wp-content\/Intel-Tiger-Lake-H35-300x169.jpg 300w, https:\/\/www.oezratty.net\/wordpress\/wp-content\/Intel-Tiger-Lake-H35-1024x577.jpg 1024w, https:\/\/www.oezratty.net\/wordpress\/wp-content\/Intel-Tiger-Lake-H35-768x433.jpg 768w, https:\/\/www.oezratty.net\/wordpress\/wp-content\/Intel-Tiger-Lake-H35-1536x865.jpg 1536w, https:\/\/www.oezratty.net\/wordpress\/wp-content\/Intel-Tiger-Lake-H35-2048x1154.jpg 2048w\" sizes=\"auto, (max-width: 518px) 100vw, 518px\" \/><\/a><\/p>\n<p>Intel met aussi en avant la fonctionnalit\u00e9 Evo de ses nouveaux chipsets pour laptops qui est destin\u00e9e \u00e0 am\u00e9liorer les usages : sortie plus rapide de mise en veille, plus grande autonomie, recharge plus rapide et meilleure connectivit\u00e9.<\/p>\n<p><a href=\"https:\/\/www.oezratty.net\/wordpress\/2021\/que-retenir-de-ce-curieux-ces-2021\/intel-evo\/\" rel=\"attachment wp-att-18841\"><img loading=\"lazy\" decoding=\"async\" class=\"alignnone wp-image-18841\" src=\"https:\/\/www.oezratty.net\/wordpress\/wp-content\/Intel-Evo.jpg\" alt=\"\" width=\"522\" height=\"166\" srcset=\"https:\/\/www.oezratty.net\/wordpress\/wp-content\/Intel-Evo.jpg 1866w, https:\/\/www.oezratty.net\/wordpress\/wp-content\/Intel-Evo-300x95.jpg 300w, https:\/\/www.oezratty.net\/wordpress\/wp-content\/Intel-Evo-1024x325.jpg 1024w, https:\/\/www.oezratty.net\/wordpress\/wp-content\/Intel-Evo-768x244.jpg 768w, https:\/\/www.oezratty.net\/wordpress\/wp-content\/Intel-Evo-1536x488.jpg 1536w\" sizes=\"auto, (max-width: 522px) 100vw, 522px\" \/><\/a><\/p>\n<p><strong>AMD <\/strong>faisait de m\u00eame avec le lancement de Ryzen 5000 pour notebooks de jeux avec jusqu\u2019\u00e0 huit c\u0153urs. En affirmant qu\u2019ils sont les meilleurs au monde ce qui pourra se v\u00e9rifier avec des benchmarks tierce-partie. <strong>Nvidia <\/strong>compl\u00e9tait tout cela avec son GPU GeForce RTX 3060 visant \u00e0 rendre leur technologie de rendering RTX pour jeux vid\u00e9o plus abordable par rapport au flagship RTX 3080.<\/p>\n<p>D\u2019o\u00f9 les pr\u00e9sentations de nouveaux laptops de gamers de comp\u00e9tition comme les <strong>Razer <\/strong>Blade 15 et Blade 17 \u00e9quip\u00e9s cependant de processeurs Intel 10875H de la g\u00e9n\u00e9ration pr\u00e9c\u00e9dente \u00e0 celle qui \u00e9tait annonc\u00e9e au CES 2021. Ils sont surtout \u00e9quip\u00e9s de GPU Nvidia GeForce RTX 3080 avec jusqu\u2019\u00e0 16 Go de m\u00e9moire, le top pour le jeu vid\u00e9o sur PC. <strong>Asus <\/strong>lan\u00e7ait pour sa part son laptop ROG Zephyrus Duo 15 SE dot\u00e9 de deux \u00e9crans OLED (<em>ci-dessous<\/em>).<\/p>\n<p><a href=\"https:\/\/www.oezratty.net\/wordpress\/wp-content\/Asus-Zenbook-Duo-15-OLED.jpg\"><img loading=\"lazy\" decoding=\"async\" class=\"\" style=\"border: 0px currentcolor; display: inline; background-image: none;\" title=\"ROG_S3_v2\" src=\"https:\/\/www.oezratty.net\/wordpress\/wp-content\/Asus-Zenbook-Duo-15-OLED_thumb.jpg\" alt=\"ROG_S3_v2\" width=\"394\" height=\"280\" border=\"0\" \/><\/a><\/p>\n<p>L\u2019<strong>Asus <\/strong>ZenBook Pro Duo 15 OLED est aussi dot\u00e9 de deux \u00e9crans et d\u2019un GPU Nvidia RTX 3070. Il semble plus d\u00e9di\u00e9 aux cr\u00e9atifs. Nos gamers pourront au passage s\u2019\u00e9quiper des manettes de jeux <strong>etee<\/strong> de <strong>TG0<\/strong> (UK, <em>ci-dessous, <a href=\"https:\/\/www.youtube.com\/watch?v=phh4X3VKy7I\">vid\u00e9o<\/a><\/em>).<\/p>\n<p><img loading=\"lazy\" decoding=\"async\" class=\"\" style=\"display: inline; background-image: none;\" title=\"Etee\" src=\"https:\/\/www.oezratty.net\/wordpress\/wp-content\/Etee_thumb.jpg\" alt=\"Etee\" width=\"477\" height=\"270\" border=\"0\" \/><\/p>\n<p>Quelques constructeurs tels que <strong>Samsung <\/strong>lan\u00e7aient une nouvelle salve de Chromebooks, ces laptops exploitant le syst\u00e8me d\u2019exploitation de Google lanc\u00e9 en 2011. Leur derniers Chromebooks sont \u00e9quip\u00e9s d\u2019un \u00e9cran QLED Full HD de 13,3 pouces et d\u2019un chipset Intel Core i3 de 10i\u00e8me g\u00e9n\u00e9ration ou encore d\u2019un Celeron 5205U d\u2019entr\u00e9e de gamme. Le tout avec 4 Go de m\u00e9moire et 64 Go de stockage, le tout pour $550 \u00e0 $700. <strong>Acer <\/strong>lan\u00e7ait son Chromebook Spin 514 convertible utilisant un processeur AMD Ryzen 3000-C. <strong>Asus <\/strong>faisait de m\u00eame en lan\u00e7ant son Chromebook CX9 durci de 14 pouces. On trouve aussi des Chromebooks chez <strong>Dell <\/strong>et <strong>Lenovo<\/strong>.<\/p>\n<p>A quoi servent donc ces Chromebooks ? Essentiellement, \u00e0 naviguer sur Internet avec le navigateur Chrome et \u00e0 lancer des applications Android. Ce sont g\u00e9n\u00e9ralement des laptops ou convertibles sous-configur\u00e9s qui ne sont pas assez gonfl\u00e9s pour traiter des photos ou des vid\u00e9os, et encore moins pour les jeux vid\u00e9o. Qui plus est, ils ne sont pas si peu chers par rapport aux laptops et convertibles d\u2019entr\u00e9e de gamme tournant sous Windows. Ils sont n\u00e9anmoins tr\u00e8s utilis\u00e9s dans les \u00e9coles, notamment aux USA. Lorsque l\u2019on passe aux \u00e9tudes secondaires et sup\u00e9rieures, on passe inexorablement aux Mac Books et aux laptops sous Windows.<\/p>\n<p>Et des laptops ou convertibles \u00e0 base de processeurs arm tournant sous Windows ? Ils se faisaient rares avec le <strong>HP <\/strong>Elite Folio et le <strong>Lenovo <\/strong>IdeaPad 5G. Le premier est un 13,5 pouces Full HD \u00e9quip\u00e9 d\u2019un chipset Qualcomm Snapdragon 8cx Gen 2 supportant 4G et 5G via les modems X20 et X55 de Qualcomm, plus 16 Go de m\u00e9moire et 512 Go de stockage. Avec une autonomie annonc\u00e9e de 24 heures. Le second est un 14 pouces Full HD \u00e9quip\u00e9 d\u2019un Qualcomm Snapdragon SC8180XP qui a l\u2019air l\u00e9g\u00e8rement moins r\u00e9cent, avec 8Go de m\u00e9moire et jusqu\u2019\u00e0 512 Go de stockage, affichant une autonomie de 15h avec sa batterie de 51 Wh et de 20h en lecture de vid\u00e9os.<\/p>\n<p>Tout cela alors qu\u2019<strong>Apple<\/strong> abandonnait Intel pour cr\u00e9er son processeur maison \u00e0 base de noyaux arm, affichant une puissance de calcul faisant honte \u00e0 Intel dans ses derniers Macbooks lanc\u00e9s fin 2020 et doublant l&#8217;autonomie \u00e0 20 heures, dans la lign\u00e9e des laptops Windows dot\u00e9s de processeurs Snapdragon.<\/p>\n<p>Pour les desktops, <strong>Intel <\/strong>lan\u00e7ait ses processeurs Core i9-11900K grav\u00e9s en 14 nm, des processeurs Core de 11e g\u00e9n\u00e9ration \u201cRocket Lake S\u201d am\u00e9liorant la performance de 19% par rapport au Core i9-10900K de 10e g\u00e9n\u00e9ration. Il comprend 8 c\u0153urs au lieu de 10, tournant \u00e0 4,8 GHz avec un c\u0153ur pouvant \u00eatre pouss\u00e9 \u00e0 5,3 GHz. Les communications sont am\u00e9lior\u00e9es avec un bus PCIe 4.0 \u00e0 20 voies permettant d\u2019augmenter la vitesse des liens avec le GPU. <strong>Intel <\/strong>annon\u00e7ait aussi ajouter des fonctions de protection contre les ransomwares dans ses processeurs d\u2019entreprises utilisant les fonctionnalit\u00e9s vPro. <strong>MSI <\/strong>et <strong>Asus <\/strong>en profitaient pour lancer de nouvelles cartes m\u00e8res dont je vous passe les d\u00e9tails.<\/p>\n<p><strong>Lenovo <\/strong>lan\u00e7ait son all-in-one Yoga AIO 7 avec un \u00e9cran de 27 pouces pivotant en mode portrait plus audio JBL de 2x5W et un CPU AMD Ryzen 7 4800H. <strong>LG <\/strong>pr\u00e9sentait enfin un moniteur ultrafin, l\u2019UltraFine OLED Pro de 31,5 pouces, sans pr\u00e9ciser son \u00e9paisseur. C\u2019est tout de m\u00eame ballot ! Plein d\u2019autres moniteurs widescreen \u00e9taient annonc\u00e9s, sans un int\u00e9r\u00eat \u00e9norme. Ils sont souvent optimis\u00e9s pour les joueurs avec un frame rate \u00e9lev\u00e9.<\/p>\n<p><strong>Transports<\/strong><\/p>\n<p>Les v\u00e9hicules pr\u00e9sent\u00e9s sont toujours \u00e9lectriques. L\u2019\u00e9lectrification de v\u00e9hicules touche de nombreuses cat\u00e9gories : voitures, pick-ups, camions, bus et utilitaires. L\u2019autonomie est mise en veilleuse comme l\u2019ann\u00e9e pr\u00e9c\u00e9dente pour mettre en valeur la conduite assist\u00e9e. <strong>Panasonic <\/strong>la mettait le mieux en valeur dans une <a href=\"https:\/\/www.youtube.com\/watch?v=Z36RCt8ql18\">vid\u00e9o de d\u00e9monstration<\/a>.<\/p>\n<p>Une exception \u00e0 d\u00e9couvrir dans ce CES : les camions de transport autonomes de <strong>Caterpillar <\/strong>pour les mines o\u00f9, il est vrai, il n\u2019y a pas grand monde et peu de risques d\u2019\u00eatre confront\u00e9 au fameux <a href=\"https:\/\/fr.wikipedia.org\/wiki\/Dilemme_du_tramway\">dilemme du tramway<\/a>. Ils sont d\u00e9j\u00e0 op\u00e9rationnels mais faire la part des choses entre le t\u00e9l\u00e9guidage et l&#8217;autonomie compl\u00e8te n&#8217;est pas \u00e9vident. Leur concurrent japonais <strong>Komatsu <\/strong>fait de m\u00eame.<\/p>\n<p><a href=\"https:\/\/www.oezratty.net\/wordpress\/wp-content\/Caterpillar-795.jpg\"><img loading=\"lazy\" decoding=\"async\" class=\"\" style=\"border: 0px currentcolor; display: inline; background-image: none;\" title=\"Caterpillar 795\" src=\"https:\/\/www.oezratty.net\/wordpress\/wp-content\/Caterpillar-795_thumb.jpg\" alt=\"Caterpillar 795\" width=\"332\" height=\"237\" border=\"0\" \/><\/a><\/p>\n<p>Du c\u00f4t\u00e9 des v\u00e9hicules \u00e9lectriques hors \u201cvoiture classique\u201d, notons dans l\u2019actualit\u00e9 :<\/p>\n<ul>\n<li><strong>Rivian <\/strong>qui a lev\u00e9 en tout $5,35B pour construire ses pickups \u00e9lectrique devant notamment concurrencer le CyberTruck de Tesla qui sera s\u00fbrement commercialis\u00e9 en retard. Il avait \u00e9t\u00e9 annonc\u00e9 en novembre 2019 pour une production pr\u00e9vue fin 2021.<\/li>\n<li><strong>WeRide <\/strong>qui a lev\u00e9 $403M pour d\u00e9velopper des bus autonomes qui ressemblent \u00e0 des Navya. Tout \u00e7a pour \u00e7a !<\/li>\n<li><strong>Van Hool <\/strong>(Belgique) qui d\u00e9veloppe son bus \u00e9lectrique, le CX45E avec 500 km d\u2019autonomie th\u00e9orique.<\/li>\n<li><strong>Kodiak <\/strong>qui pr\u00e9sentait ses camions autonomes et remportait au passage un award du salon.<\/li>\n<li><strong>Cenntro Automotive <\/strong>(USA) pr\u00e9sentait son CityPorter, un van de livraison \u00e9lectrique avec 350 km d\u2019autonomie et une charge utile de plus de deux tonnes.<\/li>\n<li><strong>Sono Motors <\/strong>(Allemagne) pr\u00e9sentait son petit SUV \u00e9lectrique aliment\u00e9 par panneaux solaires, lui fournissant une autonomie de 35 km par jour, si vous habitez dans un endroit bien ensoleill\u00e9 et jusqu\u2019\u00e0 140 km\/h.<\/li>\n<\/ul>\n<p><a href=\"https:\/\/www.oezratty.net\/wordpress\/2021\/que-retenir-de-ce-curieux-ces-2021\/ces-2021-vehicules-electriques\/\" rel=\"attachment wp-att-18844\"><img loading=\"lazy\" decoding=\"async\" class=\"alignnone wp-image-18844\" src=\"https:\/\/www.oezratty.net\/wordpress\/wp-content\/CES-2021-Vehicules-Electriques.jpg\" alt=\"\" width=\"503\" height=\"300\" srcset=\"https:\/\/www.oezratty.net\/wordpress\/wp-content\/CES-2021-Vehicules-Electriques.jpg 1302w, https:\/\/www.oezratty.net\/wordpress\/wp-content\/CES-2021-Vehicules-Electriques-300x179.jpg 300w, https:\/\/www.oezratty.net\/wordpress\/wp-content\/CES-2021-Vehicules-Electriques-1024x610.jpg 1024w, https:\/\/www.oezratty.net\/wordpress\/wp-content\/CES-2021-Vehicules-Electriques-768x457.jpg 768w\" sizes=\"auto, (max-width: 503px) 100vw, 503px\" \/><\/a><\/p>\n<p>Dans le m\u00eame temps,\u00a0<strong>Uber\u00a0<\/strong>abandonnait les v\u00e9hicules autonomes en 2020. L\u2019autonomie est toujours une histoire de dans cinq ans \u00e0 dans dix ans sauf pour Elon Musk qui promet chaque ann\u00e9e sans sourciller que cela sera pr\u00eat pour l\u2019ann\u00e9e suivante.<\/p>\n<p><a href=\"https:\/\/www.oezratty.net\/wordpress\/2021\/que-retenir-de-ce-curieux-ces-2021\/musk-et-conduite-autonome\/\" rel=\"attachment wp-att-18856\"><img loading=\"lazy\" decoding=\"async\" class=\"alignnone wp-image-18856\" src=\"https:\/\/www.oezratty.net\/wordpress\/wp-content\/Musk-et-conduite-autonome.jpg\" alt=\"\" width=\"481\" height=\"260\" srcset=\"https:\/\/www.oezratty.net\/wordpress\/wp-content\/Musk-et-conduite-autonome.jpg 1434w, https:\/\/www.oezratty.net\/wordpress\/wp-content\/Musk-et-conduite-autonome-300x162.jpg 300w, https:\/\/www.oezratty.net\/wordpress\/wp-content\/Musk-et-conduite-autonome-1024x553.jpg 1024w, https:\/\/www.oezratty.net\/wordpress\/wp-content\/Musk-et-conduite-autonome-768x415.jpg 768w\" sizes=\"auto, (max-width: 481px) 100vw, 481px\" \/><\/a><\/p>\n<p><strong>GM<\/strong> relan\u00e7ait en 2020 la production de ses Hummer avec un mod\u00e8le \u00e9lectrique. On ne pourra pour autant pas pr\u00e9tendre que c\u2019est \u201cvert\u201d vus la taille et le poids de l\u2019engin. Comme tous les v\u00e9hicules \u00e9lectriques de GM \u00e0 venir, ils seront \u00e9quip\u00e9e d\u2019une nouvelle batterie Ultium, qui avait \u00e9t\u00e9 r\u00e9v\u00e9l\u00e9e d\u00e9but 2020. Elle remplace 70% du cobalt par de l\u2019aluminium et est structur\u00e9e en cellules plates procurant une meilleure densit\u00e9, moins de c\u00e2ble et une autonomie allant de 720 km \u00e0 960 km. Les batteries Ultium seront fabriqu\u00e9es dans une usine aux USA dans une joint venture lanc\u00e9e avec LG Chem. Leur gestion sans fil est r\u00e9alis\u00e9e avec une \u00e9lectronique d\u2019origine <strong>Analog Devices<\/strong>. Au CES 2021, <strong>Panasonic <\/strong>annon\u00e7ait aussi qu\u2019il allait pouvoir utiliser moins de 5% de cobalt dans ses batteries.<\/p>\n<p><a href=\"https:\/\/www.oezratty.net\/wordpress\/2021\/que-retenir-de-ce-curieux-ces-2021\/gm-ultium-battery\/\" rel=\"attachment wp-att-18845\"><img loading=\"lazy\" decoding=\"async\" class=\"alignnone wp-image-18845\" src=\"https:\/\/www.oezratty.net\/wordpress\/wp-content\/GM-Ultium-battery.jpg\" alt=\"\" width=\"495\" height=\"223\" srcset=\"https:\/\/www.oezratty.net\/wordpress\/wp-content\/GM-Ultium-battery.jpg 1378w, https:\/\/www.oezratty.net\/wordpress\/wp-content\/GM-Ultium-battery-300x135.jpg 300w, https:\/\/www.oezratty.net\/wordpress\/wp-content\/GM-Ultium-battery-1024x461.jpg 1024w, https:\/\/www.oezratty.net\/wordpress\/wp-content\/GM-Ultium-battery-768x346.jpg 768w\" sizes=\"auto, (max-width: 495px) 100vw, 495px\" \/><\/a><\/p>\n<p>GM pr\u00e9sentait aussi une Cadillac de luxe exploitant la m\u00eame batterie et bourr\u00e9e de technologies pour le confort du conducteur et des passagers. Dans les utilitaires, leur BrightDrop est une offre globale de vans de livraison \u00e9lectriques (EV600) coupl\u00e9e \u00e0 des palettes motoris\u00e9es pouvant se d\u00e9placer dans des entrep\u00f4ts, de mani\u00e8re t\u00e9l\u00e9guid\u00e9e dans un premier temps.<\/p>\n<p><a href=\"https:\/\/www.oezratty.net\/wordpress\/2021\/que-retenir-de-ce-curieux-ces-2021\/ces-2021-utilitaires-electriques\/\" rel=\"attachment wp-att-18846\"><img loading=\"lazy\" decoding=\"async\" class=\"alignnone wp-image-18846\" src=\"https:\/\/www.oezratty.net\/wordpress\/wp-content\/CES-2021-utilitaires-electriques.jpg\" alt=\"\" width=\"497\" height=\"139\" srcset=\"https:\/\/www.oezratty.net\/wordpress\/wp-content\/CES-2021-utilitaires-electriques.jpg 1320w, https:\/\/www.oezratty.net\/wordpress\/wp-content\/CES-2021-utilitaires-electriques-300x84.jpg 300w, https:\/\/www.oezratty.net\/wordpress\/wp-content\/CES-2021-utilitaires-electriques-1024x286.jpg 1024w, https:\/\/www.oezratty.net\/wordpress\/wp-content\/CES-2021-utilitaires-electriques-768x215.jpg 768w\" sizes=\"auto, (max-width: 497px) 100vw, 497px\" \/><\/a><\/p>\n<p><strong>Byton <\/strong>(Chine) avait marqu\u00e9 les esprits les ann\u00e9es pass\u00e9es avec sa console utilisant un \u00e9cran \u00e9norme de bout en bout. Un \u00e9cran dont l\u2019int\u00e9gration avait d\u2019ailleurs \u00e9t\u00e9 r\u00e9alis\u00e9e en partenariat avec Faurecia. Cela faisait des \u00e9mules sur ce CES 2021 avec des pr\u00e9sentations de tableaux de bord utilisant aussi de tr\u00e8s grands \u00e9crans, chez <strong>Mercedes <\/strong>pour son MBUX Hyperscreen, un \u00e9cran OLED ultrawide de 56 pouces puis chez <strong>Cadillac <\/strong>du groupe General Motors pour son Lyriq EV de 33 pouces. Tout cela pour associer contenus m\u00e9dias pour les passagers, et aide \u00e0 la conduite et cartographie pour le conducteur.<\/p>\n<p><a href=\"https:\/\/www.oezratty.net\/wordpress\/2021\/que-retenir-de-ce-curieux-ces-2021\/tableaux-de-bord-mercedes-et-cadillac\/\" rel=\"attachment wp-att-18847\"><img loading=\"lazy\" decoding=\"async\" class=\"alignnone wp-image-18847\" src=\"https:\/\/www.oezratty.net\/wordpress\/wp-content\/Tableaux-de-bord-Mercedes-et-Cadillac.jpg\" alt=\"\" width=\"506\" height=\"140\" srcset=\"https:\/\/www.oezratty.net\/wordpress\/wp-content\/Tableaux-de-bord-Mercedes-et-Cadillac.jpg 1339w, https:\/\/www.oezratty.net\/wordpress\/wp-content\/Tableaux-de-bord-Mercedes-et-Cadillac-300x83.jpg 300w, https:\/\/www.oezratty.net\/wordpress\/wp-content\/Tableaux-de-bord-Mercedes-et-Cadillac-1024x284.jpg 1024w, https:\/\/www.oezratty.net\/wordpress\/wp-content\/Tableaux-de-bord-Mercedes-et-Cadillac-768x213.jpg 768w\" sizes=\"auto, (max-width: 506px) 100vw, 506px\" \/><\/a><\/p>\n<p>C\u00f4t\u00e9 \u00e9quipementiers, <strong>Magna <\/strong>annon\u00e7ait la cr\u00e9ation d\u2019une joint venture avec <strong>LG Electronics <\/strong>pour la cr\u00e9ation de &#8220;powertrain\u201d des v\u00e9hicules \u00e9lectriques, la partie pilotage de la puissance et motorisation \u00e9lectrique.<\/p>\n<p>La bataille des LIDAR accessibles se poursuivait. <strong>Mobileye <\/strong>et <strong>Luminar <\/strong>annon\u00e7aient un partenariat pour cr\u00e9er un LiDAR \u00e0 moins de $1K comprenant probablement un chipset Mobileye de traitement des informations issues des LiDARs de Luminar. Au m\u00eame moment, Mobileye annon\u00e7ait travailler sur un chipset LiDAR int\u00e9gr\u00e9 \u00e0 base de photonique silicium utilisant le proc\u00e9d\u00e9 FMCW (Frequency Modulated Continuous Wave Technology), pour une disponibilit\u00e9 en 2025 ! Et puis <strong>RoboSense <\/strong>lan\u00e7ait un nouveau LiDAR, le RS-LIDAR-M1, de format classique avec scan m\u00e9canique rotatif horizontal et angle de scan vertical de 40\u00b0. Sa particularit\u00e9 est un encodage du signal laser qui \u00e9vite de s\u2019emm\u00ealer les pinceaux laser entre LiDARs de v\u00e9hicules avoisinants.<\/p>\n<p>Enfin, pr\u00e9senter des drones de passagers, m\u00eame en statique est difficile en mode virtuel. Cela n\u2019a pas de rapport avec le fait qu\u2019<strong>Uber Elevate <\/strong>ait \u00e9t\u00e9 c\u00e9d\u00e9 \u00e0 <strong>Joby Aviation <\/strong>pour $75M en ao\u00fbt 2020. Uber Elevate s\u2019\u00e9tait fait remarquer deux fois de suite au CES en pr\u00e9sentant d\u2019\u00e9normes maquettes de drones de passagers \u00e9lectriques d\u00e9velopp\u00e9es par <strong>Bell Helicopter <\/strong>et <strong>Hyundai<\/strong>. Entre temps, d\u2019autres fabricants de drones ont fait des progr\u00e8s notamment <strong>eHang <\/strong>et <strong>Lilium <\/strong>qui avancent dans leurs tests sur le terrain, surtout en Asie et dans les \u00c9mirats.<\/p>\n<p><strong>Objets connect\u00e9s<\/strong><\/p>\n<p>La caverne d\u2019Ali Baba des objets connect\u00e9s du CES 2021 est toujours aussi remplie et il est impossible d\u2019en faire v\u00e9ritablement le tour. Comme les startups \u00e9taient moins visibles cette ann\u00e9e, on retenait plus facilement la production des grandes marques asiatiques dans les produits blancs.<\/p>\n<p>A commencer par les r\u00e9frig\u00e9rateurs connect\u00e9s de <strong>Samsung <\/strong>de la s\u00e9rie Bespoke qui s\u2019\u00e9gayent avec un choix de couleur pour les quatre portes et avec un grand \u00e9cran en mode portrait pour d\u00e9couvrir des recettes de cuisine. C\u2019est le coup qu\u2019ils nous font \u00e0 chaque CES. Cette histoire se r\u00e9p\u00eate inlassablement et les sc\u00e9narios d\u2019usage pr\u00e9sent\u00e9s sont rarement cr\u00e9dibles. <strong>Samsung <\/strong>lan\u00e7ait aussi le JetBot 90 AI+, un robot aspirateur tout terrain encore plus intelligent qui fait de la reconnaissance d\u2019objets, \u00e9quip\u00e9 de LIDAR, capteurs 3D, cam\u00e9ras et se d\u00e9place sur chenilles. La vid\u00e9o de d\u00e9monstration est hilarante de d\u00e9calage par rapport \u00e0 la vie r\u00e9elle m\u00eame pour ceux qui ont des animaux domestiques. Nous avions aussi le <strong>LG <\/strong>Electronics CordZero ThinQ A9 Kompressor+, un aspirateur robot qui vide automatiquement son r\u00e9servoir. C\u2019est plus cr\u00e9dible. Si l&#8217;on arrive \u00e0 retenir son nom !<\/p>\n<p><strong>Samsung <\/strong>pr\u00e9sentait enfin le produit habituel qui ne sera jamais commercialis\u00e9 : le Bot Handy, un robot qui remplit le lave-vaisselle. Il remplace dans ce r\u00f4le la balle robot <strong>Ballie <\/strong>pr\u00e9sent\u00e9e au CES 2020, qui ne servait \u00e0 rien, et ne sert toujours \u00e0 rien. Donc, on n\u2019en parle plus. M\u00eame pas de V2 ! Elle a toutefois trouv\u00e9 son succ\u00e9dan\u00e9, le <a href=\"https:\/\/www.moorebot.com\/pages\/moorebot-scout\">Moorebot Scout<\/a>, un mini-robot sur chenille dot\u00e9 d\u2019une cam\u00e9ra qui peut farfouiller chez vous pour surveiller vos enfants, animaux domestiques et pourquoi pas les livreurs que vous avez autoris\u00e9 \u00e0 rentrer chez vous avec votre serrure connect\u00e9e.<\/p>\n<p><a href=\"https:\/\/www.oezratty.net\/wordpress\/wp-content\/Moley.jpg\"><img loading=\"lazy\" decoding=\"async\" class=\"\" style=\"display: inline; background-image: none;\" title=\"Moley\" src=\"https:\/\/www.oezratty.net\/wordpress\/wp-content\/Moley_thumb.jpg\" alt=\"Moley\" width=\"445\" height=\"256\" border=\"0\" \/><\/a><\/p>\n<p>Pour votre cuisine, <strong>Moley <\/strong>(UK) vous promet le robot qui va faire le boulot \u00e0 votre place. J\u2019ai d\u00e9j\u00e0 \u00e9voqu\u00e9 ce genre de produit dans des \u00e9ditions du rapport du CES des ann\u00e9es pass\u00e9es. L\u00e0, ils disent que c\u2019est bon pour la commercialisation. Il va juste falloir refaire enti\u00e8rement votre cuisine Ikea pour que cela rentre dedans pour caser le rail qui soutient les deux bras articul\u00e9s du robot (<a href=\"https:\/\/www.youtube.com\/watch?v=PvxrM0-qhlQ\">vid\u00e9o<\/a>) ! Et aussi probablement casser la tirelire !<\/p>\n<p>Hors \u00e9lectrom\u00e9nager, nous avions quelques produits plus ou moins originaux dans le domaine de la <strong>sant\u00e9<\/strong>, avec une pr\u00e9\u00e9minence des Cor\u00e9ens qui s\u2019explique simplement par leur c\u00f4t\u00e9 g\u00e9n\u00e9ralement innovant et par le fait que le pays \u00e9tait cette ann\u00e9e le second du CES 2021 en nombre d\u2019exposants.<\/p>\n<ul>\n<li><strong>Philips Teledentistry<\/strong>, un service de consultation \u00e0 distance de dentiste qui tourne autour de leur brosse \u00e0 dents connect\u00e9e. Cela correspond \u00e0 l\u2019obsession qu\u2019ont les fabricants de passer de la production de produits \u00e0 la fourniture de services, si possible avec un abonnement. Ils r\u00eavent de business models \u00e0 revenus r\u00e9currents. Il est rare que cela fonctionne, hormis pour la vente de dentifrice.<\/li>\n<li><strong>H Robotics <\/strong>Rebless (Cor\u00e9e), un engin d\u00e9di\u00e9 \u00e0 la r\u00e9\u00e9ducation du genou et des coudes. On en voit r\u00e9guli\u00e8rement au CES et celui-ci avait l\u2019air plus abouti.<\/li>\n<li><strong>Bosch <\/strong>Hemoglobine Monitor, qui sert \u00e0 contr\u00f4ler l\u2019an\u00e9mie, par analyse non invasive de l\u2019h\u00e9moglobine. <em>Powered by machine learning <\/em>of course ! C\u2019\u00e9tait l\u2019un des nombreux produits destin\u00e9s \u00e0 analyser votre composition sanguine pr\u00e9sent\u00e9s au CES. Il y avait aussi ceux de <strong>Winnoz <\/strong>(Taiwan) et <strong>mProbe <\/strong>CADx (Taiwan).<\/li>\n<\/ul>\n<p><a href=\"https:\/\/www.oezratty.net\/wordpress\/2021\/que-retenir-de-ce-curieux-ces-2021\/sante-ces-2021\/\" rel=\"attachment wp-att-18848\"><img loading=\"lazy\" decoding=\"async\" class=\"alignnone wp-image-18848\" src=\"https:\/\/www.oezratty.net\/wordpress\/wp-content\/Sante-CES-2021.jpg\" alt=\"\" width=\"549\" height=\"221\" srcset=\"https:\/\/www.oezratty.net\/wordpress\/wp-content\/Sante-CES-2021.jpg 1377w, https:\/\/www.oezratty.net\/wordpress\/wp-content\/Sante-CES-2021-300x120.jpg 300w, https:\/\/www.oezratty.net\/wordpress\/wp-content\/Sante-CES-2021-1024x411.jpg 1024w, https:\/\/www.oezratty.net\/wordpress\/wp-content\/Sante-CES-2021-768x308.jpg 768w\" sizes=\"auto, (max-width: 549px) 100vw, 549px\" \/><\/a><\/p>\n<ul>\n<li><strong>Nahibu <\/strong>(France) et son test microbial permettant de conna\u00eetre la diversit\u00e9 de sa flore intestinale. D\u2019un point de vue pratique, le test fonctionne de la m\u00eame mani\u00e8re qu\u2019un Hemocult de d\u00e9pistage du cancer colorectal. Les r\u00e9sultats vous sont envoy\u00e9s en ligne avec des recommandations et notamment des conseils alimentaires bas\u00e9s sur la m\u00e9thode Shido\u2026 promue par Nahibu. Les magasins bio vont s\u00fbrement appr\u00e9cier.<\/li>\n<li><strong>ICON.AI <\/strong>(Cor\u00e9e) avec un syst\u00e8me de \u201csuivi de la sant\u00e9\u201d qui int\u00e8gre la commande vocale Alexa, un capteur amovible \u00e0 \u00e9lectrodes mesurant rythme cardiaque, oxym\u00e9trie, tension et ECG. Il affiche les r\u00e9sultats sur le dock et son \u00e9cran. Le \u201csuivi de la sant\u00e9\u201d est une promesse courante et \u00e9videmment trompeuse car cela ne permet de r\u00e9aliser qu\u2019un petit bilan cardiaque superficiel. <strong>HD Medical <\/strong>HealthyU (USA) fait la m\u00eame chose avec en plus un ECG 7 points et avec un appareil enti\u00e8rement portable. On trouve le m\u00eame genre de solutions sous la forme de coques de smartphones comme avec <strong>vmedical <\/strong>(pays non pr\u00e9cis\u00e9, est-ce le Fran\u00e7ais <a href=\"https:\/\/vmed.fr\/fr\/expertises#studio-de-creation\">vmed<\/a> ?) ou chez <strong>G Medical Innovation <\/strong>(USA\/\u00celes Ca\u00efmans) avec son Prizma Medical Smartphone Case. Des applications mobiles comme Anura de <strong>NuraLogix <\/strong>(Canada) servent aussi \u00e0 r\u00e9aliser un bilan de sant\u00e9, en pratique seulement cardiaque, en examinant juste votre visage.<\/li>\n<\/ul>\n<p><a href=\"https:\/\/www.oezratty.net\/wordpress\/2021\/que-retenir-de-ce-curieux-ces-2021\/bilans-cardiaques-mobiles\/\" rel=\"attachment wp-att-18849\"><img loading=\"lazy\" decoding=\"async\" class=\"alignnone wp-image-18849\" src=\"https:\/\/www.oezratty.net\/wordpress\/wp-content\/Bilans-cardiaques-mobiles.jpg\" alt=\"\" width=\"466\" height=\"171\" srcset=\"https:\/\/www.oezratty.net\/wordpress\/wp-content\/Bilans-cardiaques-mobiles.jpg 1297w, https:\/\/www.oezratty.net\/wordpress\/wp-content\/Bilans-cardiaques-mobiles-300x110.jpg 300w, https:\/\/www.oezratty.net\/wordpress\/wp-content\/Bilans-cardiaques-mobiles-1024x376.jpg 1024w, https:\/\/www.oezratty.net\/wordpress\/wp-content\/Bilans-cardiaques-mobiles-768x282.jpg 768w\" sizes=\"auto, (max-width: 466px) 100vw, 466px\" \/><\/a><\/p>\n<ul>\n<li><strong>Macroact <\/strong>Maicat est au chat ce que l\u2019Aibo de Sony est au chien, un robot chat. Il est cependant moins souple qu\u2019un chat. Et on remplace la liti\u00e8re par la recharge de la batterie. Est-ce plus propre ? On demandera au Shift Project de faire le benchmark.<\/li>\n<li><strong>Breadth in Balance <\/strong>pr\u00e9sentait une ceinture connect\u00e9e ne servant pas \u00e0 mesurer l\u2019\u00e9volution de son tour de taille mais \u00e0 vous aider \u00e0 bien respirer et \u00e0 d\u00e9compresser. Si cela se trouve, cela peut m\u00eame aider \u00e0 d\u00e9stresser pendant les confinements.<\/li>\n<li>Et puis une queue de com\u00e8te de capteurs connect\u00e9s pour retrouver son chat (<strong>Ubiscale <\/strong>Feelloo, France) ou ses paires de lunettes (<strong>Findy<\/strong>, Suisse) ou les deux \u00e0 la fois. Alors, que devient <strong>Wistiki<\/strong> ?<\/li>\n<\/ul>\n<p><a href=\"https:\/\/www.oezratty.net\/wordpress\/2021\/que-retenir-de-ce-curieux-ces-2021\/dongle-objets-perdus-et-trouves\/\" rel=\"attachment wp-att-18850\"><img loading=\"lazy\" decoding=\"async\" class=\"alignnone wp-image-18850\" src=\"https:\/\/www.oezratty.net\/wordpress\/wp-content\/Dongle-objets-perdus-et-trouves.jpg\" alt=\"\" width=\"446\" height=\"233\" srcset=\"https:\/\/www.oezratty.net\/wordpress\/wp-content\/Dongle-objets-perdus-et-trouves.jpg 1092w, https:\/\/www.oezratty.net\/wordpress\/wp-content\/Dongle-objets-perdus-et-trouves-300x157.jpg 300w, https:\/\/www.oezratty.net\/wordpress\/wp-content\/Dongle-objets-perdus-et-trouves-1024x535.jpg 1024w, https:\/\/www.oezratty.net\/wordpress\/wp-content\/Dongle-objets-perdus-et-trouves-768x402.jpg 768w\" sizes=\"auto, (max-width: 446px) 100vw, 446px\" \/><\/a><\/p>\n<p><strong>Environnement et Tech4Good<\/strong><\/p>\n<p>Le sujet \u00e9tait abord\u00e9 par les grandes marques asiatiques. <strong>Samsung <\/strong>est celui qui l\u2019a le plus mis en avant sur ce CES 2021 avec en vrac : de l\u2019\u00e9lectrom\u00e9nager qui \u00e9conomise l\u2019eau et l\u2019\u00e9lectricit\u00e9,\u00a0 des produits en mati\u00e8res recycl\u00e9es et la possibilit\u00e9 de r\u00e9utiliser les emballages des TV pour cr\u00e9er du mobilier\u2026 en carton.<\/p>\n<p>Il y avait en tout 206 soci\u00e9t\u00e9s dans la cat\u00e9gorie \u201csustainability\u201d, soit 10% du total, avec des cas tr\u00e8s <em>border line<\/em>. Les produits du domaine les plus courants concernent la purification de l\u2019eau et de l\u2019air, le suivi de la consommation d\u2019eau, la gestion des d\u00e9chets et la culture hydroponique.<\/p>\n<p>Voici quelques cas originaux identifi\u00e9s en scannant les exposants :<\/p>\n<p>Du c\u00f4t\u00e9 du <strong>recyclage <\/strong>: <strong>Lasso <\/strong>(UK) et sa poubelle intelligente qui trie vos d\u00e9chets recyclables, les nettoie et les broie. Il trie ainsi les plastiques, m\u00e9taux et le verre. Cela pousse le bouchon de la poubelle intelligente un peu plus loin que l\u2019\u00e9tat de l\u2019art. Puis <strong>Clearbot <\/strong>(Hong Kong) qui pr\u00e9sentait un petit robot de collecte de d\u00e9chets dans les rivi\u00e8res et oc\u00e9ans et <strong>Plas&#8217;Tri <\/strong>(France) et son scanner de polym\u00e8re permettant de faire un tri de plastiques \u00e0 recycler.<\/p>\n<p>Dans l\u2019<strong>\u00e9nergie<\/strong>, il y avait notamment <strong>Thunderzee <\/strong>(Taiwan) et ses batteries zinc-air de haute puissance. Puis <strong>VH quatrevingtreize<\/strong> (France) et sa solution de g\u00e9n\u00e9ration d\u2019\u00e9nergie int\u00e9grant la captation d\u2019\u00e9nergie hydro\u00e9lectrique exploitant un rotor souple construit \u00e0 partir de bois recycl\u00e9 et d\u2019\u00e9nergie \u00e9olienne plus classique. Leur slogan \u201cMake Energy Great Again\u201d est gauche et diversement appr\u00e9ciable. Il leur faudra passer par une agence de branding car leur nom, cela ne va pas le faire ! <strong>Wise-Integration <\/strong>(France) est une spin-off du CEA-Leti qui pr\u00e9sentait une solution de r\u00e9duction des pertes \u00e9nerg\u00e9tiques dans les convertisseurs de puissance \u00e0 base de composants GaN (nitrure de gallium). La filiale <strong>Hynamics <\/strong>d\u2019EDF pr\u00e9sentait son offre d\u2019\u00e9lectrolyse de l\u2019eau pour produire de l\u2019hydrog\u00e8ne dans les milieux industriels. Enfin, <strong>Kipsum <\/strong>(France) pr\u00e9sentait sa solution d\u2019IA qui sert \u00e0 cr\u00e9er un double num\u00e9rique d\u2019un b\u00e2timent \u00e0 partir de donn\u00e9es issues de capteurs. Ce double permet de simuler son syst\u00e8me de chauffage et ses occupants pour proposer des sources d&#8217;optimisations de la consommation d\u2019\u00e9nergie.<\/p>\n<p><a href=\"https:\/\/www.oezratty.net\/wordpress\/wp-content\/LOreal-Water-Saver.jpg\"><img loading=\"lazy\" decoding=\"async\" class=\"\" style=\"border: 0px currentcolor; display: inline; background-image: none;\" title=\"L\u2019Oreal Water Saver\" src=\"https:\/\/www.oezratty.net\/wordpress\/wp-content\/LOreal-Water-Saver_thumb.jpg\" alt=\"L\u2019Oreal Water Saver\" width=\"472\" height=\"264\" border=\"0\" \/><\/a><\/p>\n<p>Pour ce qui est de r\u00e9duire la consommation d\u2019eau, <strong>L\u2019Or\u00e9al <\/strong>pr\u00e9sentait son Water Saver (<em>ci-dessus<\/em>), une solution cr\u00e9\u00e9e en fait par la startup suisse <strong>Gjosa<\/strong> qui r\u00e9duit la consommation d\u2019eau lors du lavage des cheveux en salon de coiffure. Le principe consiste \u00e0 m\u00e9langer les produits de lavage avec l\u2019eau pour alimenter une douchette qui fonctionne \u00e0 grande vitesse, avec \u00e0 la cl\u00e9 une r\u00e9duction de 80% de la consommation d\u2019eau. Voil\u00e0 du v\u00e9ritable \u201cgreen washing\u201d au sens litt\u00e9ral !<\/p>\n<p><strong>Carbyon <\/strong>(Pays-Bas) et son syst\u00e8me de captation du carbone \u00e0 partir de l\u2019air ambiant utilisant des films minces poreux. Pas \u00e9vident d\u2019\u00e9valuer l\u2019int\u00e9r\u00eat de la chose.<\/p>\n<p><strong>Woodoo <\/strong>(France) cr\u00e9\u00e9 des mat\u00e9riaux innovants tr\u00e8s solides \u00e0 base de bois.<\/p>\n<p><strong>Algaeba <\/strong>(Tha\u00eflande) d\u00e9compte les larves de crevettes avec des objets connect\u00e9s. C\u2019est un sacr\u00e9 march\u00e9 de niche !<\/p>\n<p>Dans un domaine qui n\u2019a rien \u00e0 voir et que l\u2019on peut classer dans la Tech4Good, Slimca de <strong>LabEatalot <\/strong>(Taiwan) est un enregistreur de conversation tenant dans un dispositif discret faisant la taille d\u2019un badge ou d\u2019une carte de cr\u00e9dit. Il \u00e9tait valoris\u00e9 comme une solution pour r\u00e9cup\u00e9rer des preuves de harc\u00e8lement dans les entreprises ou au foyer. Cela semble tout \u00e0 fait pertinent. Dommage qu\u2019il n\u2019ait pas \u00e9t\u00e9 utilis\u00e9 \u00e0 la Maison Blanche ces quatre derni\u00e8res ann\u00e9es !<\/p>\n<p><a href=\"https:\/\/www.oezratty.net\/wordpress\/wp-content\/image-92.png\"><img loading=\"lazy\" decoding=\"async\" class=\"\" style=\"border: 0px currentcolor; display: inline; background-image: none;\" title=\"image\" src=\"https:\/\/www.oezratty.net\/wordpress\/wp-content\/image_thumb-90.png\" alt=\"image\" width=\"178\" height=\"223\" border=\"0\" \/><\/a><\/p>\n<p>Il y avait probablement plein d\u2019autres soci\u00e9t\u00e9s positionn\u00e9es sur ce sujet et je n\u2019ai pas eu le temps de les chercher et de les rep\u00e9rer.<\/p>\n<p><strong>Quantique<\/strong><\/p>\n<p>On voit toujours midi \u00e0 sa porte !<\/p>\n<p>En 2019 et 2020, <strong>IBM<\/strong> s\u2019\u00e9tait distingu\u00e9 en lan\u00e7ant deux g\u00e9n\u00e9rations de ses ordinateurs quantiques Q System One. Ils \u00e9taient encore pr\u00e9sents, dans une conf\u00e9rence d\u2019une demi-heure sur le sujet. Et cela a fait des \u00e9mules. Cette ann\u00e9e, il y avait une demi-douzaine d\u2019exposants de technologies quantiques, dont <strong>Qblox <\/strong>(Pays-Bas) et <strong>Xanadu <\/strong>(Canada). Le premier pr\u00e9sentait un syst\u00e8me &#8220;scalable&#8221; de contr\u00f4le de qubits supraconducteurs pour lequel il a m\u00eame \u00e9t\u00e9 nomin\u00e9 aux awards d\u2019innovation du CES. Le second a lanc\u00e9 en 2020 une offre de calcul quantique dans le cloud avec quelques qubits photons.<\/p>\n<p>Il y avait aussi le laboratoire <strong>Fraunhofer IOF <\/strong>qui pr\u00e9sentait une source de photons destin\u00e9s aux applications de cryptographie quantique, puis <strong>Orange Quantum Systems<\/strong>, un prestataire de services d\u2019accompagnement de laboratoires dans les technologies quantiques, une spin-off de QuTech, ainsi que <strong>Quantum Delta<\/strong>, une association qui fait la promotion de l\u2019\u00e9cosyst\u00e8me quantique des Pays-Bas. Bref, les Pays-Bas se faisaient remarquer sur le quantique, pouss\u00e9s par leurs pouvoirs publics !<\/p>\n<p><a href=\"https:\/\/www.oezratty.net\/wordpress\/2021\/que-retenir-de-ce-curieux-ces-2021\/quantique-ces-2021\/\" rel=\"attachment wp-att-18851\"><img loading=\"lazy\" decoding=\"async\" class=\"alignnone wp-image-18851\" src=\"https:\/\/www.oezratty.net\/wordpress\/wp-content\/Quantique-CES-2021.jpg\" alt=\"\" width=\"465\" height=\"179\" srcset=\"https:\/\/www.oezratty.net\/wordpress\/wp-content\/Quantique-CES-2021.jpg 1409w, https:\/\/www.oezratty.net\/wordpress\/wp-content\/Quantique-CES-2021-300x115.jpg 300w, https:\/\/www.oezratty.net\/wordpress\/wp-content\/Quantique-CES-2021-1024x394.jpg 1024w, https:\/\/www.oezratty.net\/wordpress\/wp-content\/Quantique-CES-2021-768x295.jpg 768w\" sizes=\"auto, (max-width: 465px) 100vw, 465px\" \/><\/a><\/p>\n<p>Par contre dans les exposants, <strong>Quantum Solutions <\/strong>(Cor\u00e9e) fait du logiciel embarqu\u00e9 pas quantique, <strong>Quantum <\/strong>(USA) propose des solutions de stockage de donn\u00e9es classiques, <strong>Quantum Operations Inc <\/strong>(Japon) d\u00e9veloppe des capteurs de glyc\u00e9mie pour diab\u00e9tiques avec, s\u2019il y a du quantique dedans, il rel\u00e8ve de la \u201cpremi\u00e8re r\u00e9volution quantique\u201d, celle de l\u2019interaction lumi\u00e8re-mati\u00e8re, et enfin, <strong>Cubbit <\/strong>(Italie) est un fournisseur de services de cloud tout ce qu\u2019il y a de plus classique.<\/p>\n<p><strong>B\u00eatisier<\/strong><\/p>\n<p>Un bon retour du CES ne serait pas complet sans un petit b\u00eatisier de produits loufoques ou relevant de simples escroqueries ou de pseudo-sciences. C\u2019est ce dernier point qui sera \u00e0 l\u2019honneur cette ann\u00e9e avec trois produits qui rel\u00e8vent de la fumette et viennent tous du m\u00eame pays :<\/p>\n<ul>\n<li><strong>iMediSync <\/strong>(Cor\u00e9e) iSyncWave, un casque d\u2019analyse des ondes c\u00e9r\u00e9brales \u00e0 base d\u2019IA et dot\u00e9 de LED th\u00e9rapeutiques pour traitements psychiatriques, Parkinson, d\u00e9mence, PTSD, ADD et d\u00e9pression. On dirait que l\u2019engin sert surtout \u00e0 g\u00e9n\u00e9rer un effet placebo.<\/li>\n<li><strong>Follinic <\/strong>d\u2019IL Group\/IL Science (Cor\u00e9e), un casque pour refaire pousser ses cheveux, utilisant des micro-courants en plus des habituelles LED de couleur. Contrairement au cas pr\u00e9c\u00e9dent, il est plus facile de v\u00e9rifier que cela ne fonctionne pas !<\/li>\n<\/ul>\n<p><a href=\"https:\/\/www.oezratty.net\/wordpress\/2021\/que-retenir-de-ce-curieux-ces-2021\/betisier-ces-2021\/\" rel=\"attachment wp-att-18852\"><img loading=\"lazy\" decoding=\"async\" class=\"alignnone wp-image-18852\" src=\"https:\/\/www.oezratty.net\/wordpress\/wp-content\/Betisier-CES-2021.jpg\" alt=\"\" width=\"454\" height=\"241\" srcset=\"https:\/\/www.oezratty.net\/wordpress\/wp-content\/Betisier-CES-2021.jpg 1197w, https:\/\/www.oezratty.net\/wordpress\/wp-content\/Betisier-CES-2021-300x159.jpg 300w, https:\/\/www.oezratty.net\/wordpress\/wp-content\/Betisier-CES-2021-1024x544.jpg 1024w, https:\/\/www.oezratty.net\/wordpress\/wp-content\/Betisier-CES-2021-768x408.jpg 768w\" sizes=\"auto, (max-width: 454px) 100vw, 454px\" \/><\/a><\/p>\n<ul>\n<li><strong>Digital Quantum Bio<\/strong> (Cor\u00e9e, once again) qui capte des champs d\u2019\u00e9nergie naturelle (\u201cNatural Energy Fields\u201d) semblant associer des rayons cosmiques et des plasmas pour vous permettre de gu\u00e9rir de tout et n\u2019importe quoi. Le baratin de la soci\u00e9t\u00e9 s\u2019appuie sur les exp\u00e9riences de m\u00e9moire de l\u2019eau de feu Jacques Benveniste. Il \u00e9voque des histoires de spins d\u2019\u00e9lectrons bien orient\u00e9s. La solution en question utilise une application mobile qui \u00e9met juste des sons et des images qui g\u00e9n\u00e8rent des interf\u00e9rences ! Leur th\u00e9rapie permettrait accessoirement de se d\u00e9barrasser du covid-19 \u00e0 99,99%. Qu\u2019est-ce qu\u2019on attend donc ? Quel lobby puissant emp\u00eache cette solution miracle d\u2019\u00eatre diffus\u00e9e ? Je vous laisse \u00e0 vos hypoth\u00e8ses !<\/li>\n<\/ul>\n<p><a href=\"https:\/\/www.oezratty.net\/wordpress\/wp-content\/image-95.png\"><img loading=\"lazy\" decoding=\"async\" class=\"\" style=\"display: inline; background-image: none;\" title=\"image\" src=\"https:\/\/www.oezratty.net\/wordpress\/wp-content\/image_thumb-93.png\" alt=\"image\" width=\"389\" height=\"209\" border=\"0\" \/><\/a><\/p>\n<p><strong>Conclusion<\/strong><\/p>\n<p>Ce compte-rendu est biais\u00e9 comme je l\u2019annon\u00e7ais en introduction. Je n\u2019y couvre pas les pr\u00e9sentations de produits divers dans des domaines comme la cybers\u00e9curit\u00e9 (anxiog\u00e8ne), l\u2019impression 3D (rien de nouveau), la smart city (abandonn\u00e9e par Cisco et Google, ind\u00e9montrable et vendue en pi\u00e8ces d\u00e9tach\u00e9es), l\u2019audio et la hi-fi (calme plut\u00f4t plat), les cam\u00e9ras de surveillance (de plus en plus indiscr\u00e8tes et avec toujours autant d\u2019IA), les montres connect\u00e9es (pas d\u2019annonces marquantes), le Wi-Fi 6 (OK, c&#8217;est plus rapide si tout le monde s&#8217;y met), la blockchain et les crypto-monnaies (ennuyeux). D\u2019autres le feront s\u00fbrement ou diront \u201c<em>tu n\u2019as pas parl\u00e9 de ceci et de cela<\/em>\u201d !<\/p>\n<p>Esp\u00e9rons avec tout cela que ce sera le dernier CES virtuel. En vrai, m\u00eame si c\u2019est tr\u00e8s fatigant, c\u2019est tout de m\u00eame bien mieux que plant\u00e9 sur sa chaise et devant un \u00e9cran, aussi beau soit-il ! On veut voir de vrais gens !<\/p>\n","protected":false},"excerpt":{"rendered":"<p>Nous voici \u00e0 la fin de ce CES 2021 que l\u2019on ne peut plus qualifier de \u201cLas Vegas\u201d puisqu\u2019il avait lieu sur Internet, et plut\u00f4t align\u00e9 sur le fuseau horaire EST (New York \/ Washington). Cette photographie de d\u00e9but d\u2019ann\u00e9e de l\u2019\u00e9tat de l\u2019offre technologique du moment ne pouvait pas s\u2019analyser de la m\u00eame mani\u00e8re [&hellip;]<\/p>\n","protected":false},"author":1,"featured_media":0,"comment_status":"open","ping_status":"open","sticky":false,"template":"","format":"standard","meta":{"footnotes":""},"categories":[687,1909,21,292,11,33,2659,529,2087,9,3057,10,5,3237,35],"tags":[3339,2828,2253,3343,1088,260,2726,110,3345,2458,3344,3341,3340,61,3342],"class_list":["post-18823","post","type-post","status-publish","format-standard","hentry","category-chine","category-composants-loisirs-numeriques","category-entrepreneuriat","category-environnement","category-france","category-innovation","category-intelligence-artificielle","category-mobilite-loisirs-numeriques","category-objets-connectes","category-photo-numerique","category-quantique","category-startups","category-technologie","category-transports","category-video","tag-ces-2021","tag-elon-musk","tag-gary-shapiro","tag-general-motors","tag-ibm","tag-intel","tag-loreal","tag-lg","tag-micro-led","tag-microsoft","tag-mini-led","tag-pubble","tag-qblox","tag-samsung","tag-teams"],"views":38011,"_links":{"self":[{"href":"https:\/\/www.oezratty.net\/wordpress\/wp-json\/wp\/v2\/posts\/18823","targetHints":{"allow":["GET"]}}],"collection":[{"href":"https:\/\/www.oezratty.net\/wordpress\/wp-json\/wp\/v2\/posts"}],"about":[{"href":"https:\/\/www.oezratty.net\/wordpress\/wp-json\/wp\/v2\/types\/post"}],"author":[{"embeddable":true,"href":"https:\/\/www.oezratty.net\/wordpress\/wp-json\/wp\/v2\/users\/1"}],"replies":[{"embeddable":true,"href":"https:\/\/www.oezratty.net\/wordpress\/wp-json\/wp\/v2\/comments?post=18823"}],"version-history":[{"count":0,"href":"https:\/\/www.oezratty.net\/wordpress\/wp-json\/wp\/v2\/posts\/18823\/revisions"}],"wp:attachment":[{"href":"https:\/\/www.oezratty.net\/wordpress\/wp-json\/wp\/v2\/media?parent=18823"}],"wp:term":[{"taxonomy":"category","embeddable":true,"href":"https:\/\/www.oezratty.net\/wordpress\/wp-json\/wp\/v2\/categories?post=18823"},{"taxonomy":"post_tag","embeddable":true,"href":"https:\/\/www.oezratty.net\/wordpress\/wp-json\/wp\/v2\/tags?post=18823"}],"curies":[{"name":"wp","href":"https:\/\/api.w.org\/{rel}","templated":true}]}}