{"id":15620,"date":"2018-04-08T13:56:11","date_gmt":"2018-04-08T12:56:11","guid":{"rendered":"http:\/\/www.oezratty.net\/wordpress\/?p=15620"},"modified":"2018-04-13T13:33:09","modified_gmt":"2018-04-13T12:33:09","slug":"comment-faire-evoluer-la-french-tech","status":"publish","type":"post","link":"https:\/\/www.oezratty.net\/wordpress\/2018\/comment-faire-evoluer-la-french-tech\/","title":{"rendered":"Comment faire \u00e9voluer la French Tech ?"},"content":{"rendered":"<p>La French Tech est de plus en plus d\u00e9cri\u00e9e. Pour les uns, c\u2019est de la communication et du flan et la France se la joue en plastronnant un peu trop sur le dynamise de son \u00e9cosyst\u00e8me entrepreneurial. C\u2019est la th\u00e8se d\u00e9fendue par Carlos Diaz de TheRefiners, bas\u00e9 \u00e0 San Francisco, dans <a href=\"https:\/\/www.frenchweb.fr\/la-fable-de-la-french-tech-tout-vainqueur-insolent-a-sa-perte-travaille\/320194\">La fable de la French Tech : \u00abTout vainqueur insolent \u00e0 sa perte travaille\u00bb\u2026<\/a> publi\u00e9 en mars 2018. Elle est reprise sous des formes vari\u00e9es dans Le Monde avec <a href=\"http:\/\/www.lemonde.fr\/economie\/article\/2018\/03\/16\/la-french-tech-en-quete-d-un-nouvel-elan_5271840_3234.html\">La French Tech en qu\u00eate d\u2019un nouvel \u00e9lan<\/a> de Vincent Fagot ou dans les Echos avec <a href=\"https:\/\/www.lesechos.fr\/idees-debats\/editos-analyses\/0301387183861-la-french-tech-a-lheure-de-ses-premiers-craquements-2159872.php\">La French Tech \u00e0 l&#8217;heure de ses premiers craquements<\/a> de Guillaume Bregeras. La peur est mise en avant d\u2019un retournement financier qui ferait basculer l\u2019\u00e9cosyst\u00e8me fran\u00e7ais vers l\u2019\u00e2ge de la pierre.<\/p>\n<p>Les investisseurs regrettent pour leur part que la French Tech n\u2019aide pas assez les startups \u00e0 scaler et \u00e0 faire de l\u2019hypercroissance, malgr\u00e9 l\u2019existence du Pass French Tech, ou tout du moins se plaignent-t-ils du manque de projets de qualit\u00e9 \u00e0 financer. Ils constatent la difficult\u00e9 \u00e0 g\u00e9n\u00e9rer de belles sorties, indispensables pour rentabiliser les fonds, surtout lorsque les valorisations partent en fl\u00e8che. D\u2019autres commentateurs s\u2019\u00e9tonnent que des startups \u00e9chouent <i>malgr\u00e9<\/i> la French Tech, alors que c\u2019est une constante dans n\u2019importe quel \u00e9cosyst\u00e8me de startups que de g\u00e9n\u00e9rer des \u00e9checs.<\/p>\n<p>La fin de <strong>Giroptic <\/strong>ou les d\u00e9boires actuels de <strong>Blablacar<\/strong>\u00a0deviennent des symboles d\u2019un \u00e9chec de la French Tech. Cr\u00e9ant des cam\u00e9ras 360\u00b0, Giroptic avait une ambition internationale. Elle faisait partie des meilleures lev\u00e9es de fonds fran\u00e7aises sur Kickstarter avec $1,4M de r\u00e9cup\u00e9r\u00e9s en 2014. Elle avait m\u00eame \u00e9t\u00e9 rep\u00e9r\u00e9e par Facebook qui payait la distribution de ses derni\u00e8res IO 360 \u00e0 4000 d\u00e9veloppeurs en avril 2017. Mais \u00e0 cours de cash, la soci\u00e9t\u00e9 a du fermer d\u00e9but 2018. Mais cela n\u2019a rien \u00e0 voir avec la French Tech. C\u2019est li\u00e9 aux difficult\u00e9s d\u2019un business parmi les plus ardus qui soit, celui des objets connect\u00e9s. Fitbit a licenci\u00e9, Jawbone est en liquidation depuis juillet 2017, GoPro va mal et m\u00eame Nest ne va pas si bien que cela dans le giron de Google. L\u2019IOT grand public est \u00e0 la peine. On ne va donc pas se lamenter sur quelques \u00e9checs. Ils sont tout \u00e0 fait normaux dans un \u00e9cosyst\u00e8me dynamique. On devrait avoir d\u2019ailleurs plus de gros \u00e9checs pour avoir plus de grandes r\u00e9ussites\u2026 comme aux USA. Chez eux, les \u00e9checs comme les r\u00e9ussites sont mieux financ\u00e9s que chez nous !<\/p>\n<p>L\u00e0-dessus, sans bien d\u00e9crire de probl\u00e8me \u00e0 r\u00e9soudre autrement qu\u2019en \u00e9voquant une baisse de mobilisation des entrepreneurs et le besoin de se tourner plus vers l\u2019international, <strong>France Digitale <\/strong>propose donc de privatiser la French Tech dans <a href=\"https:\/\/medium.com\/@FranceDigitale\/et-si-la-frenchtech-pivotait-1eeb0e298d0a\">Et si la FrenchTech pivotait ?<\/a> sign\u00e9 par Rachel Delacour, co-pr\u00e9sidente de France Digitale et Albin Serviant, entrepreneur, co-fondateur et pr\u00e9sident de la FrenchTech de Londres, toujours en mars 2018.<\/p>\n<p>Ils proposent la mise en place d\u2019une gouvernance coll\u00e9giale de la Mission French Tech en reprenant le mod\u00e8le de French Tech Londres, qui, il se trouve, est g\u00e9r\u00e9 par l\u2019un de cosignataires de la proposition. C\u2019est une th\u00e8se voisine de celle qui est promue par le think tank <strong>Terra Nova <\/strong>qui propose un transfert des missions de la French Tech \u00e0 une fondation qui serait g\u00e9r\u00e9e par les entrepreneurs eux-m\u00eames, dans <a href=\"http:\/\/tnova.fr\/notes\/quel-avenir-pour-la-french-tech\">Quel avenir pour la French Tech ?<\/a> publi\u00e9 en mars 2018.<\/p>\n<p>Dans une autre veine, Nicolas Menet et Benjamin Zimmer d\u00e9noncent dans l\u2019ouvrage <b>Startups, arr\u00eatons la mascarade<\/b> (2018) les exc\u00e8s de l\u2019\u00e9cosyst\u00e8me fran\u00e7ais des startups. La description de d\u00e9rives de l\u2019\u00e9cosyst\u00e8me startupien mondial, am\u00e9ricain et fran\u00e7ais y est \u00e0 la fois sociologique et pratique, avec une histoire composite fictive d\u2019un jeune entrepreneur Tom, qui se plante royalement apr\u00e8s avoir lanc\u00e9 un r\u00e9seau social pour les seniors, qui incarne au demeurant le sujet foireux type pour n\u2019importe quel investisseur. Les auteurs souhaitent que se d\u00e9veloppe un \u00e9cosyst\u00e8me plus favorables aux projets qui font le bien commun, ceux que l\u2019on peut int\u00e9grer dans la vaste notion d\u2019entrepreneuriat social et solidaire, ou \u00ab tech for good \u00bb. A vrai dire, les auteurs sont un peu juges et parties car ils d\u00e9noncent le financement de projets qu\u2019ils trouvent futiles tandis que les leurs, tourn\u00e9s vers la silver \u00e9conomie, ont plus de mal \u00e0 trouver des financements. Et pour cause, puisqu\u2019ils ne pr\u00e9sentent pas les m\u00eames \u00e9conomies d\u2019\u00e9chelle que les startups \u00ab produits \u00bb. Il y a bien \u00e9videmment des exc\u00e8s dans l\u2019\u00e9cosyst\u00e8me, mais le principal malentendu provient d\u2019une d\u00e9finition non partag\u00e9e de la notion m\u00eame de la startup.<\/p>\n<p>Bref, nous sommes en plein <em>French Tech bashing<\/em>. C\u2019est parfois m\u00e9rit\u00e9, comme pour les exc\u00e8s de certaines r\u00e9gions dans leurs combats de coqs au CES 2018. Mais le plus souvent, ces d\u00e9bats ne positionnent pas bien le sujet et utilisent un bouc \u00e9missaire bien pratique. On en vient finalement \u00e0 vouloir faire g\u00e9rer la <i>th\u00e9orie du tout<\/i> par la French Tech, comme si elle devait r\u00e9gler tous les probl\u00e8mes de l\u2019\u00e9cosyst\u00e8me de l\u2019innovation fran\u00e7ais alors qu\u2019il s\u2019agit surtout d\u2019une marque ombrelle et de quelques programmes de promotion de l\u2019entrepreneuriat, notamment tourn\u00e9s vers l\u2019international (cit\u00e9s plus loin). Le bougisme organisationnel r\u00e8glera-t-il les probl\u00e8mes ? Probablement pas. Il nous faut donc faire un peu le tri entre les \u00e9motions, le rationnel, les donn\u00e9es et les actions dans ces discussions bien \u00e9chauff\u00e9es !<\/p>\n<p>C\u2019est le propos de cet article. Je vais commencer par revenir sur l\u2019Histoire de la French Tech son organisation et ses missions. Puis, nous ferons un tour par l\u2019exemple anglais qui inspire certaines des propositions ci-dessus. Je terminerai en \u00e9voquant certaines des d\u00e9rives ou lacunes qui affectent l\u2019\u00e9cosyst\u00e8me fran\u00e7ais des startups et quelques pistes pour les traiter.<\/p>\n<p><a href=\"https:\/\/www.oezratty.net\/wordpress\/wp-content\/WindowsLiveWriter\/a1bb24e84dcc_DAA4\/Resume-article.jpg\"><img loading=\"lazy\" decoding=\"async\" style=\"background-image: none; padding-top: 0px; padding-left: 0px; margin: 10px 0px 10px 10px; display: inline; padding-right: 0px; border: 0px;\" title=\"Resume article\" src=\"https:\/\/www.oezratty.net\/wordpress\/wp-content\/WindowsLiveWriter\/a1bb24e84dcc_DAA4\/Resume-article_thumb.jpg\" alt=\"Resume article\" width=\"487\" height=\"278\" border=\"0\" \/><\/a><\/p>\n<p><strong>Une Histoire de jalousies et de r\u00e9cup\u00e9rations<\/strong><\/p>\n<p>La pal\u00e9ontologie de la French Tech r\u00e9v\u00e8le des tr\u00e9sors insoup\u00e7onn\u00e9s ! C\u2019\u00e9tait au d\u00e9part une affaire de jalousie internationale et de r\u00e9cup\u00e9ration politique nationale.<\/p>\n<p>En octobre 2012, Fleur Pellerin, alors Ministre D\u00e9l\u00e9gu\u00e9e du Num\u00e9rique et des PME, sortait les oripeaux face \u00e0 la communication agressive de la <strong>TechCity <\/strong>de Londres. Elle lan\u00e7ait une id\u00e9e consistant \u00e0 faire de Paris la \u201ccapitale du num\u00e9rique\u201d, au sens Europ\u00e9en (<a href=\"https:\/\/www.latribune.fr\/technos-medias\/internet\/20121009trib000723816\/fleur-pellerin-va-presenter-un-grand-plan-numerique-.html\">source<\/a> et <em>ci-dessous<\/em>). Elle imaginait cr\u00e9er un quartier consolidant une masse critique de ressources, entrepreneurs et laboratoires de recherche, \u00e0 cheval entre l\u2019Est de paris et la proche banlieue. Elle avait en fait d\u00e9j\u00e0 eu vent du projet de Xavier Niel de lancer le plus grand incubateur du monde \u00e0 la <strong>Halle Freyssinet<\/strong>, annonc\u00e9 un an plus tard en septembre 2013 (<a href=\"https:\/\/www.oezratty.net\/wordpress\/photos\/?ws=geEDGy\">photos<\/a>), avec des travaux d\u00e9marr\u00e9s mi 2014 (<a href=\"https:\/\/www.oezratty.net\/wordpress\/photos\/?ws=geEDGz\">photos<\/a>) et inaugur\u00e9 sous l\u2019appellation de <strong>Station F <\/strong>en juin 2017 (<a href=\"https:\/\/www.oezratty.net\/wordpress\/photos\/?ws=geEDuW\">photos<\/a>, et\u00a0<em>ci-dessous<\/em>, en avril 2018).<\/p>\n<p><a href=\"https:\/\/www.oezratty.net\/wordpress\/wp-content\/WindowsLiveWriter\/a1bb24e84dcc_DAA4\/Station-F.jpg\"><img loading=\"lazy\" decoding=\"async\" style=\"background-image: none; padding-top: 0px; padding-left: 0px; margin: 10px 0px 10px 10px; display: inline; padding-right: 0px; border: 0px;\" title=\"Station F\" src=\"https:\/\/www.oezratty.net\/wordpress\/wp-content\/WindowsLiveWriter\/a1bb24e84dcc_DAA4\/Station-F_thumb.jpg\" alt=\"Station F\" width=\"434\" height=\"180\" border=\"0\" \/><\/a><\/p>\n<p>Cette id\u00e9e concernant Paris d\u00e9clencha une <a href=\"https:\/\/www.journaldunet.com\/solutions\/dsi\/fleur-pellerin-et-jean-louis-missika-a-l-open-world-forum-2012-1012.shtml\">passe d\u2019armes<\/a> avec Jean-Louis Missika, \u00e0 l\u2019\u00e9poque Maire Adjoint de la Ville de Paris en charge de l\u2019innovation. La <a href=\"http:\/\/www.rudebaguette.com\/2012\/10\/11\/paris-capitale-startup\/\">critique de Liam Boogar<\/a> de RudeBaguette sur ce projet est r\u00e9v\u00e9latrice de l\u2019\u00e9poque. Il trouvait que le quartier du Sentier \u00e0 Paris \u00e9tait suffisant pour en faire une capitale du num\u00e9rique. Et qu\u2019il fallait surtout am\u00e9liorer les conditions des entrepreneurs en g\u00e9n\u00e9ral, notamment c\u00f4t\u00e9 fiscalit\u00e9. On \u00e9tait en fait en pleine <strong>affaire des pigeons<\/strong>, ce soul\u00e8vement d\u2019entrepreneurs mobilis\u00e9s contre les changements fiscaux promus par Fran\u00e7ois Hollande \u00e0 peine arriv\u00e9 \u00e0 l\u2019Elys\u00e9e. Le gouvernement cherchait donc, entre autres objectifs, \u00e0 trouver la porte de sortie de cette affaire.<\/p>\n<p><a href=\"https:\/\/www.oezratty.net\/wordpress\/wp-content\/WindowsLiveWriter\/a1bb24e84dcc_DAA4\/Fleur-Pellerin-Paris-Capitale-Startups.jpg\"><img loading=\"lazy\" decoding=\"async\" style=\"background-image: none; padding-top: 0px; padding-left: 0px; margin: 10px 0px 10px 10px; display: inline; padding-right: 0px; border: 0px;\" title=\"Fleur Pellerin Paris Capitale Startups\" src=\"https:\/\/www.oezratty.net\/wordpress\/wp-content\/WindowsLiveWriter\/a1bb24e84dcc_DAA4\/Fleur-Pellerin-Paris-Capitale-Startups_thumb.jpg\" alt=\"Fleur Pellerin Paris Capitale Startups\" width=\"460\" height=\"343\" border=\"0\" \/><\/a><\/p>\n<p>Fin 2012, ce projet de Fleur Pellerin connu une premi\u00e8re mue, devenant celui consistant \u00e0 cr\u00e9er des <strong>Quartiers Num\u00e9riques<\/strong>. On sortait par la m\u00eame occasion de Paris pour en faire un programme national. L\u2019influence du Premier Ministre de l\u2019\u00e9poque, Jean-Marc Ayrault, et d&#8217;autres membres du gouvernement issus des r\u00e9gions, a du se faire sentir !<\/p>\n<p>Dans un discours le <a href=\"http:\/\/discours.vie-publique.fr\/notices\/137000124.html\">10 janvier 2013<\/a> en Aquitaine, Fran\u00e7ois Hollande d\u00e9clarait ainsi, en homme de synth\u00e8se qu&#8217;il \u00e9tait : <em>\u201cJe pense qu\u2019il nous faut r\u00e9fl\u00e9chir \u00e0 des \u00ab quartiers num\u00e9riques \u00bb, \u00e0 des \u00ab cit\u00e9s num\u00e9riques \u00bb. L\u00e0 aussi, il y a une comp\u00e9tition. J\u2019ai compris que certaines capitales \u2013 qui voudraient nous faire concurrence \u2013 avaient l\u2019id\u00e9e de ces \u00ab quartiers num\u00e9riques \u00bb avec des outils d\u00e9fiscalis\u00e9s. Nous devons nous y pr\u00e9parer. Pas simplement dans la r\u00e9gion Ile-de-France : dans les grandes r\u00e9gions fran\u00e7aises nous devons avoir des \u00ab quartiers num\u00e9riques \u00bb, l\u00e0 o\u00f9 l\u2019on peut faire venir des \u00ab start-up \u00bb, des entreprises et leur proposer les meilleurs services pour d\u00e9velopper leur activit\u00e9 et leur innovation\u201d<\/em>.<\/p>\n<p>Ces Quartiers Num\u00e9riques devenaient m\u00eame l&#8217;une des <a href=\"https:\/\/www.numerama.com\/magazine\/25242-les-dix-huit-mesures-du-gouvernement-sur-le-numerique.html\">18 mesures du plan num\u00e9rique<\/a> du gouvernement pr\u00e9sent\u00e9es d\u00e9but 2013 par le Premier Ministre. Au <a href=\"http:\/\/www.liberation.fr\/futurs\/2013\/03\/05\/nous-allons-creer-un-lieu-etendard-du-numerique_886516\">m\u00eame moment<\/a>, Fleur Pellerin commen\u00e7ait \u00e0 \u00e9voquer avec plus de d\u00e9tails le projet de la Halle Freyssinet, mais sans parler de Xavier Niel.<\/p>\n<p>Parall\u00e8lement, une mission \u00e9tait confi\u00e9e \u00e0 la CDC pour d\u00e9crire la forme que pourraient prendre ces quartiers num\u00e9riques. Elle remis <a href=\"https:\/\/www.economie.gouv.fr\/quartiers-numeriques-remise-rapport-mission-prefiguration\">son rapport<\/a> fin juillet 2013. L\u2019appellation French Tech et la mission correspondante furent lanc\u00e9es fin 2013 et les m\u00e9tropoles de la French Tech labellis\u00e9es \u00e0 partir de novembre 2014. Entre temps, <strong>Axelle Lemaire <\/strong>avait repris le flambeau du num\u00e9rique au gouvernement. Elle contribua \u00e0 dynamiser dans la dur\u00e9e la French Tech \u00e0 l\u2019international comme dans les r\u00e9gions. Ce fut d\u2019ailleurs la membre du gouvernement en charge du num\u00e9rique avec la plus grande long\u00e9vit\u00e9, ayant tenu 34 mois d\u2019avril 2014 \u00e0 f\u00e9vrier 2017.<\/p>\n<p>D\u00e8s sa gen\u00e8se, la French Tech mettait donc sous tension deux sujets en apparence oppos\u00e9s : les logiques de territoires pour structurer les \u00e9cosyst\u00e8mes startups qui \u00e9taient jusque l\u00e0 tr\u00e8s \u00e9parpill\u00e9s, et celle de la dimension internationale. Depuis sa cr\u00e9ation, l\u2019\u00e9quipe de Bercy de la Mission French Tech a entrepris de g\u00e9rer ces deux dimensions.<\/p>\n<p>D\u2019une part, avec la labellisation des m\u00e9tropoles qui, comme pour les p\u00f4les de comp\u00e9titivit\u00e9, a enclench\u00e9 une comp\u00e9tition politique entre les r\u00e9gions pour obtenir le label pur coq. Elle est bien relat\u00e9e pour les cas de Nantes et Aix-en-Provence dans <a href=\"http:\/\/www.urbanisme-puca.gouv.fr\/IMG\/pdf\/french_tech_-_rapport_final.pdf\">Gouverner par les labels :\u00a0le label M\u00e9tropole French Tech<\/a>, de Renaud Epstein et\u00a0Nicolas Maisetti, publi\u00e9 en juin 2016 (173 pages). Avec le cas particulier de Paris qui est une m\u00e9tropole French Tech par d\u00e9faut. La ville et la r\u00e9gion Ile de France n\u2019ont pas eu \u00e0 passer l\u2019examen qu\u2019on eu \u00e0 subir les m\u00e9tropoles en r\u00e9gion pour faire partie de la French Tech !<\/p>\n<p>D\u2019autre part, la French Tech visait \u00e0 dynamiser la pr\u00e9sence de l\u2019\u00e9cosyst\u00e8me fran\u00e7ais \u00e0 l\u2019international, ce qui a notamment conduit \u00e0 enclencher la bulle de la pr\u00e9sence de startups fran\u00e7aise dans les \u00e9v\u00e9nements internationaux, en premier lieu le CES de Las Vegas, mais aussi le MWC de Barcelone, le Web Summit de Dublin puis Lisbonne, SXSW \u00e0 Austin, et d\u2018autres encore. La French Tech a en tout cas bien contribu\u00e9 \u00e0 mobiliser les ressources de l\u2019Etat pour promouvoir les startups fran\u00e7aises \u00e0 l\u2019\u00e9tranger.<\/p>\n<p>De belles choses ont \u00e9t\u00e9 initi\u00e9es dans ce sens : le fait de s\u00e9duire les investisseurs internationaux t\u00e9moignant du fait que l\u2019Etat avait compris que les investisseurs fran\u00e7ais (aliment\u00e9s en fonds de fonds par Bpifrance) ne suffiraient pas \u00e0 eux seuls \u00e0 faire grandir nos startups les plus prometteuses (m\u00eame si certains dans l\u2019Etat n\u2019ont pas encore vraiment compris), une ambition internationale plus forte de quelques dizaines de startups, la volont\u00e9 d\u2019attirer des talents internationaux en France avec le <strong>French Tech Ticket <\/strong>et le <strong>French Tech Visa <\/strong>et puis le lancement des <strong>French Tech Hub<\/strong> \u00e0 l\u2019\u00e9tranger, pilot\u00e9s par des initiatives priv\u00e9es et associatives. Il y a aussi le <strong>Pass\u00a0French Tech <\/strong>qui vise \u00e0 accompagner les startups en hypercroissance et \u00e0 se d\u00e9velopper \u00e0 l\u2019international en leur simplifiant l&#8217;acc\u00e8s aux financements et aux services publics (Bpifrance, Business France, Coface, INPI, &#8230;). Et puis les efforts de <strong>Business France <\/strong>pour accompagner les startups. Son pr\u00e9d\u00e9cesseur Ubifrance ne s\u2019\u00e9tait int\u00e9ress\u00e9 aux startups que tr\u00e8s tardivement. Enfin, Station F rassemble en un m\u00eame\u00a0 lieu, dans <strong>French Tech Central<\/strong>, un point de rendez-vous pour les startups avec les diff\u00e9rents services de l\u2019Etat ainsi qu\u2019avec des acteurs de la recherche publique, coordonn\u00e9s par l\u2019INRIA.<\/p>\n<p>Finalement, le paradoxe de la proposition de France Digitale est qu\u2019elle s\u2019applique \u00e0 la mission French Tech qui est d\u00e9j\u00e0 tr\u00e8s largement tourn\u00e9e vers l\u2019international alors que les m\u00e9tropoles de la French Tech, qui sont des organisations majoritairement priv\u00e9es, ne le sont pas assez ou pas \u00e0 bon escient comme dans le cadre du CES de Las Vegas !<\/p>\n<p><a href=\"https:\/\/www.oezratty.net\/wordpress\/wp-content\/WindowsLiveWriter\/a1bb24e84dcc_DAA4\/Metropoles-French-Tech.png\"><img loading=\"lazy\" decoding=\"async\" style=\"background-image: none; padding-top: 0px; padding-left: 0px; display: inline; padding-right: 0px; border: 0px;\" title=\"Metropoles French Tech\" src=\"https:\/\/www.oezratty.net\/wordpress\/wp-content\/WindowsLiveWriter\/a1bb24e84dcc_DAA4\/Metropoles-French-Tech_thumb.png\" alt=\"Metropoles French Tech\" width=\"403\" height=\"388\" border=\"0\" \/><\/a><\/p>\n<p>Au moment du CES 2018, la French Tech choisissait de communiquer sur les deep techs. La France s\u2019\u00e9tait un peu fourvoy\u00e9e en 2015, \u00e0 croire, Bpifrance en premier, que l\u2019on devait aussi se focaliser sur les innovations de service non technologiques, \u00e0 contre-cycle du ph\u00e9nom\u00e8ne galvaud\u00e9 de l\u2019Uberisation dont l\u2019appellation avait \u00e9t\u00e9 invent\u00e9e en fin d\u2019ann\u00e9e 2014.<\/p>\n<p>Dans les discussions avec Philippe Dewost et Maud Franca \u00e0 l\u2019\u00e9poque de leur shadow advisory board \u00e0 la Caisse des D\u00e9p\u00f4ts qui planchait sur les recommandation de d\u00e9ploiement des Quartiers Num\u00e9riques (d\u00e9but 2013), certains dont je faisais partie mettaient en avant l\u2019imp\u00e9ratif de la dimension internationale de ce qui ne s\u2019appelait pas encore la French Tech. Cela a conduit \u00e0 int\u00e9grer ce crit\u00e8re dans ceux de la labellisation French Tech des m\u00e9tropoles. C\u2019\u00e9tait indispensable mais cela a g\u00e9n\u00e9r\u00e9 des effets de bord, chaque r\u00e9gion faisant sa promotion \u00e0 l\u2019international en ordre dispers\u00e9 et sans discernement ni s\u00e9lectivit\u00e9 comme le CES 2018 l\u2019a encore d\u00e9montr\u00e9 de mani\u00e8re caricaturale. Carlos Diaz indique que les Am\u00e9ricains se demandaient si l\u2019Occitanie \u00e9tait un nouveau pays Europ\u00e9en. Je ne suis m\u00eame pas s\u00fbr que tous les fran\u00e7ais sachent ce que cette r\u00e9gion contient exactement !<\/p>\n<p>Le r\u00e9gionalisme de la French Tech se retrouve d\u2019un point de vue chiffr\u00e9 dans l\u2019allocation initiale du budget qui est au demeurant fort modeste comparativement \u00e0 de nombreux autres dispositifs li\u00e9s \u00e0 l\u2019innovation. Sur les 215M\u20ac allou\u00e9s sur 5 ans en 2014, 200M\u20ac l&#8217;ont \u00e9t\u00e9 au financement de structures r\u00e9gionales d\u2019acc\u00e9l\u00e9ration dans le cadre du Fonds\u00a0Fonds French Tech Acc\u00e9l\u00e9ration qui investit dans des acc\u00e9l\u00e9rateurs priv\u00e9s ou fonds de fonds partout en France et pas seulement dans les m\u00e9tropoles labellis\u00e9es French Tech,\u00a0et seulement 15M\u20ac \u00e0 la promotion de la French Tech \u00e0 l\u2019international. Ces 200M\u20ac relevaient de l\u2019investissement \u00ab avis\u00e9 \u00bb avec la prise de parts de capital dans les acc\u00e9l\u00e9rateurs, avec la perspective bien illusoire d\u2019en tirer un rendement financier. J\u2019avais d\u00e8s le d\u00e9part milit\u00e9 pour que cela soit plut\u00f4t 50\/50 et que la part internationale soit plus forte, quand bien m\u00eame elle rel\u00e8verait pour ce qui est des efforts de l\u2019Etat d\u2019actions de communication. En vain.<\/p>\n<p><a href=\"https:\/\/www.oezratty.net\/wordpress\/wp-content\/WindowsLiveWriter\/a1bb24e84dcc_DAA4\/Emmanuel-Macron-et-Matts-Garduner-8.jpg\"><img loading=\"lazy\" decoding=\"async\" style=\"background-image: none; padding-top: 0px; padding-left: 0px; margin: 10px 0px 10px 10px; display: inline; padding-right: 0px; border: 0px;\" title=\"Emmanuel Macron et Matts Garduner (8)\" src=\"https:\/\/www.oezratty.net\/wordpress\/wp-content\/WindowsLiveWriter\/a1bb24e84dcc_DAA4\/Emmanuel-Macron-et-Matts-Garduner-8_thumb.jpg\" alt=\"Emmanuel Macron et Matts Garduner (8)\" width=\"479\" height=\"321\" border=\"0\" \/><\/a><\/p>\n<p>Enfin, les cocoricos de la French Tech tiennent pas mal aux diff\u00e9rents \u00e9pisodes de r\u00e9cup\u00e9ration politique. Le plus manifeste fut celui d\u2019<strong>Emmanuel Macron <\/strong>lorsqu\u2019il \u00e9tait Ministre de l\u2019Economie entre septembre 2014 et ao\u00fbt 2016 (<em>ci-dessus<\/em>, aux v\u0153ux de la French Tech en janvier 2016), avec deux pr\u00e9sences fort remarqu\u00e9es au CES de Las Vegas en janvier 2015 et 2016. Puis ce fut au tour des ex\u00e9cutifs des R\u00e9gions de prendre le relais.<\/p>\n<p><strong>Le r\u00f4le de la Mission French Tech<\/strong><\/p>\n<p>Apr\u00e8s les propositions de \u201cprivatisation\u201d de la French Tech, Mounir Mahjoubi, Secr\u00e9taire d\u2019Etat du Num\u00e9rique, a indiqu\u00e9 qu\u2019il ne suivrait pas cette recommandation. Cf <a href=\"https:\/\/business.lesechos.fr\/entrepreneurs\/actu\/0301496221014-mounir-mahjoubi-enterre-l-idee-d-une-french-tech-independante-319868.php\">Mounir Mahjoubi enterre l&#8217;id\u00e9e d&#8217;une French Tech ind\u00e9pendante<\/a>, publi\u00e9 en mars 2018. Il pr\u00e9voit tout de m\u00eame d&#8217;int\u00e9grer d&#8217;une mani\u00e8re ou d&#8217;une autre les entrepreneurs dans la gouvernance de la French Tech.<\/p>\n<p>Le fait que la mission French Tech soit au sein de l\u2019Etat est indispensable pour activer les diff\u00e9rents leviers de la puissance publique li\u00e9s \u00e0 sa mission. Ce r\u00f4le de coordination est fondamental et une structure priv\u00e9e n\u2019aurait pas acc\u00e8s aux m\u00eames rouages que l\u2019\u00e9quipe existante qui est rattach\u00e9e \u00e0 Bercy.<\/p>\n<p>Cette Mission French Tech est d\u2019ailleurs une \u00e9quipe d\u2019animation d\u2019une dizaine de personnes en tout. Elle n\u2019emploie aucun fonctionnaire ou haut-fonctionnaire. Ce sont des contractuels plut\u00f4t issus du priv\u00e9 ou de la recherche. L\u2019ancien Directeur de la Mission French Tech, David Monteau est un ing\u00e9nieur qui venait de l\u2019INRIA. Pas d\u2019\u00e9narques ni de polytechniciens ou membres des grands Corps en vue ! Ce n&#8217;est pas par hasard. C&#8217;\u00e9tait voulu afin d&#8217;\u00e9viter une prise de contr\u00f4le de la French Tech par l&#8217;administration traditionnelle.<\/p>\n<p>On peut confondre la Mission French Tech de Bercy avec les m\u00e9tropoles de la French Tech ainsi que les Hub de la French Tech \u00e0 l\u2019\u00e9tranger. Or ces structures ont d\u00e9j\u00e0 une gouvernance essentiellement priv\u00e9e. Ce sont le plus souvent des associations 1901 ou des structures publiques-priv\u00e9es qui associent les acteurs locaux de l\u2019innovation. Le poids des r\u00e9gions ou des m\u00e9tropoles peut y \u00eatre fort, mais c\u2019est une variante locale qui n\u2019est pas dict\u00e9e par l\u2019Etat. Libre aux m\u00e9tropoles de l\u2019organiser comme elles le souhaitent pour coordonner leurs \u00e9cosyst\u00e8mes. Cette gouvernance des French Tech en r\u00e9gion pourrait probablement s\u2019am\u00e9liorer mais sans forc\u00e9ment que l\u2019Etat s\u2019en m\u00eale directement. Il peut cependant jouer un r\u00f4le d\u2019aiguillon administratif et politique pour am\u00e9liorer le fonctionnement collaboratif de certaines m\u00e9tropoles de la French Tech. La Mission French Tech contribue aussi au d\u00e9ploiement dans les r\u00e9gions des programmes nationaux comme la coordination des services publics d\u00e9di\u00e9s aux startups.<\/p>\n<p>L\u2019appel \u00e0 une gouvernance et repr\u00e9sentation de la French Tech par les entrepreneurs donne l\u2019impression que ceux-ci ne se sentent pas bien repr\u00e9sent\u00e9s. Pourtant, les instances ne manquent pas. La plus visible d\u2019entre elles est <strong>France Digitale<\/strong><strong>,<\/strong> lanc\u00e9e en juillet 2012 (<a href=\"https:\/\/www.oezratty.net\/wordpress\/photos\/?ws=geEDGA\">photos<\/a>, et <em>ci-dessous<\/em>, Olivier Mathiot avec Axelle Lemaire au France Digitale Day de 2016), qui pr\u00e9sente la particularit\u00e9 d\u2019associer entrepreneurs de startups et investisseurs en capital. Cette association a toujours \u00e9t\u00e9 \u00e9cout\u00e9e des pouvoirs publics et su les influencer dans diff\u00e9rents domaines. D\u2019autres associations repr\u00e9sentent les entrepreneurs, qu\u2019il s\u2019agisse par exemple de <strong>Syntec Num\u00e9rique <\/strong>ou de <strong>Tech in France<\/strong>. Tous ces corps constitu\u00e9s sont r\u00e9guli\u00e8rement consult\u00e9s par l\u2019Etat d\u00e8s qu\u2019il l\u00e8ve le petit doigt sur le num\u00e9rique ou commandite un rapport.<\/p>\n<p><a href=\"https:\/\/www.oezratty.net\/wordpress\/wp-content\/WindowsLiveWriter\/a1bb24e84dcc_DAA4\/Axelle-Lemaire-et-Olivier-Mathiot.jpg\"><img loading=\"lazy\" decoding=\"async\" style=\"background-image: none; padding-top: 0px; padding-left: 0px; margin: 10px 0px 10px 10px; display: inline; padding-right: 0px; border: 0px;\" title=\"Axelle Lemaire et Olivier Mathiot\" src=\"https:\/\/www.oezratty.net\/wordpress\/wp-content\/WindowsLiveWriter\/a1bb24e84dcc_DAA4\/Axelle-Lemaire-et-Olivier-Mathiot_thumb.jpg\" alt=\"Axelle Lemaire et Olivier Mathiot\" width=\"461\" height=\"309\" border=\"0\" \/><\/a><\/p>\n<p>Enfin, il y a aussi le <strong>Conseil National du Num\u00e9rique<\/strong>. Au-del\u00e0 du fait qu\u2019il n\u2019est plus en place depuis la derni\u00e8re \u00e9lection pr\u00e9sidentielle, il n\u2019a jamais v\u00e9ritablement jou\u00e9 son r\u00f4le d\u2019instance consultative sur l\u2019entrepreneuriat, se focalisant beaucoup plus sur les enjeux de r\u00e9gulation et soci\u00e9taux du num\u00e9rique.<\/p>\n<p><strong>La propagande anglaise de la TechNation<\/strong><\/p>\n<p>France Digitale met en avant l\u2019\u00e9volution de la gouvernance de la TechCity de Londres et de son successeur <strong>TechNation<\/strong> pour expliquer sa proposition de changement de gouvernance de la French Tech. L\u00e0 encore, cela m\u00e9rite d\u2019\u00eatre creus\u00e9. Les Anglais se sont en fait inspir\u00e9s fortement de la French Tech. L\u2019appellation de Tech City lanc\u00e9e en 2011 \u00e9tait li\u00e9e \u00e0 Londres. Les autres villes du Royaume-Unis se sentaient d\u00e9laiss\u00e9es. D\u2019o\u00f9 le rebranding de la TechCity en TechNation, par fusion de TechCity et TechNorth qui couvrait le nord du Royaume Unis.<\/p>\n<p><a href=\"https:\/\/www.oezratty.net\/wordpress\/wp-content\/WindowsLiveWriter\/a1bb24e84dcc_DAA4\/TechNation.jpg\"><img loading=\"lazy\" decoding=\"async\" style=\"background-image: none; padding-top: 0px; padding-left: 0px; margin: 10px 0px 10px 10px; display: inline; padding-right: 0px; border: 0px;\" title=\"TechNation\" src=\"https:\/\/www.oezratty.net\/wordpress\/wp-content\/WindowsLiveWriter\/a1bb24e84dcc_DAA4\/TechNation_thumb.jpg\" alt=\"TechNation\" width=\"381\" height=\"152\" border=\"0\" \/><\/a><\/p>\n<p>TechNation rappelle l\u2019appellation Startup Nation, attach\u00e9e \u00e0 Isra\u00ebl depuis la publication en 2009 d\u2019un livre \u00e9ponyme. TechNation a \u00e9t\u00e9 cr\u00e9\u00e9e fin 2017 sous la forme d\u2019une superstructure priv\u00e9e-publique associant les clusters technologiques UK. Ces clusters sont au nombre de 30, donc bien plus fragment\u00e9s que les 14 m\u00e9tropoles de la French Tech, en comptant Paris.<\/p>\n<p>Comme la TechCity, TechNation est avant tout un outil de communication si ce n\u2019est de propagande. Cela se v\u00e9rifie dans ses livrables et son budget. La TechCity englobe dans un flou artistique l\u2019ensemble des acteurs du num\u00e9rique et pas simplement les startups. Ils mettent ainsi en avant 1,7 millions d\u2019emplois dans le num\u00e9rique au Royaume-Unis.<\/p>\n<p><a href=\"https:\/\/www.oezratty.net\/wordpress\/wp-content\/WindowsLiveWriter\/a1bb24e84dcc_DAA4\/TechNation-Benchmark-Data.jpg\"><img loading=\"lazy\" decoding=\"async\" style=\"background-image: none; padding-top: 0px; padding-left: 0px; display: inline; padding-right: 0px; border: 0px;\" title=\"TechNation Benchmark Data\" src=\"https:\/\/www.oezratty.net\/wordpress\/wp-content\/WindowsLiveWriter\/a1bb24e84dcc_DAA4\/TechNation-Benchmark-Data_thumb.jpg\" alt=\"TechNation Benchmark Data\" width=\"583\" height=\"221\" border=\"0\" \/><\/a><\/p>\n<p>Les Anglais b\u00e9n\u00e9ficient notamment d\u2019un pays qui est plus consommateur de num\u00e9rique que les Fran\u00e7ais ou les Allemands dans le secteur des entreprises. Les filiales d\u2019outre-Manche des grands acteurs am\u00e9ricains du num\u00e9rique sont syst\u00e9matiquement bien plus grandes que celles que nous avons en France. C\u2019est vrai pour les IBM, Oracle, Microsoft et tous les GAFA. D\u2019ailleurs, le profil des deux dirigeants de TechNation est \u00e9loquent de ce point de vue-l\u00e0. Gerard Grech est un ancien cadre de Nokia, Orange et Blackberry tandis qu\u2019Eileen Burbidge est une ancienne de Skype, Yahoo!, Palm, Sun et Apple, et aussi investisseuse. Bref, ce sont plus des profils <em>entreprises <\/em>que <em>startups,<\/em>\u00a0et bien biberonn\u00e9s aux filiales d\u2019entreprises am\u00e9ricaines !<\/p>\n<p>La TechCity et TechNorth avaient chacun un budget annuel de \u00a32M. Le budget annonc\u00e9 par Theresa May en d\u00e9cembre 2017 pour TechNation est de \u00a321M sur 5 ans. Le calcul est vite fait : cela donne \u00e0 peu pr\u00e8s exactement le m\u00eame budget annuel que pour le couple TechCity + TechNorth. L\u2019id\u00e9e du gouvernement de sa Majest\u00e9 est de r\u00e9duire progressivement ce budget public pour le faire combler par le priv\u00e9. Il couvre aujourd\u2019hui 70% des besoins. Ce qui nous fait un peu moins de \u00a36M par an, soit de quoi faire tourner une petite \u00e9quipe et faire surtout des \u00e9tudes et de la communication !<\/p>\n<p>Au-del\u00e0 de la production d\u2019un <a href=\"https:\/\/technation.techcityuk.com\/\">rapport de propagande<\/a> sur la force (r\u00e9elle) de l\u2019\u00e9cosyst\u00e8me num\u00e9rique UK, les actions de TechNation tournent autour de deux principaux programmes :<\/p>\n<ul>\n<li>La <strong>Digital Business Academy<\/strong>, un plan de formation de 40 000 personnes avec des cours en ligne issus des grandes universit\u00e9s UK. Ce sont des cours assez rudimentaires pour les entrepreneurs et qui se terminent avec un QCM. Notre vague \u00e9quivalent serait la Grande Ecole du Num\u00e9rique, mais elle ne couvre pas exactement les m\u00eames besoins, qui sont plus tourn\u00e9s vers les m\u00e9tiers d\u2019ex\u00e9cution du num\u00e9rique que ceux de l\u2019entrepreneuriat.<\/li>\n<li>Le <strong>TechNation Visa Scheme<\/strong>, un programme de visas pour des talents \u00e9trangers, dont le quota passe de 1000 \u00e0 2000. Un nombre qui pourra ensuite \u00eatre \u00e9tendu en fonction des r\u00e9sultats. C\u2019est l\u2019\u00e9quivalent du French Tech Visa lanc\u00e9 plus t\u00f4t.<\/li>\n<\/ul>\n<p>La TechCity avait sinon lanc\u00e9 les programmes <strong>Upscale <\/strong>et <strong>FUTURE50<\/strong>, focalis\u00e9s sur l\u2019hypercroissance des startups. C\u2019\u00e9tait un peu l\u2019\u00e9quivalent du programme French Tech Pass mais avec des moyens diff\u00e9rents. Le programme fran\u00e7ais s\u00e9lectionne des startups \u00e0 forte croissance pour mettre au diapason les investisseurs priv\u00e9s et les services publics pour les accompagner de mani\u00e8re coordonn\u00e9e et focalis\u00e9e. Le programme anglais est essentiellement une affaire de communaut\u00e9 pour mettre ces entrepreneurs en relations et partager leur exp\u00e9rience. Ils n\u2019ont pas besoin d\u2019organiser les flux de financement qui sont d\u00e9j\u00e0 abondants au Royaume Unis. Les r\u00e9sultats sont \u00e9videmment positifs mais rien ne dit que c\u2019est gr\u00e2ce \u00e0 ces programmes.<\/p>\n<p>TechCity avait aussi un programme sp\u00e9cifique, <strong>HQUK<\/strong>, pour attirer au Royaume Uni les quartiers g\u00e9n\u00e9raux europ\u00e9ens de soci\u00e9t\u00e9s internationales du num\u00e9rique. Nous en avons l\u2019\u00e9quivalent en France avec les annonces r\u00e9centes d\u2019installations \u00e0 Paris de laboratoires d\u2019IA d\u2019acteurs \u00e9trangers (Google, Facebook, Fujitsu, SAP, etc).<\/p>\n<p>Enfin, la gouvernance de TechNation associe un board d\u2019entrepreneurs et d\u2019investisseurs. Mais ils sont naturellement en relation avec les services de l\u2019Etat britannique pour faire avancer l\u2019agenda entrepreneurial lorsque n\u00e9cessaire. Et l\u2019Etat reste le principal financeur. L\u2019organisation de TechNation est donc plut\u00f4t voisine de celle d\u2019une m\u00e9tropole de la French Tech.<\/p>\n<p>Dans l\u2019ensemble, les programmes UK sont plus associ\u00e9s au priv\u00e9 gr\u00e2ce \u00e0 une \u00e9conomie qui d\u00e9pend moins du secteur public que la France. C\u2019est d\u2019ailleurs vrai dans de nombreux secteurs comme dans le rail ! Reste \u00e0 poursuivre le benchmark avec l\u2019Europe continentale ! N\u2019oublions pas aussi que les britanniques se pr\u00e9parent au Brexit. Ils doivent renforcer la communication sur la t\u00eate de pont d\u2019acc\u00e8s \u00e0 l\u2019Europe qu\u2019ils cherchent \u00e0 pr\u00e9server pour les Am\u00e9ricains. C\u2019est un enjeu strat\u00e9gique pour eux.<\/p>\n<p><strong>Lacunes et d\u00e9rives de l\u2019\u00e9cosyst\u00e8me fran\u00e7ais des startups<\/strong><\/p>\n<p>Si l\u2019on peut probablement am\u00e9liorer \u00e0 la marge la gouvernance nationale et r\u00e9gionale de la French Tech, les r\u00e9serves que l\u2019on peut avoir sur le d\u00e9veloppement actuel de l\u2019\u00e9cosyst\u00e8me fran\u00e7ais n\u2019y sont pas toujours directement li\u00e9es. En voici une liste, probablement non exhaustive !<\/p>\n<p>Cela commence avec la <strong>surmultiplication des poulaillers de startups<\/strong> qui m\u00e9langent all\u00e8grement une \u00e9conomie de produits et une \u00e9conomie de services non <em>scalables<\/em>. Sans compter la multitude de startups qui s\u2019attaquent \u00e0 des march\u00e9s de niche avec une faible valeur et un minuscule patrimoine technologique ou diff\u00e9rentiateur. Le parcours des listes de startups des acc\u00e9l\u00e9rateurs est \u00e9loquent de ce point de vue-l\u00e0, m\u00eame \u00e0 Station F. Le tout avec la prolif\u00e9ration d\u2019inventeurs de formules d\u2019accompagnement farfelues qui n\u2019ont pas de <em>track-record<\/em> autre que celui de la cr\u00e9ation d\u2019entreprises de services et avec des permanents qui ont une exp\u00e9rience de salari\u00e9s dans la fonction publique ou dans les grandes entreprises. Le programme de financement de la French Tech a encourag\u00e9 ce ph\u00e9nom\u00e8ne, via les 200 M\u20ac de cofinancement des acc\u00e9l\u00e9rateurs partout en France, avec \u00e0 ce jour 14 investissements \u00e0 Paris, Brest, Lyon et Marseille. Mais la dynamique entrepreneuriale a du bon dans un autre registre qui d\u00e9borde du cadre des startups. L\u2019\u00e9conomie locale a besoin d\u2019un tissu dense de prestataires de services pour mener la num\u00e9risation des m\u00e9tiers et des TPE\/PME !<\/p>\n<p>Nous avons ensuite la <strong>valorisation trop \u00e9lev\u00e9e de startups<\/strong> dont les perspectives de croissance internationales ne sont pas forc\u00e9ment \u00e0 la hauteur de leurs promesses. Ce b\u00e9mol est \u00e9voqu\u00e9 par <a href=\"https:\/\/www.facebook.com\/frederic.lasnier\/posts\/10213302786902651\">Fr\u00e9d\u00e9ric Lasnier<\/a> dans un post mettant en sc\u00e8ne les <em>californistes<\/em>, ces Fran\u00e7ais b\u00e9ats devant les prouesses de la Silicon Valley. Cette inflation des valorisations se manifeste aussi aux USA, dans le cadre de la bulle des unicorns. Elle est aliment\u00e9e en France par l\u2019argent public que l\u2019on trouve \u00e0 la fois dans les fonds de fonds de Bpifrance et ses investissements directs dans les startups. Qui plus est, malgr\u00e9 cet argent abondant, les startups \u201cdeep techs\u201d ont du mal \u00e0 se financer. Une medtech fran\u00e7aise prometteuse comme DNA Script a lev\u00e9 \u00e0 ce jour $21,4M, ce qui est pas mal, dont une part chez Bpifrance et IDINvest et une autre chez Illumina (leader am\u00e9ricain du s\u00e9quen\u00e7age) et Merck (pharma). Mais c\u2019est un montant ridicule par rapport \u00e0 l\u2019enjeu ! Une autre startup, Archimej a du mettre la cl\u00e9 sous la porte mi 2017. Elle mettait au point un appareil d\u2019analyse du sang qui avait l\u2019air bien plus s\u00e9rieux que les projets de l\u2019Am\u00e9ricain Theranos qui a pour sa part b\u00e9n\u00e9fici\u00e9 de $1,4B, dont la moiti\u00e9 obtenus\u00a0<strong><u>apr\u00e8s<\/u> <\/strong>la r\u00e9v\u00e9lation du scandale les concernant !<\/p>\n<p>Le <strong>scale-up et l\u2019hypercroissance <\/strong>est l\u2019un des objectifs du programme French Tech Pass. On se m\u00e9prend souvent sur l\u2019origine du manque de financement de l\u2019hypercroissance en France. On compare un peu rapidement les montants lev\u00e9s en France et aux USA. On oublie un truc b\u00eate qui s\u2019appelle la macro-\u00e9conomie. L\u2019investissement en capital en France dans l\u2019innovation \u00e9tait de 2,55 Md\u20ac en 2017 (<a href=\"https:\/\/www.lemondeinformatique.fr\/actualites\/lire-plus-de-2-5-mdeteuro-d-investissements-dans-la-french-tech-en-2017-70741.html\">source<\/a>) tandis qu\u2019il \u00e9tait de $84,2B aux USA (<a href=\"https:\/\/nvca.org\/research\/venture-monitor\/\">source<\/a>) avec la moiti\u00e9 des montants investis dans des deals de plus de $50M. Avec un dollar \u00e0 0,81 Euros, cela donne un ratio de 1 pour 26,8 entre la France et les USA. D\u2019o\u00f9 provient ce d\u00e9calage ? Si on partait de l\u2019hypoth\u00e8se que les financements devaient provenir de chaque pays de mani\u00e8re isol\u00e9e, on pourrait se caler sur le PIB. Le ratio des PIB France\/USA est de 1 \u00e0 6,9. En l\u2019excluant, on tombe donc sur un ratio France\/USA de 3,9. Les Am\u00e9ricains investissent quatre fois plus que les Fran\u00e7ais dans leurs startups en % de leur PIB.<\/p>\n<p><a href=\"https:\/\/www.oezratty.net\/wordpress\/wp-content\/WindowsLiveWriter\/a1bb24e84dcc_DAA4\/NVCA-USA-VC-2008-2017.jpg\"><img loading=\"lazy\" decoding=\"async\" style=\"background-image: none; padding-top: 0px; padding-left: 0px; margin: 10px 0px 10px 10px; display: inline; padding-right: 0px; border: 0px;\" title=\"NVCA USA VC 2008 2017\" src=\"https:\/\/www.oezratty.net\/wordpress\/wp-content\/WindowsLiveWriter\/a1bb24e84dcc_DAA4\/NVCA-USA-VC-2008-2017_thumb.jpg\" alt=\"NVCA USA VC 2008 2017\" width=\"487\" height=\"199\" border=\"0\" \/><\/a><\/p>\n<p>Cela tient notamment \u00e0 leur forte app\u00e9tence technologique et\u00a0aux sp\u00e9cificit\u00e9s de leur syst\u00e8me financier, li\u00e9 au syst\u00e8me des retraites par capitalisation incarn\u00e9es par les fonds de pension priv\u00e9s et publics. Ceux-ci investissent une petite part de leur \u00e9norme g\u00e2teau dans le capital risque. Elle repr\u00e9sente plus de 40% des fonds g\u00e9r\u00e9s par les VC am\u00e9ricains. En les supprimant, le ratio France\/US tomberait \u00e0 1 pour 2,34 ce qui est presque raisonnable ! Le d\u00e9bat est vif en France sur les moyens d\u2019orienter l\u2019\u00e9pargne vers le capital risque. Apr\u00e8s les exon\u00e9rations ISF qui n\u2019ont maintenant plus cours, l\u2019encouragement toucherait les assurances vies et les PEA. Vaste programme.<\/p>\n<p>Les montants investis sont naturellement plus \u00e9lev\u00e9s aux USA qu\u2019en Europe car le march\u00e9 local adressable par les startups y est bien plus grand. Il permet une plus grande rapidit\u00e9 de croissance pour les startups qui sortent du lot. Gonfl\u00e9es par le march\u00e9 am\u00e9ricain, elles peuvent alors conqu\u00e9rir plus facilement le reste du monde et ne s\u2019en privent pas g\u00e9n\u00e9ralement.<\/p>\n<p><a href=\"https:\/\/www.oezratty.net\/wordpress\/wp-content\/WindowsLiveWriter\/a1bb24e84dcc_DAA4\/Logos-Datadog-Docker-et-Talend.jpg\"><img loading=\"lazy\" decoding=\"async\" style=\"background-image: none; padding-top: 0px; padding-left: 0px; margin: 10px 0px 10px 10px; display: inline; padding-right: 0px; border: 0px;\" title=\"Logos Datadog Docker et Talend\" src=\"https:\/\/www.oezratty.net\/wordpress\/wp-content\/WindowsLiveWriter\/a1bb24e84dcc_DAA4\/Logos-Datadog-Docker-et-Talend_thumb.jpg\" alt=\"Logos Datadog Docker et Talend\" width=\"500\" height=\"46\" border=\"0\" \/><\/a><\/p>\n<p>Nous en avons de belles illustrations avec quelques startups cr\u00e9\u00e9es ou install\u00e9es aux USA par des fran\u00e7ais. Bas\u00e9e \u00e0 New York, <strong>Datadog <\/strong>a \u00e9t\u00e9 cr\u00e9\u00e9e en 2010 par deux centraliens, Olivier Pomel et Alexis L\u00ea-Qu\u00f4c. La startup a lev\u00e9 en tout $178M. Elle propose un outil de monitoring des infrastructures serveurs et applications des entreprises. Elle a \u00e0 ce jour plus de 300 collaborateurs. Et puis <strong>Dotcloud<\/strong> cr\u00e9\u00e9e par des anciens de l\u2019EPITECH et qui se sont install\u00e9s \u00e0 San Francisco et ont lev\u00e9 en tout $242M sur place ! Ils sont devenus la r\u00e9f\u00e9rence mondiale dans leur domaine, la distribution d\u2019applications sur serveurs dans le cloud. Il y avait aussi <strong>Talend<\/strong>, ayant lev\u00e9 $101,6M, qui est devenu leader dans les ETL, les outils de transfert de donn\u00e9es entre bases de donn\u00e9es. Dans ces trois cas, nous avons des soci\u00e9t\u00e9s devenues des leaders mondiaux de leur secteur et dans le logiciel b2b. Reste \u00e0 faire la m\u00eame chose en conservant des \u00e9quipes en France, notamment dans la R&amp;D.<\/p>\n<p>La croissance historique des startups europ\u00e9enne est bien plus lente lorsqu\u2019elles se contentent trop longtemps de leur march\u00e9 int\u00e9rieur. Pour changer la donne, il n\u2019y a pas 36 solutions. Il faut \u00e0 la fois avoir plus de startups de classe internationale capables d\u2019affronter la concurrence dans les grands march\u00e9s que sont les USA et l\u2019Asie, et d\u2019autre part, pouvoir attirer en France des capitaux \u00e9trangers, m\u00eame si cela se traduit par une baisse du contr\u00f4le financier de nos propres startups. Pour r\u00e9ussir, il faut faire preuve de discernement sur les sujets \u00e0 traiter. Ils ne doivent pas \u00eatre anecdotiques. Ils doivent v\u00e9rifier si possible la loi de la brosse \u00e0 dents de Larry Page et correspondre \u00e0 des besoins quotidiens d\u2019un grand volume de clients potentiels. Et les strat\u00e9gies europ\u00e9ennes ? Il serait utile et souhaitable qu\u2019il soit possible d\u2019en b\u00e2tir pour faire r\u00e9ussir nos startups mais l\u2019histoire r\u00e9cente a montr\u00e9 que c\u2019\u00e9tait encore plus difficile d\u2019y r\u00e9ussir rapidement qu\u2019aux USA, en tout cas pour les startups fran\u00e7aises ! Il existe quelques exceptions comme l&#8217;Anglais Deliveroo qui s&#8217;est d\u00e9velopp\u00e9 dans un bon nombre de pays occidentaux et asiatiques sans s&#8217;installer aux USA et en levant un total de $859M.<\/p>\n<p>Autre point cl\u00e9 : pousser les startups r\u00e9gionales \u00e0 faire aussi appel aux fonds d\u2019investissement nationaux, principalement situ\u00e9s \u00e0 Paris, avant d\u2019aller plus loin.<\/p>\n<p>Et la Mission French Tech ? En poussant les startups \u00e0 s\u2019internationaliser, en attirant des talents \u00e9trangers en France et en attirant aussi des investisseurs \u00e9trangers, elle a agit dans le bon sens. Mais on ne transforme pas les startups fran\u00e7aises en licornes d\u2019un coup de baguette magique. Il reste notamment \u00e0 travailler cette d\u00e9ficience marketing et de maitrise de l\u2019anglais qui nous plombe toujours autant !<\/p>\n<p>Suit un autre ph\u00e9nom\u00e8ne assez d\u00e9velopp\u00e9 en France, la <strong>grand-compte-isation de l\u2019\u00e9cosyst\u00e8me<\/strong> qui semble atteindre un niveau sans \u00e9quivalent dans le monde, m\u00eame si je ne dispose pas d\u2019indicateurs chiffr\u00e9s pour le v\u00e9rifier. Son r\u00e9v\u00e9lateur est la forme de l\u2019\u00e9v\u00e9nement <strong>VivaTechnology <\/strong>qui a lieu \u00e0 Paris chaque printemps depuis 2016. En bleu et rouge <em>ci-dessous<\/em>, les stands des grandes entreprises de l\u2019\u00e9dition 2017 ! On la retrouve dans le mod\u00e8le \u00e9conomique de structures telles que NUMA, TheFamily ou TheCamp qui vivent de plus en plus de la vente de prestations destin\u00e9es aux grandes entreprises. Le manque d\u2019\u00e9conomies d\u2019\u00e9chelle de l\u2019\u00e9cosyst\u00e8me fran\u00e7ais des startups engendre ce ph\u00e9nom\u00e8ne de d\u00e9port partiel des prestataires de l\u2019innovation vers les grandes entreprises.<\/p>\n<p><a href=\"https:\/\/www.oezratty.net\/wordpress\/wp-content\/WindowsLiveWriter\/a1bb24e84dcc_DAA4\/Signaltique-2.jpg\"><img loading=\"lazy\" decoding=\"async\" style=\"background-image: none; padding-top: 0px; padding-left: 0px; margin: 10px 0px 10px 10px; display: inline; padding-right: 0px; border: 0px;\" title=\"Signal\u00e9tique (2)\" src=\"https:\/\/www.oezratty.net\/wordpress\/wp-content\/WindowsLiveWriter\/a1bb24e84dcc_DAA4\/Signaltique-2_thumb.jpg\" alt=\"Signal\u00e9tique (2)\" width=\"452\" height=\"303\" border=\"0\" \/><\/a><\/p>\n<p>C\u2019est un v\u00e9ritable poison lent de l\u2019\u00e9cosyst\u00e8me. Rares sont les grands comptes fran\u00e7ais qui ont la capacit\u00e9 d\u2019aider nos startups \u00e0 se d\u00e9velopper internationalement. Peu d\u2019entre eux ont de v\u00e9ritables plateformes pouvant avoir cet effet. Les grands-comptes fran\u00e7ais se pr\u00e9occupent plus de leur capacit\u00e9 \u00e0 se transformer via de l\u2019innovation ouverte que d\u2019acc\u00e9l\u00e9rer r\u00e9ellement la croissance mondiale des startups fran\u00e7aises. Ce sont au mieux de pi\u00e8tres acheteurs. Ils sont lents \u00e0 la d\u00e9tente. Ils payent mal. Malgr\u00e9 les meilleures volont\u00e9s du monde, ils transforment lentement les startups en prestataires de services. Quand ils font des acquisitions, c\u2019est \u00e0 vil prix car la surface des startups acquises est plut\u00f4t faible, avec des exits \u00e0 moins de 25M\u20ac en moyenne. Et surtout, ce ne sont pas de grands acteurs du num\u00e9rique mondial.<\/p>\n<p>Bref, malgr\u00e9 quelques b\u00e9n\u00e9fices apparents, malgr\u00e9 les pacte PME et autres chasses en meute, les grands comptes constituent le plus souvent un \u00e9norme pi\u00e8ge pour les startups fran\u00e7aises. Ceci est la cons\u00e9quence du manque de grands acteurs industriels du num\u00e9rique en France \u00e0 l\u2019exception notable de Dassault Syst\u00e8mes et STMicroelectronics. Je ne sais pas vraiment comment faire pour en sortir, tout du moins \u00e0 court terme.<\/p>\n<p>Tout cela conduit l\u2019\u00e9cosyst\u00e8me \u00e0 \u00eatre naturellement encore trop <strong>focalis\u00e9 sur le march\u00e9 int\u00e9rieur.<\/strong> On le voit syst\u00e9matiquement poindre du nez dans les plans gouvernementaux et c\u2019\u00e9tait aussi le cas dans le Rapport de la Mission Villani. Le marronnier du Small Business Act revient aussi r\u00e9guli\u00e8rement, et avec lui, celui de la commande publique. S\u2019il y avait un seul truc \u00e0 retenir de la \u00ab Startup Nation \u00bb Isra\u00ebl, ce serait son orientation internationale et l\u2019absence de march\u00e9 int\u00e9rieur qui pousse les startups de ce pays \u00e0 s\u2019installer commercialement aussi rapidement que possible aux USA. Sachant que pour cela, il faut \u00e0 la fois bien parler anglais, bien communiquer et avoir envie du grand large.<\/p>\n<p>Enfin, nous avons la cerise sur le g\u00e2teau avec ces <strong>plans gouvernementaux th\u00e9matiques<\/strong> qui sont quasiment syst\u00e9matiquement lanc\u00e9s en retard de phase par rapport aux cycles technologiques de l\u2019innovation, comme l\u2019IOT en 2014 (trop tard), la g\u00e9nomique (2016, bien trop tard et bien trop mal), l\u2019IA en 2017 et 2018 (trop tard \u00e9galement) ou la blockchain et les ICO (en cours, et d\u00e9j\u00e0 aussi trop tard). Ce sont presque toujours des plans de rattrapage plut\u00f4t que des plans de conqu\u00eates. En 2025, on lancera un plan informatique quantique lorsqu\u2019il sera aussi trop tard. Etc. La caract\u00e9ristique de nombre de ces plans est d\u2019arriver de mani\u00e8re contra-cyclique, comme le soul\u00e8ve bien Carlos Diaz. Ils sont trop tourn\u00e9s vers les usages au sein du march\u00e9 fran\u00e7ais. Ils ont cependant du bon lorsqu\u2019ils se focalisent sur l\u2019\u00e9ducation et l\u2019enseignement sup\u00e9rieur.<\/p>\n<p>Il ne faut d\u2019ailleurs pas trop attendre de ces plans pour le d\u00e9veloppement international de nos startups. Elles ont surtout besoin d\u2019\u00e9volutions du cadre r\u00e8glementaire g\u00e9n\u00e9ral sur la conduite des affaires, histoire de r\u00e9duire les imp\u00f4ts les plus couteux qui p\u00e8sent sur elles, l\u2019imp\u00f4t \u201ctemps\u201d et l&#8217;imp\u00f4t \u201ctracasseries administratives\u201d.<\/p>\n<p><strong>Finalement\u2026<\/strong><\/p>\n<p>Heureusement, aussi, d\u2019autres commentateurs savent voir le verre \u00e0 moiti\u00e9 plein. Nous avons Bruno Vanryb dans <a href=\"https:\/\/www.lesechos.fr\/idees-debats\/cercle\/0301159747691-quand-la-french-tech-tenait-dans-un-de-a-coudre-2146005.php\">Quand la French Tech tenait dans un d\u00e9 \u00e0 coudre\u2026<\/a> ou Jean de la Rochebouard, qui g\u00e8re le fonds Kima Ventures de Xavier Niel, dans <a href=\"https:\/\/medium.com\/kima-ventures\/prose-dun-vc-optimiste-625fe3e26601\">Prose d\u2019un VC Optimiste<\/a>.<\/p>\n<p>S\u2019il n\u2019y avait donc qu\u2019une seule chose \u00e0 retenir pour aller de l\u2019avant dans la French Tech, ce serait l\u2019international, l\u2019international et l\u2019international. Avec des produits et si possible des deep techs. Mais c\u2019est une mission sur laquelle la mission French Tech est d\u00e9j\u00e0 focalis\u00e9e. Laissons-l\u00e0 continuer ! La culture de l\u2019innovation s\u2019installe sur des cycles longs !<\/p>\n","protected":false},"excerpt":{"rendered":"<p>La French Tech est de plus en plus d\u00e9cri\u00e9e. Pour les uns, c\u2019est de la communication et du flan et la France se la joue en plastronnant un peu trop sur le dynamise de son \u00e9cosyst\u00e8me entrepreneurial. C\u2019est la th\u00e8se d\u00e9fendue par Carlos Diaz de TheRefiners, bas\u00e9 \u00e0 San Francisco, dans La fable de la [&hellip;]<\/p>\n","protected":false},"author":1,"featured_media":0,"comment_status":"open","ping_status":"open","sticky":false,"template":"","format":"standard","meta":{"footnotes":""},"categories":[21,11,7,14,10,5,36],"tags":[1391,2074,392,2971,3030,3028,3029],"class_list":["post-15620","post","type-post","status-publish","format-standard","hentry","category-entrepreneuriat","category-france","category-logiciels","category-marketing","category-startups","category-technologie","category-usa","tag-fleur-pellerin","tag-french-tech","tag-inria","tag-mounir-mahjoubi","tag-startup-nation","tag-techcity","tag-technation"],"views":34520,"_links":{"self":[{"href":"https:\/\/www.oezratty.net\/wordpress\/wp-json\/wp\/v2\/posts\/15620","targetHints":{"allow":["GET"]}}],"collection":[{"href":"https:\/\/www.oezratty.net\/wordpress\/wp-json\/wp\/v2\/posts"}],"about":[{"href":"https:\/\/www.oezratty.net\/wordpress\/wp-json\/wp\/v2\/types\/post"}],"author":[{"embeddable":true,"href":"https:\/\/www.oezratty.net\/wordpress\/wp-json\/wp\/v2\/users\/1"}],"replies":[{"embeddable":true,"href":"https:\/\/www.oezratty.net\/wordpress\/wp-json\/wp\/v2\/comments?post=15620"}],"version-history":[{"count":0,"href":"https:\/\/www.oezratty.net\/wordpress\/wp-json\/wp\/v2\/posts\/15620\/revisions"}],"wp:attachment":[{"href":"https:\/\/www.oezratty.net\/wordpress\/wp-json\/wp\/v2\/media?parent=15620"}],"wp:term":[{"taxonomy":"category","embeddable":true,"href":"https:\/\/www.oezratty.net\/wordpress\/wp-json\/wp\/v2\/categories?post=15620"},{"taxonomy":"post_tag","embeddable":true,"href":"https:\/\/www.oezratty.net\/wordpress\/wp-json\/wp\/v2\/tags?post=15620"}],"curies":[{"name":"wp","href":"https:\/\/api.w.org\/{rel}","templated":true}]}}