{"id":151,"date":"2006-12-13T01:27:08","date_gmt":"2006-12-12T23:27:08","guid":{"rendered":"http:\/\/www.oezratty.net\/wordpress\/2006\/confrence-web-30-la-connaissance\/"},"modified":"2010-10-01T16:47:33","modified_gmt":"2010-10-01T14:47:33","slug":"confrence-web-30-la-connaissance","status":"publish","type":"post","link":"https:\/\/www.oezratty.net\/wordpress\/2006\/confrence-web-30-la-connaissance\/","title":{"rendered":"Conf&eacute;rence LeWeb3 &#8211; La connaissance"},"content":{"rendered":"<p>Ce th\u00e8me a \u00e9t\u00e9 couvert de plusieurs mani\u00e8res et de fa\u00e7on fort int\u00e9ressante :<\/p>\n<p>Tout d&#8217;abord, par <strong>Hans Rosling<\/strong>, professeur sur la sant\u00e9 internationale \u00e0 Stockholm et cr\u00e9ateur de <a title=\"Site de GapMinder\" href=\"http:\/\/www.gapminder.org\/\">GapMinder<\/a>. <\/p>\n<p>Sa pr\u00e9sentation magistrale est destin\u00e9e d&#8217;abord \u00e0 nous montrer que nos id\u00e9es sur la distribution de la richesse ou&nbsp;de l&#8217;esp\u00e9rance de vie dans le monde sont pr\u00e9con\u00e7ues et d\u00e9pass\u00e9es et que nos r\u00e9f\u00e9rentiels doivent changer. Sa d\u00e9monstration s&#8217;appuie sur un logiciel g\u00e9n\u00e9rant des diagrammes anim\u00e9s d\u00e9velopp\u00e9s en Flash. Diagrammes qui exploitent des donn\u00e9es provenant d&#8217;organisations internationales comme l&#8217;ONU.<\/p>\n<p><!--more--> <\/p>\n<p><a href=\"https:\/\/www.oezratty.net\/wordpress\/wp-content\/WindowsLiveWriter\/Web3.0Lducation_12A6D\/image02.png\" atomicselection=\"true\"><img loading=\"lazy\" decoding=\"async\" style=\"border-top-width: 0px; border-left-width: 0px; border-bottom-width: 0px; border-right-width: 0px\" height=\"279\" src=\"https:\/\/www.oezratty.net\/wordpress\/wp-content\/WindowsLiveWriter\/Web3.0Lducation_12A6D\/image0_thumb.png\" width=\"269\" border=\"0\"><\/a><\/p>\n<p>Avant m\u00eame de lire la suite, allez sur le site <a href=\"http:\/\/www.gapminder.org\">http:\/\/www.gapminder.org<\/a> et lancez l&#8217;animation Flash qui est en home page ou t\u00e9l\u00e9chargez le logiciel correspondant (&#8220;Human Development Trends 2005&#8221;). Elle contient l&#8217;essentiel des messages de la pr\u00e9sentation. C&#8217;est vraiment bluffant de simplicit\u00e9.<\/p>\n<p>Pour lui, la globalisation est une bonne chose et il le d\u00e9montre par les chiffres. Ou tout du moins, la globalisation est incontournable, donc faisant en sorte d&#8217;en tirer le meilleur.<\/p>\n<p>Pour d\u00e9montrer les id\u00e9es pr\u00e9con\u00e7ues, il a mont\u00e9 un petit QCM pour ses \u00e9tudiants su\u00e9dois sur la comparaison de la mortalit\u00e9 infantile entre diff\u00e9rents pays. Les r\u00e9sultats \u00e9taient tr\u00e8s mauvais et en dessous de ceux de&nbsp;chimpanz\u00e9es qui r\u00e9pondent de mani\u00e8re al\u00e9atoire. Les professeurs su\u00e9dois ont eu de meilleurs scores, mais simplement au niveau des chimpanz\u00e9es!  <\/p>\n<p>En fait, Hans Rosling veut faire \u00e9voluer cette taxonomie entre monde occidental et le tiers monde, qui n&#8217;a plus de sens.  <\/p>\n<p>Je ne r\u00e9siste pas \u00e0 l&#8217;envie de refaire le tableau, d&#8217;autant plus que les contenus et donn\u00e9es du site GapMinder sont &#8220;open source&#8221;.  <\/p>\n<p>Sur la r\u00e9partition de la richesse, voyons son \u00e9volution et sa r\u00e9partition par continent entre 1970 et 2006:  <\/p>\n<p><a href=\"https:\/\/www.oezratty.net\/wordpress\/wp-content\/WindowsLiveWriter\/Web3.0Lducation_12A6D\/image010.png\" atomicselection=\"true\"><img loading=\"lazy\" decoding=\"async\" style=\"border-top-width: 0px; border-left-width: 0px; border-bottom-width: 0px; border-right-width: 0px\" height=\"220\" src=\"https:\/\/www.oezratty.net\/wordpress\/wp-content\/WindowsLiveWriter\/Web3.0Lducation_12A6D\/image0_thumb2.png\" width=\"315\" border=\"0\"><\/a>  <\/p>\n<p><a href=\"https:\/\/www.oezratty.net\/wordpress\/wp-content\/WindowsLiveWriter\/Web3.0Lducation_12A6D\/image011.png\" atomicselection=\"true\"><img loading=\"lazy\" decoding=\"async\" style=\"border-top-width: 0px; border-left-width: 0px; border-bottom-width: 0px; border-right-width: 0px\" height=\"220\" src=\"https:\/\/www.oezratty.net\/wordpress\/wp-content\/WindowsLiveWriter\/Web3.0Lducation_12A6D\/image0_thumb3.png\" width=\"315\" border=\"0\"><\/a>  <\/p>\n<p>Il montre que le revenu moyen s&#8217;est am\u00e9lior\u00e9 dans tous les continents et en particulier en Asie. C&#8217;est le continent africain qui est le plus en retard. A cause des guerres, h\u00e9rit\u00e9es d&#8217;un d\u00e9coupage territorial colonial ne tenant pas compte des tribus, et de la corruption. Entre autres. Les gens quittent les villages pour rejoindre les villes (il n&#8217;y a pas d&#8217;immigration ill\u00e9gale vers les villages!). L&#8217;am\u00e9lioration de la situation \u00e9conomique passe selon Hans par l&#8217;\u00e9duction, la sant\u00e9, le micro-cr\u00e9dit, les infrastructures et les droits de l&#8217;homme. Vaste programme! Et avant d&#8217;avoir des ordinateurs, il faut de l&#8217;\u00e9lectricit\u00e9. Et si l&#8217;ordinateur \u00e0 $100 de Nicholas Negroponte fonctionne avec une manivelle, ce n&#8217;est pas le cas de l&#8217;acc\u00e8s \u00e0 l&#8217;Internet!  <\/p>\n<p>Suite de la d\u00e9mo : le rapport entre le niveau de vie (PNB\/habitant) et la mortalit\u00e9 infantile. Celle-ci a bien \u00e9volu\u00e9 en 30 ans sur tous les continents, sauf en Afrique, ou le PNB\/habitant a m\u00eame r\u00e9gress\u00e9!  <\/p>\n<p><a href=\"https:\/\/www.oezratty.net\/wordpress\/wp-content\/WindowsLiveWriter\/Web3.0Lducation_12A6D\/image020.png\" atomicselection=\"true\"><img loading=\"lazy\" decoding=\"async\" style=\"border-top-width: 0px; border-left-width: 0px; border-bottom-width: 0px; border-right-width: 0px\" height=\"217\" src=\"https:\/\/www.oezratty.net\/wordpress\/wp-content\/WindowsLiveWriter\/Web3.0Lducation_12A6D\/image0_thumb6.png\" width=\"311\" border=\"0\"><\/a>  <\/p>\n<p><a href=\"https:\/\/www.oezratty.net\/wordpress\/wp-content\/WindowsLiveWriter\/Web3.0Lducation_12A6D\/image014.png\" atomicselection=\"true\"><img loading=\"lazy\" decoding=\"async\" style=\"border-top-width: 0px; border-left-width: 0px; border-bottom-width: 0px; border-right-width: 0px\" height=\"219\" src=\"https:\/\/www.oezratty.net\/wordpress\/wp-content\/WindowsLiveWriter\/Web3.0Lducation_12A6D\/image0_thumb4.png\" width=\"314\" border=\"0\"><\/a>  <\/p>\n<p>Et lorsque l&#8217;on \u00e9clate les continents en pays, on constate d&#8217;\u00e9normes diff\u00e9rences entre pays. Par exemple, entre pays arabes qui partagent pourtant une m\u00eame culture et une m\u00eame religion&#8230; (<em>NDLR: mais, semble-t-il, pas le p\u00e9trole<\/em>)!  <\/p>\n<p><a href=\"https:\/\/www.oezratty.net\/wordpress\/wp-content\/WindowsLiveWriter\/Web3.0Lducation_12A6D\/image017.png\" atomicselection=\"true\"><img loading=\"lazy\" decoding=\"async\" style=\"border-top-width: 0px; border-left-width: 0px; border-bottom-width: 0px; border-right-width: 0px\" height=\"223\" src=\"https:\/\/www.oezratty.net\/wordpress\/wp-content\/WindowsLiveWriter\/Web3.0Lducation_12A6D\/image0_thumb5.png\" width=\"318\" border=\"0\"><\/a>  <\/p>\n<p>La structure de la famille a \u00e9norm\u00e9ment \u00e9volu\u00e9. On est pass\u00e9 dans les pays pauvres de grandes familles avec une vie courte \u00e0 de petites familles avec des vies plus longues. Il y a une corr\u00e9lation entre la taille des famille (faible) et l&#8217;esp\u00e9rance de vie (longue). En fait, la globalisation a \u00e9t\u00e9 g\u00e9n\u00e9r\u00e9e selon Hans par des \u00e9volutions d\u00e9mographiques et pour lui, la population va d&#8217;ailleurs tendre \u00e0 se stabiliser au gr\u00e9 de l&#8217;enrichissement des pays. Et de s&#8217;appuyer sur l&#8217;\u00e9volution (un peu simpliste au demeurant) de la structure familiale au travers des \u00e2ges (qui ne tient pas compte de la polygamie):  <\/p>\n<p><a href=\"https:\/\/www.oezratty.net\/wordpress\/wp-content\/WindowsLiveWriter\/Web3.0Lducation_12A6D\/image021.png\" atomicselection=\"true\"><img loading=\"lazy\" decoding=\"async\" style=\"border-top-width: 0px; border-left-width: 0px; border-bottom-width: 0px; border-right-width: 0px\" height=\"202\" src=\"https:\/\/www.oezratty.net\/wordpress\/wp-content\/WindowsLiveWriter\/Web3.0Lducation_12A6D\/image0_thumb7.png\" width=\"313\" border=\"0\"><\/a>  <\/p>\n<p>La modernisation de l&#8217;habitat, de la chambre, de la salle de bain et de la cuisine ont \u00e9t\u00e9 les facteurs cl\u00e9s d&#8217;am\u00e9lioration de la sant\u00e9 dans le monde. Elles ont selon lui pr\u00e9c\u00e9d\u00e9 la globalisation \u00e9conomique dont on parle aujourd&#8217;hui. En fait, selon le pays, la progression de la sant\u00e9 a pr\u00e9c\u00e9d\u00e9 (Chine) ou pas (Egypte) celle de l&#8217;\u00e9conomie.  <\/p>\n<p>Les gens pauvres ne se pr\u00e9occupent pas beaucoup de la pollution par le CO2 car ils n&#8217;ont m\u00eame pas la sant\u00e9 et les basiques de la vie. Avec l&#8217;enrichissement de l&#8217;ensemble des continents, cette pr\u00e9occupation va \u00e0 la fois augmenter, la population se stabiliser, et le probl\u00e8me \u00eatre plus directement trait\u00e9. Ph\u00e9nom\u00e8ne de poule et d&#8217;oeuf assez int\u00e9ressant!  <\/p>\n<p>Pourquoi ai-je donc mis cette pr\u00e9sentation de Hans Rosling dans la cat\u00e9gorie de la connaissance? Parce que son message \u00e9tait le suivant : nos id\u00e9es sont pr\u00e9con\u00e7ues sur les \u00e9volutions macro-\u00e9conomiques du monde. Il nous faut disposer de donn\u00e9es accessibles pour comprendre cela. <strong>Apr\u00e8s l&#8217;open source et&nbsp;l&#8217;open content, il milite pour l&#8217;open data<\/strong>. Donc, faire en sorte que les donn\u00e9es qui dorment dans les bases de l&#8217;ONU et autres organisations nationales et internationales soient publiques et exploitables (<em>j&#8217;appr\u00e9cierai de mon c\u00f4t\u00e9 un benchmark raisonn\u00e9 du nombre de fonctionnaire\/habitant et par cat\u00e9gorie de fonctionnaire<\/em>).  <\/p>\n<p>Les trottoirs sont gratuits, les donn\u00e9es (publiques) devraient l&#8217;\u00eatre \u00e9galement!  <\/p>\n<p>L&#8217;orateur a eu droit \u00e0 l&#8217;une des deux standing ovations de la conf\u00e9rence, avec Shimon Peres, je crois. C&#8217;\u00e9tait bien m\u00e9rit\u00e9!  <\/p>\n<p>===========================  <\/p>\n<p><img decoding=\"async\" src=\"http:\/\/www.ideas-empresariales.com\/71\/dibujos\/enriquedans.jpg\">  <\/p>\n<p>J&#8217;en viens maintenant \u00e0 la seconde pr\u00e9sentation int\u00e9ressante dans le domaine de la connaissance, celle d&#8217;<strong><a href=\"http:\/\/www.enriquedans.com\">Enrique Dans<\/a><\/strong>, un professeur d&#8217;universit\u00e9 espagnol (<em>photo ci-dessus<\/em>).  <\/p>\n<p>Il d\u00e9crit les changements que l&#8217;Internet et les nouvelles technologies devraient introduire dans les m\u00e9thodes p\u00e9dagogiques, \u00e0 contre courant de ce qui se fait en ce moment.  <\/p>\n<p>Partant d&#8217;une d\u00e9monstration par l&#8217;absurde bas\u00e9e sur le sc\u00e9nario des films Matrix, voudrions-nous remplir automatiquement notre cerveau avec de la connaissance (pratiques des arts martiaux dans le cas de Neo)? L&#8217;\u00e9ducation est-elle juste une affaire d&#8217;upload dans le cerveau? Ben non&#8230;  <\/p>\n<p>Les \u00e9volutions graduelles des technologies nous ont amen\u00e9 \u00e0 une situation qui d\u00e9passe le progr\u00e8s des outils (traitement de texte, tableur, acc\u00e8s \u00e0 l&#8217;information, communication): les jeunes sont des &#8220;citoyens du web&#8221;, ils ont une pr\u00e9sence, une r\u00e9putation, une capacit\u00e9 d&#8217;expression, des r\u00e8gles du jeu de cette vie dans le monde virtuel.  <\/p>\n<p>L&#8217;enseignement est devenu une forme de communication: elle est bidirectionnelle, n\u00e9cessite de bons facilitateurs, de l&#8217;ouverture, de la&nbsp; conversation plus que de l&#8217;expos\u00e9 magistral. C&#8217;est d&#8217;autant plus n\u00e9cessaire que l&#8217;information est devenu une commodit\u00e9 du fait de l&#8217;Internet.  <\/p>\n<p>Pour Enrique, l&#8217;enseignement en ligne est r\u00e9alis\u00e9 de la mauvaise fa\u00e7on. C&#8217;est en g\u00e9n\u00e9ral juste un moyen de r\u00e9pliquer l&#8217;enseignement pour pas cher et facilement.  <\/p>\n<p>Quelques cr\u00e9dos d&#8217;Enrique pour l&#8217;enseignement moderne:  <\/p>\n<ul>\n<li>Passer de l&#8217;assimilation de contenus \u00e0 la d\u00e9finition d&#8217;objectifs.\n<li>De l&#8217;unidirectionnel au r\u00e9seau\n<li>Du prof aux \u00e9l\u00e8ves&#8230; et dans l&#8217;autre sens\n<li>Les profs deviennent des &#8220;super-noeuds&#8221; (supernodes).\n<li>Evaluer les \u00e9tudiants selon le degr\u00e9 de leur activit\u00e9 en ligne (en plus du reste).<\/li>\n<\/ul>\n<p>C&#8217;est raffraichissant! Et correspond \u00e0 mon observation personnelle, moi qui enseigne dans les grandes \u00e9coles (sur les strat\u00e9gies de l&#8217;innovation, entre autres).  <\/p>\n<p>=======================  <\/p>\n<p>Bon, on a eu aussi droit \u00e0 un d\u00e9bat sur l&#8217;open source, avec notamment Tristan Nitot de la Fondation Mozilla, qui m&#8217;a plus impressionn\u00e9 par son anglais impeccable que par son propos qui reprenait les canons \u00e9cul\u00e9s de l&#8217;open source. La question \u00e9tait de savoir si l&#8217;open source devenait commercial. Oui, par le biais des services. Mais on le savait d\u00e9j\u00e0.  <\/p>\n<p>Ce qui est agacant, c&#8217;est de voir qu&#8217;il est difficile de comprendre la dynamique globale de la cr\u00e9ation de logiciels et les limites du mod\u00e8le de l&#8217;open source. O\u00f9 va-t-il s&#8217;arr\u00eater? Peut-on consid\u00e9rer que dans la concurrence mondiale actuelle, on doit consid\u00e9rer que tout ce qui est immat\u00e9riel est dans le domaine public et que seule l&#8217;\u00e9conomie des services doit permettre aux entreprises de prosp\u00e9rer? C&#8217;est une vision certainement utopique. La cr\u00e9ation de valeur dans l&#8217;immat\u00e9riel est strat\u00e9gique pour notre \u00e9conomie et il faut donc se garder de d\u00e9couper la branche sur laquelle notre d\u00e9veloppement futur doit se construire!<\/p>\n","protected":false},"excerpt":{"rendered":"<p>Ce th\u00e8me a \u00e9t\u00e9 couvert de plusieurs mani\u00e8res et de fa\u00e7on fort int\u00e9ressante : Tout d&#8217;abord, par Hans Rosling, professeur sur la sant\u00e9 internationale \u00e0 Stockholm et cr\u00e9ateur de GapMinder. Sa pr\u00e9sentation magistrale est destin\u00e9e d&#8217;abord \u00e0 nous montrer que nos id\u00e9es sur la distribution de la richesse ou&nbsp;de l&#8217;esp\u00e9rance de vie dans le monde [&hellip;]<\/p>\n","protected":false},"author":1,"featured_media":0,"comment_status":"open","ping_status":"open","sticky":false,"template":"","format":"standard","meta":{"footnotes":""},"categories":[4,773],"tags":[],"class_list":["post-151","post","type-post","status-publish","format-standard","hentry","category-actualites","category-leweb-actualites"],"views":15589,"_links":{"self":[{"href":"https:\/\/www.oezratty.net\/wordpress\/wp-json\/wp\/v2\/posts\/151","targetHints":{"allow":["GET"]}}],"collection":[{"href":"https:\/\/www.oezratty.net\/wordpress\/wp-json\/wp\/v2\/posts"}],"about":[{"href":"https:\/\/www.oezratty.net\/wordpress\/wp-json\/wp\/v2\/types\/post"}],"author":[{"embeddable":true,"href":"https:\/\/www.oezratty.net\/wordpress\/wp-json\/wp\/v2\/users\/1"}],"replies":[{"embeddable":true,"href":"https:\/\/www.oezratty.net\/wordpress\/wp-json\/wp\/v2\/comments?post=151"}],"version-history":[{"count":0,"href":"https:\/\/www.oezratty.net\/wordpress\/wp-json\/wp\/v2\/posts\/151\/revisions"}],"wp:attachment":[{"href":"https:\/\/www.oezratty.net\/wordpress\/wp-json\/wp\/v2\/media?parent=151"}],"wp:term":[{"taxonomy":"category","embeddable":true,"href":"https:\/\/www.oezratty.net\/wordpress\/wp-json\/wp\/v2\/categories?post=151"},{"taxonomy":"post_tag","embeddable":true,"href":"https:\/\/www.oezratty.net\/wordpress\/wp-json\/wp\/v2\/tags?post=151"}],"curies":[{"name":"wp","href":"https:\/\/api.w.org\/{rel}","templated":true}]}}