{"id":14060,"date":"2017-01-09T20:01:30","date_gmt":"2017-01-09T18:01:30","guid":{"rendered":"http:\/\/www.oezratty.net\/wordpress\/?p=14060"},"modified":"2017-01-24T16:46:46","modified_gmt":"2017-01-24T14:46:46","slug":"premiers-retours-du-ces-2017","status":"publish","type":"post","link":"https:\/\/www.oezratty.net\/wordpress\/2017\/premiers-retours-du-ces-2017\/","title":{"rendered":"Premiers retours du CES 2017"},"content":{"rendered":"<p>Il n\u2019y a jamais de nouvelle tendance au CES ! On ne peut qu\u2019y constater soit une amplification, soit une att\u00e9nuation des tendances existantes qui ont marqu\u00e9 l\u2019ann\u00e9e pass\u00e9e. D\u2019o\u00f9 l\u2019\u00e9tonnement de ceux qui sont d\u00e9\u00e7us de ne pas d\u00e9couvrir au CES de r\u00e9volution du niveau de celle de la sortie de l\u2019iPhone en 2007. Mais le CES reste un point de convergence de l\u2019industrie qui n\u2019a pas v\u00e9ritablement d\u2019\u00e9quivalent dans le monde. On y constate les ph\u00e9nom\u00e8nes de suivisme, notamment des PME et grandes entreprises chinoises qui servent de ludion des tendances de la demande des consommateurs.<\/p>\n<p>Ce salon incarne tous les exc\u00e8s de l\u2019industrie des loisirs num\u00e9riques. Comme on peut y d\u00e9couvrir une bonne partie de l\u2019offre et des nouveaut\u00e9s ou prototypes, cela frise l\u2019overdose. Ces d\u00e9lires technologiques sont encore plus \u00e9tourdissants que d\u2019habitude. Les tendances simultan\u00e9es s\u2019accumulent les unes aux autres et elles sont de plus en plus difficiles \u00e0 d\u00e9crypter et classifier.<\/p>\n<p>Au CES, on entend aussi bien parler d\u2019objets connect\u00e9s en tout genre (qui se vendent plus ou moins selon les cat\u00e9gories, et qui pullulent dans la zone Eureka d\u00e9di\u00e9e aux startups), d\u2019objets non connect\u00e9s divers (comme ces nombreux syst\u00e8mes d\u2019hydrog\u00e9nation de l\u2019eau), de r\u00e9alit\u00e9 augment\u00e9e ou virtuelle (mise \u00e0 toutes les sauces, surtout pour le jeu vid\u00e9o), de 5G (d\u00e9montr\u00e9e chez <b>Qualcomm<\/b> ou ailleurs, mais pr\u00e9vue commercialement en 2020), de voiture automatique (qui progresse d\u2019ann\u00e9e en ann\u00e9e et sera probablement d\u00e9ploy\u00e9e \u00e0 grande \u00e9chelle apr\u00e8s 2020), de Blockchain (cens\u00e9e r\u00e9volutionner toute l\u2019\u00e9conomie des transactions et des services), de TV 4K (qui se vendent, mais qui manquent encore de contenus) que de la cloudification de tous les contenus (TV, donn\u00e9es, musique, \u2026) ou encore, d\u2019audio haute r\u00e9solution ou multicanal.<\/p>\n<div class='pfimgcont' id = 'pfimg-pfs1' style='background-color:transparent;border-color:transparent;'><div class=\"flowimgcont\" style=\"margin-left:3px;margin-right:3px;margin-bottom:3px;margin-top:3px;text-align:left;;\"><div class=\"flowimgone imgdescm flownoborder\" style=\"width:450px;height:300px;line-height:0;\"><a href=\"https:\/\/www.oezratty.net\/wordpress\/photos\/?g=2017&amp;a=CES%202017&amp;o=Las%20Vegas%20Trump%20Tower.jpg&amp;dm=on&amp;ph=Las%20Vegas%2F\" target='_blank'><img decoding=\"async\" class='flowimg' src=\"https:\/\/www.oezratty.net\/wordpress\/wp-content\/photo-albums\/2017\/CES%202017\/Las%20Vegas\/Las%20Vegas%20Trump%20Tower.jpg?ts=1484666185\" style=\"width:450px;height:300px;margin-top:0px !important;line-height:0;\" alt='flow'  ><\/a><\/div><\/div><\/div><script>$(document).ready( function() { pfnavw.pfslug = \"https:\/\/www.oezratty.net\/wordpress\/wp-content\/photo-albums\";pfnavw.pfslugc = \"https:\/\/www.oezratty.net\/wordpress\/wp-content\/photo-cache\";pfnavw.st = \"\";pfnavw.pfplug = \"https:\/\/www.oezratty.net\/wordpress\/photos\/\";pfnavw.nbrimg['pfs1'] = 2;pfnavw.istouch = false;pfnavw.issmart = false;pfnavw.imgcont['pfs1'] = 'flowimgcont';pfnavw.isadmin = 0;pfnavw.pfpluginurl  = \"https:\/\/www.oezratty.net\/wordpress\/wp-content\/plugins\/photo-folders\/\";$('.pftexthi').css('color', '#2580a2');});<\/script>\n<p>C\u2019est un puzzle g\u00e9ant. Notre intuition nous laisse parfois croire que l\u2019on a tout compris, qu\u2019il est parfaitement assembl\u00e9 et que chacun saura quoi en faire. Mais ces certitudes sont sans cesse remises en question. Une nouvelle technologie, un nouveau produit ou un nouveau standard remplace les pr\u00e9c\u00e9dents. Une th\u00e9matique qui avait le vent en poupe l\u2019ann\u00e9e pr\u00e9c\u00e9dente ou avant est d\u00e9j\u00e0 dans le d\u00e9clin comme les hoverboards, l\u2019impression 3D grand public ou la TV 3D.<\/p>\n<p>Qui plus est, le CES est aussi le salon du \u00ab smoke and mirror \u00bb dans la ville qui h\u00e9berge les plus grands spectacles de magie du monde. Nombre d\u2019exposants mentent aussi comme des vendeurs d\u2019\u00e9lixirs miracles sur la r\u00e9alit\u00e9 technologique ou m\u00eame d\u2019usage de leur offre.<\/p>\n<p>Certains produits pr\u00e9sent\u00e9s sont des prototypes pas du tout secs qui ne seront parfois jamais commercialis\u00e9s. La question est d\u2019anticiper le pourquoi : parce que cela ne marche pas, parce que cela ne peut pas marcher, parce qu\u2019il n\u2019y a pas de besoin, parce que la technologie est difficilement industrialisable \u00e0 un co\u00fbt raisonnable, ou, pour une startup, parce qu\u2019elle n\u2019arrivera pas \u00e0 se financer pour une des raisons pr\u00e9c\u00e9dentes.<\/p>\n<p>Il se d\u00e9gage du CES 2017 une impression mitig\u00e9e entre les produits que l\u2019on pourrait d\u00e9sirer, ceux qui font sourire, et ceux qui ne font ni sourire, ni se font d\u00e9sirer. C\u2019est surtout la foire de l\u2019inutile et de l\u2019accessoire. Mais derri\u00e8re cette foire qui attire l\u2019attention des m\u00e9dias se jouent des batailles industrielles hom\u00e9riques, surtout \u00e0 l\u2019\u00e9chelle des grandes plateformes mat\u00e9rielles et logicielles. Le CES permet de jauger des forces des uns et des autres, via le d\u00e9ploiement de leurs \u00e9cosyst\u00e8mes. Ils se situent notamment au niveau des processeurs, des syst\u00e8mes d\u2019exploitation et des protocoles de r\u00e9seaux domestiques.<\/p>\n<p>Qui plus est, l\u2019adoption des technologies pr\u00e9sent\u00e9es ne suit pas un cycle classique. Certaines sont mises en avant comme \u00e9tant l\u2019apanage du grand public alors qu\u2019elles sont en fait d\u2019abord d\u00e9ploy\u00e9es dans les entreprises car c\u2019est l\u00e0 qu\u2019elles sont les plus utiles. C\u2019est notamment le cas des imprimantes 3D.<\/p>\n<p>C\u2019est donc sans grande surprise que l\u2019on pouvait \u00eatre abreuv\u00e9 jusqu\u2019\u00e0 plus soif sur ce CES 2017 de d\u00e9monstrations de <b>r\u00e9alit\u00e9 augment\u00e9e et virtuelle<\/b>. Et m\u00eame jusqu\u2019\u00e0 la lie car ce d\u00e9lire marketing d\u00e9passe l\u2019entendement tellement il g\u00e9n\u00e8re un ph\u00e9nom\u00e8ne de suivisme ! <b>Intel<\/b> en a fait l\u2019\u00e9l\u00e9ment cl\u00e9 de son discours marketing sur son stand et depuis la sortie de ses derniers processeurs de la s\u00e9rie Kaby Lake. Les accessoires de VR fleurissent de toute part et sont parfois d\u00e9lirants avec un potentiel d\u2019usage qui ne semble pas aussi grand que les smartphones. M\u00eame si les id\u00e9es ne manquent pas dans le tourisme, l\u2019immobilier, la sant\u00e9 ou les jeux vid\u00e9os.<\/p>\n<p>Le second th\u00e8me dominant est tout ce qui touche \u00e0 l\u2019<b>intelligence artificielle<\/b>. Elle est mise \u00e0 toutes les sauces : dans les nombreuses solutions de commande vocale tout comme dans l\u2019outillage de la voiture \u00e0 conduite automatique que l\u2019on observe et on attend comme Godot. Elle est saupoudr\u00e9e comme une poudre de perlimpinpin pour valoriser des solutions logicielles d\u2019objets connect\u00e9s cens\u00e9es s\u2019adapter automatiquement \u00e0 nos comportements et envies. C\u2019est le th\u00e8me de la personnalisation, largement survendu au vu des r\u00e9sultats.<\/p>\n<p>Enfin, la pr\u00e9sence fran\u00e7aise a encore augment\u00e9 cette ann\u00e9e au CES. Et pas seulement au niveau des exposants. C\u2019en est m\u00eame devenu un peu d\u00e9lirant et caricatural comme nous le verrons plus loin en d\u00e9tails, notamment au niveau de la pr\u00e9sence politique.<\/p>\n<p><strong>L\u2019intelligence artificielle mise \u00e0 toutes les sauces<\/strong><\/p>\n<p>Les produits pr\u00e9sent\u00e9s au CES ont souvent des ingr\u00e9dients communs : du logiciel, des \u00e9crans, des composants \u00e9lectroniques, des capteurs divers, de la connectivit\u00e9 et des ressources dans le cloud.<\/p>\n<p>Elles s\u2019appuient le plus souvent sur une combinaison de logiciels, mat\u00e9riels et surtout, donn\u00e9es. Plus les jeux de donn\u00e9es qui entrainent les syst\u00e8mes d\u2019IA sont abondants, meilleurs ils seront.<\/p>\n<p>Dans la pratique, on retrouve surtout l\u2019IA dans la reconnaissance de la parole incarn\u00e9e par Amazon <b>Echo<\/b>, Google <b>Home<\/b>, Apple <b>Siri<\/b> et Microsoft <b>Cortana<\/b> et qui apparait dans tout un tas d\u2019objets, des lampes de <b>General Electric<\/b> aux montres connect\u00e9es, et celle des images, utilis\u00e9e aussi bien pour la vid\u00e9osurveillance avec une <b>Nest Cam<\/b> que pour les v\u00e9hicules \u00e0 conduite automatique chez tous les constructeurs et \u00e9quipementiers automobiles. Sur ce CES 2017, <b>Amazon<\/b> Alexa dominait nettement, \u00e9tant support\u00e9 par un nombre incalculable d\u2019objets connect\u00e9s.<\/p>\n<p>Au CES 2016, <b>Nvidia<\/b> avait d\u00e9j\u00e0 tr\u00e8s bien communiqu\u00e9 sur la question comme \u00e9voqu\u00e9 dans le dernier Rapport CES 2016. IL est revenu \u00e0 la charge en 2017. On trouve m\u00eame de l\u2019IA dans la brosse \u00e0 dents connect\u00e9e de <b>Kolibree<\/b> ! De grandes marques comme <b>LG Electronics<\/b> ont plac\u00e9 l\u2019ensemble de leur offre existante et \u00e0 venir sous le label SmartThinQ, li\u00e9 aux techniques d\u2019IA, sans d\u2019ailleurs que le r\u00e9sultat soit bluffant.<\/p>\n<p>Les robots conversationnels Echo, Home et Siri transforment profond\u00e9ment la notion m\u00eame d\u2019application mobile. Ils se d\u00e9brouillent pour trouver la solution \u00e0 nos questions sans que l\u2019on ait besoin de faire de recherches dans un magasin de deux milliards d\u2019applications. Les d\u00e9veloppeurs continuent de cr\u00e9er des applications avec des SDK, mais la notion m\u00eame d\u2019application s\u2019efface derri\u00e8re celle de la conversation. Cela a tendance \u00e0 encore renforcer le sacro-saint pouvoir des plateformes qui, l\u00e0 encore, sont sous le contr\u00f4le des GAFAM.<\/p>\n<p>L\u2019IA est \u00e9galement exploit\u00e9e par certaines solutions de cybers\u00e9curit\u00e9, dans la maison intelligente tout comme dans la sant\u00e9. On la retrouve aussi naturellement int\u00e9gr\u00e9e dans divers robots tels le Buddy du fran\u00e7ais <b>Blue Frog Robotics <\/b>ou celui d\u2019une autre startup fran\u00e7aise pr\u00e9sente au CES,<b> Hease<\/b>. Ces robots pr\u00e9tendent m\u00eame capter nos \u00e9motions, gr\u00e2ce \u00e0 la magie d\u2019algorithmes qui savent d\u00e9tecter les mimiques de nos visages et de capteurs qui \u00e9valuent notre rythme cardiaque \u00e0 distance. Ces syst\u00e8mes qui cherchent \u00e0 d\u00e9tecter des \u00e9motions ont cependant quelques difficult\u00e9s \u00e0 en \u00e9mettre. Certes, Amazon Echo et son IA en cloud Alexa peut d\u00e9tecter l\u2019agacement de son utilisateur et s\u2019excuser de ses imperfections. D\u2019autres solutions essayent d\u2019injecter un peu d\u2019humour, ce qui fonctionne bien tant qu\u2019il est al\u00e9atoire, \u00e0 propos et pas trop r\u00e9p\u00e9titif.<\/p>\n<div class='pfimgcont' id = 'pfimg-pfs1' style='background-color:transparent;border-color:transparent;'><div class=\"flowimgcont\" style=\"margin-left:3px;margin-right:3px;margin-bottom:3px;margin-top:3px;text-align:left;;\"><div class=\"flowimgone imgdescm flownoborder\" style=\"width:450px;height:300px;line-height:0;\"><a href=\"https:\/\/www.oezratty.net\/wordpress\/photos\/?g=2017&amp;a=CES%202017&amp;o=Robot%20chinois.jpg&amp;dm=on&amp;ph=Robots%2F\" target='_blank'><img decoding=\"async\" class='flowimg' src=\"https:\/\/www.oezratty.net\/wordpress\/wp-content\/photo-albums\/2017\/CES%202017\/Robots\/Robot%20chinois.jpg?ts=1484153138\" style=\"width:450px;height:300px;margin-top:0px !important;line-height:0;\" alt='flow'  ><\/a><\/div><\/div><\/div><script>$(document).ready( function() { pfnavw.pfslug = \"https:\/\/www.oezratty.net\/wordpress\/wp-content\/photo-albums\";pfnavw.pfslugc = \"https:\/\/www.oezratty.net\/wordpress\/wp-content\/photo-cache\";pfnavw.st = \"\";pfnavw.pfplug = \"https:\/\/www.oezratty.net\/wordpress\/photos\/\";pfnavw.nbrimg['pfs1'] = 2;pfnavw.istouch = false;pfnavw.issmart = false;pfnavw.imgcont['pfs1'] = 'flowimgcont';pfnavw.isadmin = 0;pfnavw.pfpluginurl  = \"https:\/\/www.oezratty.net\/wordpress\/wp-content\/plugins\/photo-folders\/\";$('.pftexthi').css('color', '#2580a2');});<\/script>\n<p>Si nos textes peuvent \u00eatre analys\u00e9s pour identifier nos traits de personnalit\u00e9s, ce que r\u00e9alise la startup am\u00e9ricaine <b>Dotin<\/b>, la voix peut l\u2019\u00eatre tout autant. La startup fran\u00e7aise <b>Batvoice<\/b> identifie nos \u00e9motions dans la voix. C\u2019est pour l\u2019instant commercialis\u00e9 aupr\u00e8s de centres d\u2019appels mais les usages sont plus larges. Une autre du m\u00eame genre, <b>VoiceVibes<\/b>, vous sert de coach pour am\u00e9liorer vos pratiques de prise de parole en public en analysant le timbre de votre voix ainsi que les variations d\u2019intonation et la ponctuation orale.<\/p>\n<p>Dans la pratique, l\u2019IA \u00e9tait omnipr\u00e9sente dans les discours mais pas tant que cela dans la pratique sur le salon. L\u2019une des raisons est qu\u2019elle est difficile \u00e0 d\u00e9montrer, surtout dans les environnements bruyants. Aucun robot n\u2019est capable d\u2019entrer v\u00e9ritablement en conversation, surtout les robots chinois qui ne sont souvent que des carcasses m\u00e9caniques roulantes ou pas.<\/p>\n<p>L\u2019IA qui envahit les produits grand public soul\u00e8ve \u00e9videmment plein de questions. Que deviennent les donn\u00e9es qu\u2019elles captent ? Comment est-elle s\u00e9curis\u00e9e ? Et aussi, plus prosaiquement, comment comparer les produits ? Le niveau d\u2019interaction avec l\u2019utilisateur est rarement d\u00e9taill\u00e9 sur l\u2019\u00e9tiquette ! Cela va remettre en cause le travail des journalistes, bloggeurs geeks et autres testeurs professionnels ! On attend une \u00e9chelle de Richter de l\u2019interactivit\u00e9 !<\/p>\n<p><strong>Les objets connect\u00e9s dominent le salon<\/strong><\/p>\n<p>Le Rapport du CES contient une grande rubrique sur les objets connect\u00e9s depuis l\u2019\u00e9dition de 2014. Elle faisait \u00e0 l\u2019\u00e9poque 35 pages et consolidait diverses rubriques des \u00e9ditions pr\u00e9c\u00e9dentes, dont une rubrique \u201cLifestyle\u201d qui couvrait notamment les produits de la maison intelligente. Les objets connect\u00e9s ont toujours exist\u00e9 au CES. Ce sont les moyens de la connectivit\u00e9 qui ont \u00e9volu\u00e9 et surtout les usages et march\u00e9s cibles. Dans cette \u00e9dition, la rubrique des objets connect\u00e9s fait plus de <b>60 pages<\/b>. Une augmentation t\u00e9moignant de la diversit\u00e9 des solutions propos\u00e9es et aussi, des effets de suivisme.<\/p>\n<p>Cette ann\u00e9e, les <b>wearables<\/b> \u00e9voluent avec d\u2019une part, une l\u00e9g\u00e8re d\u00e9crue du ph\u00e9nom\u00e8ne des montres connect\u00e9es et des trackers sportifs, toujours autant de trackers de g\u00e9olocalisation d\u2019objets et de personnes, et d\u2019autre part, une orgie de solutions de r\u00e9alit\u00e9 augment\u00e9e et virtuelle.<\/p>\n<p>Les sports ont aussi la part belle, avec comme relatifs nouveaux terrains de jeu, ceux de l\u2019<b>\u00e9quitation<\/b> et de la <b>natation<\/b>. Ils permettent \u00e0 de nombreuses soci\u00e9t\u00e9s \u00e9tablies comme <b>Fitbit,<\/b> <b>Garmin<\/b> ou le fran\u00e7ais <b>PIQ<\/b> d\u2019adopter une approche du march\u00e9 hypersegment\u00e9e.<\/p>\n<p>L\u2019\u00e9quipement de la maison s\u2019enrichit avec un grand nombre de solutions vous permettant de <b>mieux dormir<\/b>, surtout si votre conjoint est un gros ronfleur qui sera secou\u00e9 par bracelets vibrants et oreillers gonflables. Il y a aussi toujours autant de solutions pour <b>surveiller vos b\u00e9b\u00e9s<\/b> \u00e0 distance et pour <b>faire sa cuisine<\/b>, dont la premi\u00e8re louche connect\u00e9e vue chez<b> iCuisine<\/b>. On trouve encore des frigos connect\u00e9s \u00e0 \u00e9crans chez <strong>LG Electronics<\/strong>, une tr\u00e8s vieille rengaine au CES depuis des ann\u00e9es.<\/p>\n<p>Le secteur de la <b>sant\u00e9<\/b> et du <b>bien \u00eatre<\/b> est tout aussi investi par les objets connect\u00e9s, qui se rapprochent inexorablement de la cat\u00e9gorie des dispositifs m\u00e9dicaux, notamment pour le suivi des maladies chroniques telles que le diab\u00e8te type 2 ou 1 qui sont au top des march\u00e9s cibles de la e-sant\u00e9. C\u2019est le cas du capteur de glyc\u00e9mie en continu de <b>PKparis<\/b> qui \u00e9tait lanc\u00e9 au CES 2017. Les pathologies cardiovasculaires et neurod\u00e9g\u00e9n\u00e9ratives sont toujours autant cibl\u00e9es. On pouvait d\u00e9couvrir des objets connect\u00e9s controvers\u00e9s comme le Slim Massage Coach, le syst\u00e8me de massage portable et connect\u00e9 d\u2019<strong>Elancyl<\/strong> qui permet aux femmes de lutter contre la cellulite et a \u00e9t\u00e9 r\u00e9alis\u00e9 avec Joshfire ainsi que la brosse \u00e0 cheveux connect\u00e9e de <strong>K\u00e9rastase<\/strong> qui utilise un microphone, des capteurs de force, un acc\u00e9l\u00e9ro\/gyro et un capteur de conductivit\u00e9 pour d\u00e9tecter l\u2019\u00e9tat des cheveux et prodiguer des recommandations sur le brossage. La brosse a \u00e9t\u00e9 r\u00e9alis\u00e9e avec l\u2019aide de <strong>Withings<\/strong>.<\/p>\n<div class='pfimgcont' id = 'pfimg-pfs1' style='background-color:transparent;border-color:transparent;'><div class=\"flowimgcont\" style=\"margin-left:3px;margin-right:3px;margin-bottom:3px;margin-top:3px;text-align:left;;\"><div class=\"flowimgone imgdescm flownoborder\" style=\"width:450px;height:300px;line-height:0;\"><a href=\"https:\/\/www.oezratty.net\/wordpress\/photos\/?g=2017&amp;a=CES%202017&amp;o=Elancyl.jpg&amp;dm=on&amp;ph=Objets%20connect%C3%A9s%2F\" target='_blank'><img decoding=\"async\" class='flowimg' src=\"https:\/\/www.oezratty.net\/wordpress\/wp-content\/photo-albums\/2017\/CES%202017\/Objets%20connect%E9s\/Elancyl.jpg?ts=1484666238\" style=\"width:450px;height:300px;margin-top:0px !important;line-height:0;\" alt='flow'  ><\/a><\/div><\/div><\/div><script>$(document).ready( function() { pfnavw.pfslug = \"https:\/\/www.oezratty.net\/wordpress\/wp-content\/photo-albums\";pfnavw.pfslugc = \"https:\/\/www.oezratty.net\/wordpress\/wp-content\/photo-cache\";pfnavw.st = \"\";pfnavw.pfplug = \"https:\/\/www.oezratty.net\/wordpress\/photos\/\";pfnavw.nbrimg['pfs1'] = 2;pfnavw.istouch = false;pfnavw.issmart = false;pfnavw.imgcont['pfs1'] = 'flowimgcont';pfnavw.isadmin = 0;pfnavw.pfpluginurl  = \"https:\/\/www.oezratty.net\/wordpress\/wp-content\/plugins\/photo-folders\/\";$('.pftexthi').css('color', '#2580a2');});<\/script>\n<p>On fantasme encore sur la g\u00e9n\u00e9ralisation de la <b>m\u00e9decine personnalis\u00e9e<\/b> en fonction du s\u00e9quen\u00e7age de son ADN. Dans la pratique, cela aboutit \u00e0 une vision statistique de la sant\u00e9, qui dit que vos chances de gu\u00e9rir de telle pathologie multifactorielle tel un cancer sont de x% en fonction de dizaines de param\u00e8tres. Sans garantie aucune ! Dans la pratique, les solutions d\u00e9mocratis\u00e9es de sant\u00e9 int\u00e9gr\u00e9e permettent le suivi de param\u00e8tres tr\u00e8s basiques (ECG, tension, poids).<\/p>\n<p>Et puis, bien s\u00fbr, vous avez la panoplie infinie des solutions de <b>gestion du confort<\/b> et de votre <b>s\u00e9curit\u00e9<\/b> associant thermostats connect\u00e9s, ouvertures connect\u00e9es, \u00e9clairage connect\u00e9 et vid\u00e9osurveillance. Elles ne m\u2019ont jamais vraiment passionn\u00e9 et vous le savez, quel que soit le design des dits thermostats ou des stations de contr\u00f4le de la maison connect\u00e9e, que l\u2019on \u00e9vite d\u2019appeler domotique pour \u00e9viter la ringardisation absolue. Mais leur march\u00e9 est tout de m\u00eame en croissance, m\u00eame si celle-ci est toujours plus lente que les esp\u00e9rances.<\/p>\n<div class='pfimgcont' id = 'pfimg-pfs1' style='background-color:transparent;border-color:transparent;'><div class=\"flowimgcont\" style=\"margin-left:3px;margin-right:3px;text-align:left;;\"><div class=\"flowimgone imgdescm flownoborder\" style=\"width:450px;height:300px;line-height:0;\"><a href=\"https:\/\/www.oezratty.net\/wordpress\/photos\/?g=2017&amp;a=CES%202017&amp;o=Memonic.jpg&amp;dm=on\" target='_blank'><img decoding=\"async\" class='flowimg' src=\"https:\/\/www.oezratty.net\/wordpress\/wp-content\/photo-albums\/2017\/CES%202017\/Memonic.jpg?ts=1483981782\" style=\"width:450px;height:300px;margin-top:0px !important;line-height:0;\" alt='flow'  ><\/a><\/div><br><div   style=\"width: 450px;margin-bottom:14px;\"  class=\"flowimgt imgdescm\" ><div class='imgdescs flowdesc' title=\"L&#039;objet connect&eacute; gadget qui ne sert &agrave; rien : une imprimante &agrave; post-it. Histoire de vous rassurer un peu, ce n&#039;est pas fran&ccedil;ais !\">L'objet connect\u00e9 gadget qui ne sert \u00e0 rien : une imprimante \u00e0 post-it. Histoire de vous rassurer un peu, ce n'est pas fran\u00e7ais !<\/div><div class='detaileddesc imgdescd'><\/div><\/div><\/div><\/div><script>$(document).ready( function() { pfnavw.pfslug = \"https:\/\/www.oezratty.net\/wordpress\/wp-content\/photo-albums\";pfnavw.pfslugc = \"https:\/\/www.oezratty.net\/wordpress\/wp-content\/photo-cache\";pfnavw.st = \"\";pfnavw.pfplug = \"https:\/\/www.oezratty.net\/wordpress\/photos\/\";pfnavw.nbrimg['pfs1'] = 2;pfnavw.istouch = false;pfnavw.issmart = false;pfnavw.imgcont['pfs1'] = 'flowimgcont';pfnavw.isadmin = 0;pfnavw.pfpluginurl  = \"https:\/\/www.oezratty.net\/wordpress\/wp-content\/plugins\/photo-folders\/\";$('.pftexthi').css('color', '#2580a2');});<\/script>\n<p>Se pose toujours l\u2019in\u00e9vitable question de l\u2019installation et de la gestion de ces syst\u00e8mes. Leur mise en place est parfois complexe. Leur coordination l\u2019est tout autant. Malgr\u00e9 quelques efforts, la <b>standardisation<\/b> n\u2019est pas bien grande. Se constituent donc des \u00e9cosyst\u00e8mes propri\u00e9taires concurrents, autour de <b>Google<\/b> Nest, <b>Amazon<\/b> Echo, <b>Samsung<\/b> Smarthings, <b>Apple<\/b> HomeKit et autres <b>IFTTT<\/b>. Et <b>Microsoft<\/b> veut \u00eatre de la partie avec son Windows HomeHub qui fera son apparition dans une future version de Windows 10, cela n\u2019ayant de sens que s\u2019il est aussi propos\u00e9 sous forme d\u2019applications sur iOS et Android. Il n\u2019existe aucune compatibilit\u00e9 garantie entre objets, hormis le fait qu\u2019ils sont tous pilotables par une application mobile.<\/p>\n<p>Le mot cl\u00e9 du CES \u00e9tait la <b>personnalisation<\/b>. Ces objets connect\u00e9s d\u00e9livrent des services personnalis\u00e9s en fonction de vos habitudes, si possible d\u00e9tect\u00e9es automatiquement par des syst\u00e8mes de machine learning plus ou moins sophistiqu\u00e9s. Au point que l\u2019on est pr\u00eat \u00e0 voir gouvern\u00e9e sa vie \u00e0 la minute pr\u00e8s par nos trackers et autres outils qui d\u00e9cortiquent nos comportements digitaux ou non digitaux. Cela peut aussi nous aider \u00e0 mieux travailler et mieux apprendre. Comme des b\u00eates !<\/p>\n<p>Les objets connect\u00e9s ont ceci de particulier pour leurs cr\u00e9ateurs qu\u2019ils associent un grand nombre de briques technologiques et comp\u00e9tences : le mat\u00e9riel, les syst\u00e8mes embarqu\u00e9s, le design, l\u2019impression 3D pour le prototypage, les r\u00e9seaux M2M et 4G\/5G, le cloud et le big data, le machine learning et le deep learning, la cybers\u00e9curit\u00e9 puis les applications mobiles et, de plus en plus, la reconnaissance de la parole. Tout cela avec une concurrence f\u00e9roce et une grande difficult\u00e9 \u00e0 se financer et \u00e0 capter des march\u00e9s de volume, o\u00f9 la distribution pompe une bonne partie des marges. R\u00e9ussir dans les objets connect\u00e9s n\u2019est pas une sin\u00e9cure !<\/p>\n<p><strong>La mobilit\u00e9 physique aussi importante que la mobilit\u00e9 virtuelle<\/strong><\/p>\n<p>J\u2019y int\u00e8gre dans ce cr\u00e9neau la mobilit\u00e9 virtuelle et la mobilit\u00e9 physique. Dans le virtuel, le smartphone est \u00e9videmment roi.<\/p>\n<p>Le march\u00e9 est marqu\u00e9 par les \u00e9volutions de l\u2019<b>iPhone<\/b> et des smartphones haut de gamme <b>Android<\/b>, g\u00e9n\u00e9ralement motoris\u00e9s par des chipsets <b>Qualcomm<\/b> Snapdragon qui sont de plus en plus puissants, aussi bien c\u00f4t\u00e9 CPU que GPU. Ce dernier passera en 2017 \u00e0 la version 835, encore plus \u00e9bouriffante. En 2016, la grande \u00e9volution des smartphones haut de gamme concernait leurs capacit\u00e9s de prise de vue de photos, avec de nombreux mod\u00e8les \u00e0 double objectif et une mise au point laser am\u00e9lior\u00e9e, originaire de <b>STMicroelectronics<\/b>. De quoi mettre les derniers clous sur le cercueil des appareils photo compact dont les ventes sont en chute libre depuis d\u00e9j\u00e0 une bonne dizaine d\u2019ann\u00e9es. Cette ann\u00e9e, quelques annonces de smartphones plut\u00f4t milieu de gamme avaient eu lieu au CES 2017 comme chez LG Electronics ou Honor, donc rien de tr\u00e8s int\u00e9ressant.<\/p>\n<p>L\u2019\u00e9volution des <b>standards de t\u00e9l\u00e9communications<\/b> avec des d\u00e9bits qui continuent d\u2019augmenter avec la 4G, la 4G+ sous toutes les formes, le Wi-Fi ac et les \u00e9volutions en gestation vers la 5G qui n\u2019est pour l\u2019instant qu\u2019exp\u00e9rimentale, avant sa commercialisation d\u2019ici 2020. La foire des standards t\u00e9l\u00e9coms continue de plus belle. Heureusement que vous n\u2019avez pas besoin d\u2019expliquer tout cela en d\u00e9tail \u00e0 votre belle-m\u00e8re pour qu\u2019elle utilise son smartphone car, sinon, vous y seriez \u00e0 plein temps !<\/p>\n<p>Le <b>march\u00e9 des accessoires<\/b> des smartphones se renouv\u00e8le au gr\u00e9 des changements introduits dans les smartphones. A lui tout seul, l\u2019abandon de la prise minijack de l\u2019iPhone 7 semble avoir dynamis\u00e9 le march\u00e9 des \u00e9couteurs sans fils. D\u2019o\u00f9 une offre encore plus abondante au CES 2017.<\/p>\n<p>Du c\u00f4t\u00e9 de la mobilit\u00e9 physique, la\u00a0<b>conduite automatique<\/b> continue d\u2019\u00eatre un sujet d\u2019attention du CES, m\u00eame si les d\u00e9monstrations pratiques sont contingent\u00e9es et limit\u00e9es. L\u2019ensemble de l\u2019industrie automobile semble avoir pris le pas des Tesla et autres Audi, Valeo et BMW. Dans le Rapport CES 2017, je d\u00e9cortiquerai l\u2019\u00e9volution d\u2019un composant cl\u00e9 de la voiture automatique : le LiDAR. Une nouvelle g\u00e9n\u00e9ration de solutions \u00e0 base de semiconducteurs sans pi\u00e8ces mobiles comme ceux de <b>Quanergy<\/b> pourrait les d\u00e9mocratiser mais cela n\u2019est pas si simple que cela. Elle compl\u00e8te les processeurs g\u00e9n\u00e9ralistes de type <b>Nvidia<\/b> et <b>Qualcomm<\/b> qui permetttent de faire tourner des solutions de machine learning d\u00e9di\u00e9es en particulier \u00e0 la reconnaissance de l\u2019environnement. C\u2019est un champ de bataille entre ces deux derniers au CES, avec la tentative d\u2019<b>Intel<\/b> de revenir dans le jeu. Les \u00e9quipementiers automobiles s\u2019investissent \u00e0 fond l\u00e0-dedans comme l\u2019allemand <b>ZF<\/b> qui annon\u00e7ait un partenariat avec Nvidia, <b>Valeo<\/b> qui faisait de belles d\u00e9monstrations de conduite assist\u00e9e ou encore l\u2019am\u00e9ricain <b>Visteon<\/b> qui s\u2019engage aussi dans cette voie.<\/p>\n<div class='pfimgcont' id = 'pfimg-pfs1' style='background-color:transparent;border-color:transparent;'><div class=\"flowimgcont\" style=\"margin-left:3px;margin-right:3px;margin-bottom:3px;margin-top:3px;text-align:left;;\"><div class=\"flowimgone imgdescm flownoborder\" style=\"width:450px;height:300px;line-height:0;\"><a href=\"https:\/\/www.oezratty.net\/wordpress\/photos\/?g=2017&amp;a=CES%202017&amp;o=Faraday.jpg&amp;dm=on&amp;ph=Automobile%2F\" target='_blank'><img decoding=\"async\" class='flowimg' src=\"https:\/\/www.oezratty.net\/wordpress\/wp-content\/photo-albums\/2017\/CES%202017\/Automobile\/Faraday.jpg?ts=1484666510\" style=\"width:450px;height:300px;margin-top:0px !important;line-height:0;\" alt='flow'  ><\/a><\/div><\/div><\/div><script>$(document).ready( function() { pfnavw.pfslug = \"https:\/\/www.oezratty.net\/wordpress\/wp-content\/photo-albums\";pfnavw.pfslugc = \"https:\/\/www.oezratty.net\/wordpress\/wp-content\/photo-cache\";pfnavw.st = \"\";pfnavw.pfplug = \"https:\/\/www.oezratty.net\/wordpress\/photos\/\";pfnavw.nbrimg['pfs1'] = 2;pfnavw.istouch = false;pfnavw.issmart = false;pfnavw.imgcont['pfs1'] = 'flowimgcont';pfnavw.isadmin = 0;pfnavw.pfpluginurl  = \"https:\/\/www.oezratty.net\/wordpress\/wp-content\/plugins\/photo-folders\/\";$('.pftexthi').css('color', '#2580a2');});<\/script>\n<p>Les <b>voitures connect\u00e9es <\/b>sont mises en avant mais dans une moindre mesure. Au sens, o\u00f9 l\u2019on ne constate pas d\u2019\u00e9volution marquante de ce point de vue-l\u00e0. Le CES expose en pagaille des dashcams, des r\u00e9troviseurs num\u00e9riques et des dongles ODB-II r\u00e9cup\u00e9rant les informations sur le moteur et la conduite. L\u2019int\u00e9gration d\u2019Android Auto et d\u2019Apple Carplay est devenue la norme dans les syst\u00e8mes de divertissement embarqu\u00e9s. Les consoles futuristes sont toujours l\u00e9gion sur les stands des constructeurs et \u00e9quipementiers avec notamment, des interfaces haptiques utilisant presque toutes la technologie \u00e0 base d&#8217;ultrasons de l\u2019anglais <b>UltraHaptics<\/b>.<\/p>\n<div class='pfimgcont' id = 'pfimg-pfs1' style='background-color:transparent;border-color:transparent;'><div class=\"flowimgcont\" style=\"margin-left:3px;margin-right:3px;margin-bottom:3px;margin-top:3px;text-align:left;;\"><div class=\"flowimgone imgdescm flownoborder\" style=\"width:450px;height:300px;line-height:0;\"><a href=\"https:\/\/www.oezratty.net\/wordpress\/photos\/?g=2017&amp;a=CES%202017&amp;o=Honda%20NC%20750.jpg&amp;dm=on&amp;ph=Automobile%2F\" target='_blank'><img decoding=\"async\" class='flowimg' src=\"https:\/\/www.oezratty.net\/wordpress\/wp-content\/photo-albums\/2017\/CES%202017\/Automobile\/Honda%20NC%20750.jpg?ts=1484666515\" style=\"width:450px;height:300px;margin-top:0px !important;line-height:0;\" alt='flow'  ><\/a><\/div><\/div><\/div><script>$(document).ready( function() { pfnavw.pfslug = \"https:\/\/www.oezratty.net\/wordpress\/wp-content\/photo-albums\";pfnavw.pfslugc = \"https:\/\/www.oezratty.net\/wordpress\/wp-content\/photo-cache\";pfnavw.st = \"\";pfnavw.pfplug = \"https:\/\/www.oezratty.net\/wordpress\/photos\/\";pfnavw.nbrimg['pfs1'] = 2;pfnavw.istouch = false;pfnavw.issmart = false;pfnavw.imgcont['pfs1'] = 'flowimgcont';pfnavw.isadmin = 0;pfnavw.pfpluginurl  = \"https:\/\/www.oezratty.net\/wordpress\/wp-content\/plugins\/photo-folders\/\";$('.pftexthi').css('color', '#2580a2');});<\/script>\n<p>Le CES renouvelait aussi la diversit\u00e9 des solutions de <b>transport urbain<\/b> \u00e9lectriques avec une belle panoplie de mono-roues, deux roues et trois roues. Un moteur, une ou des roues, un gyro et le tour est jou\u00e9 ! Apr\u00e8s, c\u2019est une question de marketing et de distribution. Il y a peu de dif\u00e9rentiation technologique dans ce march\u00e9. J\u2019ai surtout remarqu\u00e9 que les hoverboards qui \u00e9taient ultra-pr\u00e9sents au CES 2016 ont quasiment disparu de la circulation dans ce CES 2017. En cause, leurs probl\u00e8mes qualitatifs, notamment de batteries, et les interdictions d\u2019usage dont ils font l\u2019objet dans certaines villes ou pays. Le vent tourne rapidement au CES ! Les scooters \u00e9lectriques ont pris le dessus. A noter la premi\u00e8re moto gyrostabilis\u00e9e pr\u00e9sent\u00e9e par <b>Honda<\/b>, encore \u00e0 l\u2019\u00e9tat de prototype.<\/p>\n<div class='pfimgcont' id = 'pfimg-pfs1' style='background-color:transparent;border-color:transparent;'><div class=\"flowimgcont\" style=\"margin-left:3px;margin-right:3px;margin-bottom:3px;margin-top:3px;text-align:left;;\"><div class=\"flowimgone imgdescm flownoborder\" style=\"width:451px;height:300px;line-height:0;\"><a href=\"https:\/\/www.oezratty.net\/wordpress\/photos\/?g=2017&amp;a=CES%202017&amp;o=Hover%20Camera.jpg&amp;dm=on&amp;ph=Drones%2F\" target='_blank'><img decoding=\"async\" class='flowimg' src=\"https:\/\/www.oezratty.net\/wordpress\/wp-content\/photo-albums\/2017\/CES%202017\/Drones\/Hover%20Camera.jpg?ts=1484666605\" style=\"width:451px;height:300px;margin-top:0px !important;line-height:0;\" alt='flow'  ><\/a><\/div><\/div><\/div><script>$(document).ready( function() { pfnavw.pfslug = \"https:\/\/www.oezratty.net\/wordpress\/wp-content\/photo-albums\";pfnavw.pfslugc = \"https:\/\/www.oezratty.net\/wordpress\/wp-content\/photo-cache\";pfnavw.st = \"\";pfnavw.pfplug = \"https:\/\/www.oezratty.net\/wordpress\/photos\/\";pfnavw.nbrimg['pfs1'] = 2;pfnavw.istouch = false;pfnavw.issmart = false;pfnavw.imgcont['pfs1'] = 'flowimgcont';pfnavw.isadmin = 0;pfnavw.pfpluginurl  = \"https:\/\/www.oezratty.net\/wordpress\/wp-content\/plugins\/photo-folders\/\";$('.pftexthi').css('color', '#2580a2');});<\/script>\n<p>Enfin, le <b>m<\/b><b>arch\u00e9 des drones<\/b> se d\u00e9mocratise toujours autant mais reste tr\u00e8s professionnel en valeur, comme en t\u00e9moigne la d\u00e9convenue r\u00e9cente de <b>Parrot<\/b> face au num\u00e9ro un mondial du march\u00e9 qu\u2019est le chinois <b>DJI<\/b>. Les drones captent de la 4K et sont tr\u00e8s bien stabilis\u00e9s au point de concurrencer les supports de cam\u00e9ras professionnels habituels type Louma ou Steadycam. Ils se replient sur eux-m\u00eames. Leur port\u00e9e et leur autonomie s\u2019am\u00e9liorent. Ils savent \u00e9viter tous seuls les obstacles en volant. Les drones professionnels pr\u00e9sent\u00e9s au CES \u00e9taient plus nombreux que d\u2019habitude.<\/p>\n<p><strong>La vid\u00e9o et la TV \u00e0 l\u2019\u00e8re du non lin\u00e9aire<\/strong><\/p>\n<p>2016 a sign\u00e9 la fin d\u00e9finitive du <b>VHS<\/b> avec l\u2019arr\u00eat de la fabrication des derniers magn\u00e9toscopes au Japon. Il \u00e9tait temps. Personne ne devait savoir que l\u2019on en fabriquait encore ! Fujifilm a aussi annonc\u00e9 la fin de la production de films argentiques. M\u00eame l\u2019industrie m\u00e9dicale se met progressivement au num\u00e9rique dans l\u2019imagerie.<\/p>\n<p>Les fabricants de TV continuent de faire les paons au CES avec des d\u00e9monstrations de TV toujours aussi grandes et des images toujours plus belles. On se demande en prenant un peu de recul si les images pr\u00e9sent\u00e9es sont r\u00e9ellement plus belles que les ann\u00e9es pass\u00e9es tellement les astuces de comparaison avant\/apr\u00e8s sont biais\u00e9es !<\/p>\n<p>Depuis quatre ans, les constructeurs n\u2019ont que l\u2019<b>Ultra HD<\/b> \u00e0 la bouche. Pour renouveler l\u2019int\u00e9r\u00eat, ils brouillent les cartes avec le discours sur la dynamique (HDR) en plus de la colorim\u00e9trie (Wide Color Gamut) et de la fr\u00e9quence de rafraichissement (High Frame Rate). C\u2019est un moyen de faire oublier qu\u2019il n\u2019est pas \u00e9vident de faire la diff\u00e9rence entre une vid\u00e9o en Full HD et en UHD quand l\u2019\u00e9cran fait moins de 55 pouces et que l\u2019on est \u00e0 plus de trois m\u00e8tres. Cela donne lieu \u00e0 des batailles picrocholines de standards autour du HDR qui voient s\u2019opposer un standard ouvert moyen, le HDR-10, et divers standards propri\u00e9taires de meilleure qualit\u00e9 comme le <b>Dolby Vision<\/b>. M\u00eame topo sur la colorim\u00e9trie qui diff\u00e9rencie les \u00e9crans LCD dont le r\u00e9tro\u00e9clairage \u00e0 LED est dop\u00e9 par des quantum dots, des \u00e9crans OLED qui g\u00e9n\u00e8rent des couleurs encore plus satur\u00e9es, mais au prix d\u2019une moindre dynamique. <b>Samsung<\/b> cr\u00e9\u00e9 la confusion en rebrandant son Super-UHD en QLED, dont l\u2019appellation ressemble fort \u00e0 l\u2019OLED, alors que la technologie utilis\u00e9e est tr\u00e8s diff\u00e9rente, bas\u00e9e sur les quantum dots.<\/p>\n<div class='pfimgcont' id = 'pfimg-pfs1' style='background-color:transparent;border-color:transparent;'><div class=\"flowimgcont\" style=\"margin-left:3px;margin-right:3px;margin-bottom:3px;margin-top:3px;text-align:left;;\"><div class=\"flowimgone imgdescm flownoborder\" style=\"width:450px;height:300px;line-height:0;\"><a href=\"https:\/\/www.oezratty.net\/wordpress\/photos\/?g=2017&amp;a=CES%202017&amp;o=LG%20Electronics%20TV%20et%20barre%20de%20son%20motoris%C3%A9e.jpg&amp;dm=on&amp;ph=Mobiles%2F\" target='_blank'><img decoding=\"async\" class='flowimg' src=\"https:\/\/www.oezratty.net\/wordpress\/wp-content\/photo-albums\/2017\/CES%202017\/Mobiles\/LG%20Electronics%20TV%20et%20barre%20de%20son%20motoris%E9e.jpg?ts=1484666206\" style=\"width:450px;height:300px;margin-top:0px !important;line-height:0;\" alt='flow'  ><\/a><\/div><\/div><\/div><script>$(document).ready( function() { pfnavw.pfslug = \"https:\/\/www.oezratty.net\/wordpress\/wp-content\/photo-albums\";pfnavw.pfslugc = \"https:\/\/www.oezratty.net\/wordpress\/wp-content\/photo-cache\";pfnavw.st = \"\";pfnavw.pfplug = \"https:\/\/www.oezratty.net\/wordpress\/photos\/\";pfnavw.nbrimg['pfs1'] = 2;pfnavw.istouch = false;pfnavw.issmart = false;pfnavw.imgcont['pfs1'] = 'flowimgcont';pfnavw.isadmin = 0;pfnavw.pfpluginurl  = \"https:\/\/www.oezratty.net\/wordpress\/wp-content\/plugins\/photo-folders\/\";$('.pftexthi').css('color', '#2580a2');});<\/script>\n<p>Comment le consommateur moyen peut-il s\u2019y retrouver ? Il a d\u00e9j\u00e0 du mal \u00e0 comprendre ce qu\u2019il en est du c\u00f4t\u00e9 des r\u00e9solutions d\u2019\u00e9crans et des contenus, et sur toute la chaine de valeur ! Allez vous ballader dans une grande surface pour \u00e9couter les discussions entre vendeurs et clients sur les diff\u00e9rences entre la 4K et l\u2019UHD, sur le ratio 21:9 de certains films de cin\u00e9ma et sur la r\u00e9solution venant des Bluray ou des box d\u2019op\u00e9rateurs haut d\u00e9bit !<\/p>\n<p>Au passage des oubli\u00e9s de l\u2019histoire, il y a les Smart TV et la TV 3D. Les Smart TV perdent de leur smartitude, noy\u00e9es dans le flux des set-top-boxes d\u2019op\u00e9rateurs de tr\u00e8s haut d\u00e9bit et des box OTT type Roku et Apple TV. Quoi qu\u2019il arrive, les contenus qui alimentent ces TV proviennent surtout de SVOD et surtout de Netflix et de YouTube, de leurs applications respectives et en particulier pour les audiences les plus jeunes.<\/p>\n<p>La 3D qui \u00e9tait l\u2019un des fleurons du salon \u00e0 la fin des ann\u00e9es 2000 et au d\u00e9but des ann\u00e9es 2010 n\u2019est plus que le fantome d\u2019elle-m\u00eame, quelques constructeurs essayant encore de lui donner un souffle de vie technique et commerciale.<\/p>\n<p>C\u00f4t\u00e9 captation vid\u00e9o, l\u2019heure est \u00e0 la vid\u00e9o 360\u00b0 et la grande nouveaut\u00e9 de ce CES est la prolif\u00e9ration de cam\u00e9ras 360\u00b0 accessoires de smartphones au lieu de fonctionner de mani\u00e8re ind\u00e9pendante. On en trouve ainsi chez le fran\u00e7ais <b>Giroptic<\/b>, avec l\u2019<b>Insta360<\/b> Nano et la <b>LyfieEye<\/b>.<\/p>\n<p><strong>R\u00e9alit\u00e9 virtuelle et augment\u00e9e sur-repr\u00e9sent\u00e9es<\/strong><\/p>\n<p>Dans le Rapport CES 2017, la r\u00e9alit\u00e9 virtuelle et augment\u00e9e sera toujours une sous-rubrique de la sous-rubrique des wearables de la rubrique des objets connect\u00e9s. Elle est d\u2019ailleurs \u00e0 cheval avec la rubrique vid\u00e9o et celle des jeux, l\u00e0 o\u00f9 j\u2019ai cas\u00e9 les principaux accessoires de casques de VR, notamment divers simulateurs de vols comme celui du fran\u00e7ais <b>Theory<\/b> ou du suisse <b>Somniacs<\/b>, des Am\u00e9ricains <b>Icaros <\/b>et<b> AxonVR<\/b> ou les syst\u00e8mes permettant de relier sans fil ses casques de VR \u00e0 son PC de gamer surgonfl\u00e9 chez <b>TPCast<\/b>,<b> Immersive Robotics <\/b>et<b> KwikVR<\/b>.<\/p>\n<p>A ce stade de ses d\u00e9veloppements, la VR excite tout le monde. Mais elle est largement surrepr\u00e9sent\u00e9e au CES et par rapport au march\u00e9 et \u00e0 ses usages potentiels. Ne serait-ce qu\u2019en tenant compte du temps raisonnable que l\u2019on pourra consacrer \u00e0 la VR dans sa vie courante. La VR \u00e9tait le th\u00e8me principal du stand et de la communication d\u2019Intel. C\u2019est aussi l\u2019un des principaux th\u00e8mes de la prochaine it\u00e9ration de Windows 10 pour Microsoft. Trop c\u2019est trop ! En sus des jeux vid\u00e9os et pourquoi pas, du porno, les principales applications de la VR seront industrielles.<\/p>\n<div class='pfimgcont' id = 'pfimg-pfs1' style='background-color:transparent;border-color:transparent;'><div class=\"flowimgcont\" style=\"margin-left:3px;margin-right:3px;margin-bottom:3px;margin-top:3px;text-align:left;;\"><div class=\"flowimgone imgdescm flownoborder\" style=\"width:200px;height:300px;line-height:0;\"><a href=\"https:\/\/www.oezratty.net\/wordpress\/photos\/?g=2017&amp;a=CES%202017&amp;o=Aurai.jpg&amp;dm=on&amp;ph=B%C3%AAtisier%2F\" target='_blank'><img decoding=\"async\" class='flowimg' src=\"https:\/\/www.oezratty.net\/wordpress\/wp-content\/photo-albums\/2017\/CES%202017\/B%EAtisier\/Aurai.jpg?ts=1484666560\" style=\"width:200px;height:300px;margin-top:0px !important;line-height:0;\" alt='flow'  ><\/a><\/div><\/div><\/div><script>$(document).ready( function() { pfnavw.pfslug = \"https:\/\/www.oezratty.net\/wordpress\/wp-content\/photo-albums\";pfnavw.pfslugc = \"https:\/\/www.oezratty.net\/wordpress\/wp-content\/photo-cache\";pfnavw.st = \"\";pfnavw.pfplug = \"https:\/\/www.oezratty.net\/wordpress\/photos\/\";pfnavw.nbrimg['pfs1'] = 2;pfnavw.istouch = false;pfnavw.issmart = false;pfnavw.imgcont['pfs1'] = 'flowimgcont';pfnavw.isadmin = 0;pfnavw.pfpluginurl  = \"https:\/\/www.oezratty.net\/wordpress\/wp-content\/plugins\/photo-folders\/\";$('.pftexthi').css('color', '#2580a2');});<\/script>\n<p>La VR a g\u00e9n\u00e9r\u00e9 son propre \u00e9cosyst\u00e8me : les PC pour les alimenter, des processeurs qui se sp\u00e9cialisent pour, une pl\u00e9thore de casques, des accessoires, des briques logicielles et des contenus pour des march\u00e9s divers allant du jeu \u00e0 la sant\u00e9. J\u2019ai d\u00e9couvert quelques casques de VR originaux, capables d\u2019afficher avec une belle r\u00e9solution un grand champ de vision.<\/p>\n<p>La r\u00e9alit\u00e9 augment\u00e9e a plus d\u2019avenir mais il est plus distant car c\u2019est une technologie difficile \u00e0 miniaturiser convenablement, expliquant la mise en sourdine des Google Glass en 2015. Elle prend des formes originales comme avec ces miroirs dits intelligents qui permettent de se maquiller virtuellement dans sa salle de bain. Cela fait des ann\u00e9es que l\u2019on peut voir cela. Cette ann\u00e9e, les offres commerciales semblaient plus nombreuses comme chez <b>Perseus\u00a0<\/b>et<b> HiMirror.<\/b><\/p>\n<p><strong>Le d\u00e9clin des appareils photo continue<\/strong><\/p>\n<p>La photo a toujours une belle place au CES. Quelques constructeurs y font des annonces plus ou moins marqu\u00e9es. <b>Nikon<\/b> y avait lanc\u00e9 son D5 professionnel au CES 2016. <b>Canon<\/b> r\u00e9serve ses grandes annonces pour d\u2019autres p\u00e9riodes de l\u2019ann\u00e9e ou pour Photokina. <b>Sony<\/b>, <b>Panasonic<\/b> et d\u2019autres annoncent toujours quelques appareils compact et bridges qui n\u2019int\u00e9ressent plus grand monde. Seuls les hybrides peuvent capter l\u2019attention, surtout dans le milieu et haut de gamme, comme le nouveau GH5 de <b>Panasonic<\/b>.<\/p>\n<p>Ce march\u00e9 est en d\u00e9liquescence, attaqu\u00e9 de plein fouet par les smartphones dont la qualit\u00e9 photographique s\u2019am\u00e9liore d\u2019ann\u00e9e en ann\u00e9e, m\u00eame si ils n\u2019ont pas encore atteint celle des reflex en condition de basse lumi\u00e8re. Les automatismes logiciels int\u00e9gr\u00e9s dans les smartphones sont nombreux. Ils permettent de g\u00e9rer automatiquement tous les param\u00e8tres de prises de vue. Tout \u00e7a pour faire de vulgaires selfies !<\/p>\n<p>L\u2019enjeu produit se situe toujours au niveau des capteurs pour am\u00e9liorer leur sensibilit\u00e9 et leur versatilit\u00e9 entre photo et vid\u00e9o. <b>Panasonic<\/b> est copi\u00e9 par d\u2019autres pour permettre l\u2019extraction de photos des vid\u00e9os, notamment 4K.<\/p>\n<p><strong>L\u2019audio conditionn\u00e9 par les \u00e9volutions des smartphones<\/strong><\/p>\n<p>Le son haute r\u00e9solution d\u00e9cole doucement. C\u2019est un peu l\u2019analogue de la 4K dans l\u2019audio avec une perception des b\u00e9n\u00e9fices par les consommateurs qui n\u2019est pas \u00e9vidente et un marketing de fournisseurs noyant le consommateur sous des bard\u00e9es de standards difficile \u00e0 diff\u00e9rencier. <b>Samsung<\/b> annon\u00e7ait une s\u00e9rie de produits supportant l\u2019audio haute r\u00e9solution 32 bits. Incompr\u00e9hensible et surtout, totalement inutile !<\/p>\n<p>Le son multicanal objet pour le cin\u00e9ma se d\u00e9veloppe, surtout autour du <b>Dolby Atmos<\/b>, qui est mis \u00e0 toutes les sauces, m\u00eame sur smartphones et tablettes. Ca, c\u2019est de la scalabilit\u00e9 !<\/p>\n<p>Les casques r\u00e9ducteurs de bruit sont encore plus nombreux. Chez certaines marques, les haut-parleurs des casques s\u2019am\u00e9liorent avec des techniques type planar comme chez <b>Audeze<\/b>. Et on trouve des tonnes d\u2019\u00e9couteurs Bluetooth \u00e0 cause ou gr\u00e0ce \u00e0 qui ? A <b>Apple<\/b> et \u00e0 l\u2019iPhone 7 !<\/p>\n<p><strong>Les ordinateurs personnels passent au 2-en-1<\/strong><\/p>\n<p>Le march\u00e9 des PC est toujours en berne. C\u2019est normal : les usages sont plut\u00f4t stabilis\u00e9s et les taux de p\u00e9n\u00e9tration ont atteint un niveau de saturation dans les pays d\u00e9velopp\u00e9s. Et dans les pays \u00e9mergents, le smartphone est l\u2019ordinateur principal. L\u2019ordinateur personnel reste l\u2019outil de travail num\u00e9ro un des cadres, des cr\u00e9atifs et des entrepreneurs. M\u00eame pour ceux qui utilisent intens\u00e9ment leur smartphone !<\/p>\n<p>J\u2019ai trouv\u00e9 que cette \u00e9dition du CES 2017 et l\u2019ann\u00e9e 2016 \u00e9taient tr\u00e8s int\u00e9ressantes pour ce qui est de PC en g\u00e9n\u00e9ral. On trouve de plus en plus de 2-en-1 et ultrabook tr\u00e8s performants et l\u00e9gers, autour du kilogramme. Le stockage SSD interne et externe devient ultra-rapide, le Wi-fi suit le rythme avec le 802.11ac. Le tactile se g\u00e9n\u00e9ralise. C\u00f4t\u00e9 desktop, on voit fleurir pas mal d\u2019innovations d\u2019int\u00e9gration dans les formats pour salon et pour gamers en VR.<\/p>\n<p>Jusqu\u2019\u00e0 il y a peu, il \u00e9tait difficile de d\u00e9nicher le bon format de laptop. Faut-il un laptop classique d\u2019un c\u00f4t\u00e9 et de l\u2019autre, une tablette, ou le tout en un ? Id\u00e9alement, le tout en un permettrait de faire des \u00e9conomies de poids. Votre dos sera d\u2019accord. Alors que je cherchais sans le trouver mon bonheur dans le domaine du 2-en-1 depuis des ann\u00e9es, j\u2019ai enfin trouv\u00e9 des solutions acceptables et ai quasiment arr\u00eat\u00e9 d\u2019utiliser mon iPad. En lieu et place, j\u2019utilise d\u2019un c\u00f4t\u00e9 un smartphone de grande taille (iPhone 6 Plus) et de l\u2019autre, un 2-en-1 sous Windows 10. On en trouve maintenant qui tiennent r\u00e9ellement toute la journ\u00e9e avec 10 bonnes heures de batterie. Les r\u00e9cents processeurs <b>Intel<\/b> de la s\u00e9rie Kaby Lake atteignent un bon compromis performance et autonomie. On trouve d\u2019excellents 2-en-1 \u00e0 des prix raisonnables chez <b>Lenovo<\/b>, <b>Asus<\/b> et <b>HP<\/b>. <b>Apple<\/b> continue de r\u00e9sister \u00e0 cette tendance \u00ab fusion \u00bb avec ses Macbook Pro sans \u00e9crans tactiles qui n\u2019ont maintenant de tactile que leur pad et leur nouvelle touchbar. Jusqu\u2019au jour o\u00f9 ils craqueront.<\/p>\n<p>D\u2019ailleurs, 2016 a \u00e9t\u00e9 une ann\u00e9e symbolique avec l\u2019annonce de <b>Microsoft<\/b> Surface Studio, un PC de bureau original avec un \u00e9cran plat, vraiment tr\u00e8s plat, se positionnant verticalement ou horizontalement et le support de toutes les interactions : clavier, souris, tactile, stylet et avec un nouvel accessoire original, le Surface Dial (<a href=\"https:\/\/www.youtube.com\/watch?v=WMklcdzcNcU\">vid\u00e9o<\/a>). Ce ciblage des cr\u00e9atifs par Microsoft est intriguant car ils n\u2019y ont pas beaucoup d\u2019amis et ce n\u2019est pas un march\u00e9 de masse.<\/p>\n<p>Dans cette rubrique se situe aussi celle de la cybers\u00e9curit\u00e9. Elle \u00e9tait jusqu\u2019\u00e0 pr\u00e9sent le talon d\u2019Achille des PC. Celui-ci a pass\u00e9 la main aux objets connect\u00e9s, devenus les nouveaux chevaux de Troie de vos r\u00e9seaux domestiques. Nombreuses sont les solutions qui se proposent de s\u00e9curiser votre r\u00e9seau domestique, chez <b>Cujo<\/b>, <b>Bitdefender<\/b>, <b>Maxim Integrated Products<\/b> et<b> <\/b><b>Securifi<\/b>. La s\u00e9curisation du r\u00e9seau passe aussi par de meilleures pratiques de conception des objets connect\u00e9s et il y a du boulot de ce c\u00f4t\u00e9-l\u00e0 !<\/p>\n<p><strong>L\u2019impression 3D progresse mais pas pour le grand public<\/strong><\/p>\n<p>Le march\u00e9 de l\u2019impression 3D grand public se r\u00e9v\u00e8le \u00eatre une chim\u00e8re, au moins pour un temps. La surface d\u2019exposition de l\u2019impression 3D a baiss\u00e9 pour la premi\u00e8re fois au CES. On trouve certes des imprimantes grand public pas ch\u00e8res comme les DaVinci du ta\u00efwanais <b>XYZPrinting<\/b> ou chez le fran\u00e7ais <b>Dagoma<\/b>.<\/p>\n<p>On entend beaucoup parler d\u2019impression 3D de diff\u00e9rents m\u00e9taux, une technique utilis\u00e9e dans l\u2019industrie et qui s\u2019am\u00e9liore continument. Il existe de nombreuses techniques d\u2019impression diff\u00e9rentes de m\u00e9tal en synth\u00e8se additive. Les plus pr\u00e9cises \u00e9tant bien entendu les plus lourdes et ch\u00e8res. Ce n\u2019est pas du tout grand public. Elles permettent de produire des pi\u00e8ces impossibles \u00e0 r\u00e9aliser avec la synth\u00e8se soustractive traditionnelle, notamment par usinage \u00e0 commande num\u00e9rique. Le fran\u00e7ais <strong>Sculpteo <\/strong>se distinguait en mettant en avant les diff\u00e9rentes solutions d\u2019impression 3D de m\u00e9tal, appliqu\u00e9es \u00e0 la production de nombreuses pi\u00e8ces d\u2019un v\u00e9lo.<\/p>\n<p>L\u2019impression en 3D de circuits int\u00e9gr\u00e9s fait aussi des progr\u00e8s, notamment avec l\u2019imprimante <b>Nano Dimension<\/b>, pr\u00e9sente pour la seconde fois sur Eureka et d\u2019autres solutions plus low-cost adapt\u00e9es aux besoins des fab labs.<\/p>\n<p>L\u2019hybridation des mati\u00e8res continue de se d\u00e9velopper. On peut associer plusieurs types de plastiques et de fibres dans les imprimantes \u00e0 extrusion type FDM. Mais elles sont lentes et peu pr\u00e9cises. On peut aussi associer plusieurs couleurs d\u2019un m\u00eame plastique et des plastiques de solidit\u00e9 et souplesse diff\u00e9rente avec des imprimantes \u00e0 plusieurs t\u00eates. De leur c\u00f4t\u00e9, les imprimantes pr\u00e9cises utilisent la st\u00e9r\u00e9olithographie mais sont structurellement mono-mati\u00e8res.<\/p>\n<p><strong>Les jeux vid\u00e9os passent \u00e0 la VR<\/strong><\/p>\n<p>2016 a \u00e9t\u00e9 une ann\u00e9e de renouv\u00e8lement des consoles de jeu du march\u00e9 chez <b>Sony<\/b>, <b>Microsoft<\/b> et <b>Nintendo<\/b> mais sans bouleversement de la donne. Les \u00e9volutions \u00e9taient mineures chez Sony et Microsoft. Nintendo a \u00e9t\u00e9 plus radical avec sa Switch, mais sans que cela ait g\u00e9n\u00e9r\u00e9 un succ\u00e8s d&#8217;estime particulier. Ils sont d\u2019ailleurs en chute libre du point de vue du chiffre d\u2019affaires.<\/p>\n<p>De leur c\u00f4t\u00e9, les consoles de jeu mobiles sont concurrenc\u00e9es par les smartphones, surtout dans la mesure o\u00f9 les parents en ach\u00e8tent pour leurs enfants de plus en plus t\u00f4t !<\/p>\n<div class='pfimgcont' id = 'pfimg-pfs1' style='background-color:transparent;border-color:transparent;'><div class=\"flowimgcont\" style=\"margin-left:3px;margin-right:3px;margin-bottom:3px;margin-top:3px;text-align:left;;\"><div class=\"flowimgone imgdescm flownoborder\" style=\"width:450px;height:300px;line-height:0;\"><a href=\"https:\/\/www.oezratty.net\/wordpress\/photos\/?g=2017&amp;a=CES%202017&amp;o=Nahimic.jpg&amp;dm=on&amp;ph=VR%20et%20AR%2F\" target='_blank'><img decoding=\"async\" class='flowimg' src=\"https:\/\/www.oezratty.net\/wordpress\/wp-content\/photo-albums\/2017\/CES%202017\/VR%20et%20AR\/Nahimic.jpg?ts=1484666462\" style=\"width:450px;height:300px;margin-top:0px !important;line-height:0;\" alt='flow'  ><\/a><\/div><\/div><\/div><script>$(document).ready( function() { pfnavw.pfslug = \"https:\/\/www.oezratty.net\/wordpress\/wp-content\/photo-albums\";pfnavw.pfslugc = \"https:\/\/www.oezratty.net\/wordpress\/wp-content\/photo-cache\";pfnavw.st = \"\";pfnavw.pfplug = \"https:\/\/www.oezratty.net\/wordpress\/photos\/\";pfnavw.nbrimg['pfs1'] = 2;pfnavw.istouch = false;pfnavw.issmart = false;pfnavw.imgcont['pfs1'] = 'flowimgcont';pfnavw.isadmin = 0;pfnavw.pfpluginurl  = \"https:\/\/www.oezratty.net\/wordpress\/wp-content\/plugins\/photo-folders\/\";$('.pftexthi').css('color', '#2580a2');});<\/script>\n<p>Les constructeurs de PC r\u00e9sistent avec des PC de formats originaux et m\u00eame avec des laptops surgonfl\u00e9s \u00e9quip\u00e9s de cartes <b>Nvidia<\/b> ou <b>AMD<\/b> ultra-puissantes et tr\u00e8s consommatrices d\u2019\u00e9nergie. Ces PC servent maintenant \u00e0 alimenter les casques de VR. Le jeu est pour l\u2019instant le premier march\u00e9 grand public de la VR. Pour ce faire, on voit apparaitre des solutions de connectique sans fil pour les casques de VR ainsi que, carr\u00e9ment, le PC sac \u00e0 dos, chez <b>MSI<\/b>.<\/p>\n<p><strong>Les composants \u00e9lectroniques d\u00e9terminent les \u00e9volutions technologiques<\/strong><\/p>\n<p>Le CES est aussi un beau salon des composants \u00e9lectroniques. Les grands du secteur y sont bien pr\u00e9sents : <b>Intel<\/b>, <b>Qualcomm<\/b>, <b>NXP<\/b>, <b>Texas Instruments<\/b>, <b>Broadcom<\/b> ou <b>Marvell<\/b>, <b>AMLogic<\/b>, <b>Rockship<\/b>, ainsi que de concepteurs de blocs fonctionnels tels qu\u2019<b>Imagination Technologies<\/b>. Il y a aussi le franco-italien\u00a0<b>STMicroelectronics<\/b>, pr\u00e9sent en marge du salon dans des suites au Encore, qui fournit des composants que l\u2019on retrouve dans une bonne part des objets connect\u00e9s du march\u00e9 mais aussi dans l\u2019automobile. Leur syst\u00e8me de mise au point laser \u00e9quipe depuis 2016 les smartphones Android haut de gamme ainsi que l\u2019iPhone 7.<\/p>\n<p>Ce march\u00e9 est en phase de forte consolidation avec de nombreuses acquisitions en 2016 comme celle de NXP par Qualcomm. Elles sont tr\u00e8s tourn\u00e9es autour des composants pour objets connect\u00e9s. On assiste aussi \u00e0 une mise en ordre de bataille des acteurs de la connectivit\u00e9 pour la 5G, avec Qualcomm en premier, suivi des \u00e9quipementiers type Ericsson, Nokia et Huawei.<\/p>\n<p>L\u2019un des enjeux cl\u00e9s du secteur est d\u2019aller au\u2013del\u00e0 de la loi de Moore qui patine dans les processeurs CMOS m\u00eame si la roadmap d\u2019Intel et <b>TSMC<\/b> va jusqu\u2019au 5 nm dans les 10 ans qui viennent. Les solutions ne manquent cependant pas pour augmenter la puissance des machines : avec les processeurs synaptiques qui int\u00e8grent dans le dur des r\u00e9seaux de neurones utilis\u00e9s par le machine learning, avec l\u2019optronique qui permet de d\u00e9passer le mur des 4 GHz du CMOS, et avec, dans un futur plus lointain, les processeurs quantiques dont personne n\u2019arrive v\u00e9ritablement \u00e0 vulgariser le fonctionnement mais qui sont tr\u00e8s prometteurs.<\/p>\n<p>Ces techniques font partie de ce que l\u2019on appelle les \u00ab hard techs \u00bb. Ce sont les domaines technologiques qui rel\u00e8vent de la science-fiction, du d\u00e9passement des fronti\u00e8res du possible, des limites toujours d\u00e9pass\u00e9es de la cr\u00e9ativit\u00e9 humaine.<\/p>\n<p><strong>La French Tech de plus en plus belle et controvers\u00e9e<\/strong><\/p>\n<p>La pr\u00e9sence fran\u00e7aise au CES 2017 s\u2019est encore accrue par rapport \u00e0 l\u2019\u00e9dition pr\u00e9c\u00e9dente, aussi bien c\u00f4t\u00e9 exposants que visiteurs qui \u00e9taient parait-il plus de 4000, ce qui est difficilement v\u00e9rifiable. Comme quoi l\u2019existence du Rapport du CES publi\u00e9 sans rel\u00e2che depuis 2006 n\u2019emp\u00eache pas les fran\u00e7ais de visiter le CES et c\u2019est bien qu\u2019il en soit ainsi puisque le rapport est fait pour donner envie de le visiter ! N\u2019est-ce pas Xavier ?<\/p>\n<div class='pfimgcont' id = 'pfimg-pfs1' style='background-color:transparent;border-color:transparent;'><div class=\"flowimgcont\" style=\"margin-left:3px;margin-right:3px;text-align:left;;\"><div class=\"flowimgone imgdescm flownoborder\" style=\"width:450px;height:300px;line-height:0;\"><a href=\"https:\/\/www.oezratty.net\/wordpress\/photos\/?g=2017&amp;a=CES%202017&amp;o=Klaxoon.jpg&amp;dm=on\" target='_blank'><img decoding=\"async\" class='flowimg' src=\"https:\/\/www.oezratty.net\/wordpress\/wp-content\/photo-albums\/2017\/CES%202017\/Klaxoon.jpg?ts=1483980475\" style=\"width:450px;height:300px;margin-top:0px !important;line-height:0;\" alt='flow'  ><\/a><\/div><br><div   style=\"width: 450px;margin-bottom:14px;\"  class=\"flowimgt imgdescm\" ><div class='imgdescs flowdesc' title=\"La startup Klaxoon s&#039;est sp&eacute;cialis&eacute;e dans la cr&eacute;ation d&#039;ambiance, ici, f&ecirc;tant la fin du salon le dimanche &agrave; 16h pile.\">La startup Klaxoon s'est sp\u00e9cialis\u00e9e dans la cr\u00e9ation d'ambiance, ici, f\u00eatant la fin du salon le dimanche \u00e0 16h pile.<\/div><div class='detaileddesc imgdescd'><\/div><\/div><\/div><\/div><script>$(document).ready( function() { pfnavw.pfslug = \"https:\/\/www.oezratty.net\/wordpress\/wp-content\/photo-albums\";pfnavw.pfslugc = \"https:\/\/www.oezratty.net\/wordpress\/wp-content\/photo-cache\";pfnavw.st = \"\";pfnavw.pfplug = \"https:\/\/www.oezratty.net\/wordpress\/photos\/\";pfnavw.nbrimg['pfs1'] = 2;pfnavw.istouch = false;pfnavw.issmart = false;pfnavw.imgcont['pfs1'] = 'flowimgcont';pfnavw.isadmin = 0;pfnavw.pfpluginurl  = \"https:\/\/www.oezratty.net\/wordpress\/wp-content\/plugins\/photo-folders\/\";$('.pftexthi').css('color', '#2580a2');});<\/script>\n<p>J\u2019ai d\u00e9compt\u00e9 environ 310 soci\u00e9t\u00e9s fran\u00e7aises exposantes d\u2019une mani\u00e8re ou d\u2019une autre par rapport \u00e0 256 en 2016. Cependant, plus de 130 pr\u00e9sentes en 2016 ne sont pas revenues cette ann\u00e9e ce qui rappelle la difficult\u00e9 \u00e0 faire son trou dans le business des objets connect\u00e9s. C\u2019est un march\u00e9 tr\u00e8s fragment\u00e9 o\u00f9 les financements sont difficiles \u00e0 trouver. La pr\u00e9sence fran\u00e7aise au CES se trouvait aussi dans le <b>Hardware Club<\/b> et <b>Hax<\/b>, deux structures d\u2019accompagnement de startups des objets connect\u00e9es internationales cr\u00e9es par des fran\u00e7ais. Elles organisaient la pr\u00e9sence au CES de respectivement une centaine\u00a0et 82\u00a0startups, pour la plupart non fran\u00e7aises.<\/p>\n<p>La pr\u00e9sence des VIP fran\u00e7ais battait son record. La France est le seul pays \u00e0 envoyer depuis plusieurs ann\u00e9es des membres de son gouvernement ! L\u2019ouverture officielle du salon par Gary Shapiro \u00e9tait d\u2019ailleurs r\u00e9alis\u00e9e en compagnie de <b>Michel Sapin<\/b> et d\u2019<b>Axelle Lemaire<\/b>, cette derni\u00e8re venant pour la seconde fois apr\u00e8s 2015. Il y avait aussi une belle brochette d\u2019\u00e9lus locaux comme <b>Laurent Wauquiez<\/b>, pr\u00e9sident de la R\u00e9gion Auvergne-Rh\u00f4ne-Alpes ou <b>J\u00e9r\u00f4me Chartier<\/b>, 1er Vice-pr\u00e9sident du Conseil R\u00e9gional d&#8217;Ile-de-France en charge du d\u00e9veloppement \u00e9conomique et de l&#8217;emploi. Enfin, <b>Fran\u00e7ois Fillon<\/b> est m\u00eame venu faire un tour au CES le premier et le second jour du salon, en y rencontrant des entreprises fran\u00e7aises et \u00e9trang\u00e8res avec une focalisation importante sur le secteur automobile et en d\u00e9livrant un discours politique sur son projet de faire de la France une v\u00e9ritable \u00ab Startup Nation \u00bb ! Il \u00e9tait accompagn\u00e9 de<b> Nathalie Kosciusko-Morizet, Laure de la Raudi\u00e8re, Lionel Tardy<\/b>,<b> Virginie Calmels\u00a0<\/b>et plein d\u2019autres. <b>Emmanuel Macron<\/b> \u00e9tait aussi pr\u00e9vu mais a annul\u00e9 sa pr\u00e9sence au dernier moment. Ca se bouscule !<\/p>\n<div class='pfimgcont' id = 'pfimg-pfs1' style='background-color:transparent;border-color:transparent;'><div class=\"flowimgcont\" style=\"margin-left:3px;margin-right:3px;text-align:left;;\"><div class=\"flowimgone imgdescm flownoborder\" style=\"width:450px;height:300px;line-height:0;\"><a href=\"https:\/\/www.oezratty.net\/wordpress\/photos\/?g=2017&amp;a=CES%202017&amp;o=Olivier%20Ribet%20Laure%20de%20la%20Raudi%C3%A8re%20Nathalie%20KM%20Fran%C3%A7ois%20Fillon%20et%20Viviane%20Ribeiro%20Chaine.jpg&amp;dm=on\" target='_blank'><img decoding=\"async\" class='flowimg' src=\"https:\/\/www.oezratty.net\/wordpress\/wp-content\/photo-albums\/2017\/CES%202017\/Olivier%20Ribet%20Laure%20de%20la%20Raudi%E8re%20Nathalie%20KM%20Fran%E7ois%20Fillon%20et%20Viviane%20Ribeiro%20Chaine.jpg?ts=1483802533\" style=\"width:450px;height:300px;margin-top:0px !important;line-height:0;\" alt='flow'  ><\/a><\/div><br><div   style=\"width: 450px;margin-bottom:14px;\"  class=\"flowimgt imgdescm\" ><div class='imgdescs flowdesc' title=\"Fran&ccedil;ois Fillon visitant le stand de Dassault Syst&egrave;mes et testant une d&eacute;monstration de r&eacute;alit&eacute; virtuelle. Il est aussi pass&eacute; visiter pas mal de startups fran&ccedil;aises sur Eureka mais je n&#039;y &eacute;tais pas. Il est accueilli par Olivier Ribet de Dassault Syst&egrave;mes et accompagn&eacute; de Laure de la Raudi&egrave;re (d&eacute;put&eacute;e LR), Nathalie Kosciusco-Morizet et Viviane Chaine-Ribeiro (Syntec).\">Fran\u00e7ois Fillon visitant le stand de Dassault Syst\u00e8mes et testant une d\u00e9monstration de r\u00e9alit\u00e9 virtuelle. Il est aussi pass\u00e9 visiter pas mal de startups fran\u00e7aises sur Eureka mais je n'y \u00e9tais pas. Il est accueilli par Olivier Ribet de Dassault Syst\u00e8mes et accompagn\u00e9 de Laure de la Raudi\u00e8re (d\u00e9put\u00e9e LR), Nathalie Kosciusco-Morizet et Viviane Chaine-Ribeiro (Syntec).<\/div><div class='detaileddesc imgdescd'><\/div><\/div><\/div><\/div><script>$(document).ready( function() { pfnavw.pfslug = \"https:\/\/www.oezratty.net\/wordpress\/wp-content\/photo-albums\";pfnavw.pfslugc = \"https:\/\/www.oezratty.net\/wordpress\/wp-content\/photo-cache\";pfnavw.st = \"\";pfnavw.pfplug = \"https:\/\/www.oezratty.net\/wordpress\/photos\/\";pfnavw.nbrimg['pfs1'] = 2;pfnavw.istouch = false;pfnavw.issmart = false;pfnavw.imgcont['pfs1'] = 'flowimgcont';pfnavw.isadmin = 0;pfnavw.pfpluginurl  = \"https:\/\/www.oezratty.net\/wordpress\/wp-content\/plugins\/photo-folders\/\";$('.pftexthi').css('color', '#2580a2');});<\/script>\n<p>Ceci allait de pair avec un plus grand nombre de d\u00e9cideurs du CAC40, avec les interventions en keynote de <b>Carlos Ghosn<\/b> et celles de <b>St\u00e9phane Richard<\/b> (Orange) et aussi, celle de <b>S\u00e9bastien Soriano<\/b> (ARCEP) dans des conf\u00e9rences-d\u00e9bats. Le tout avec une nouvelle visite de <b>Pierre Gattaz<\/b> et d\u2019une d\u00e9l\u00e9gation du MEDEF. Il venait pour la quatri\u00e8me fois, une persistance de bon augure. <b>Carlos Tavares<\/b> de PSA \u00e9tait aussi parmi les visiteurs.<\/p>\n<p>Cette attirance magn\u00e9tique du CES pour les fran\u00e7ais est \u00e9tonnante. J\u2019avais connu les ann\u00e9es pr\u00e9c\u00e9dant 2012 o\u00f9 la France \u00e9tait une nobody sur le salon. L\u00e0, c\u2019est devenu l\u2019orgie. C\u2019en est au point o\u00f9 deux grands \u00e9v\u00e8nements concurrents se sont mont\u00e9s pour attirer les visiteurs et les exposants pendant le salon : d\u2019un c\u00f4t\u00e9 le <b>French Village<\/b> \u00e0 l\u2019h\u00f4tel Paris, et de l\u2019autre, l\u2019<b>EuroTech Business Lounge<\/b> au Planet Hollywood, juste \u00e0 c\u00f4t\u00e9. Le premier attirait de nombreuses r\u00e9gions et leurs startups avec un programme d\u2019activit\u00e9 pendant toute la journ\u00e9e, \u00e0 se demander si ceux qui viennent au CES prennent du temps pour le visiter et\/ou\u00a0y faire du business. Le second se voulait plus international et organisait notamment une conf\u00e9rence\u00a0<b>Women in Tech<\/b>, ce qui m\u2019a donn\u00e9 l\u2019occasion de pr\u00e9senter les portraits de l\u2019initiative et association \u00ab Quelques Femmes du Num\u00e9rique ! \u00bb sur trois beaux \u00e9crans. QFDN \u00e0 Las Vegas, cela a de la gueule !<\/p>\n<p>Et le soir du premier jour du salon, il y avait m\u00eame un autre \u00e9v\u00e8nement organis\u00e9 par <b>Orange<\/b> et <b>Business France<\/b>, au Stratosphere, \u00e0 une demi-heure du Paris \u00e0 vol d\u2019oiseau. Attention : ce genre d\u2019\u00e9v\u00e8nement peut amener les fran\u00e7ais \u00e0 rester trop entre eux. D\u2019ailleurs, nombreuses de TPE\/PME fran\u00e7aises de services (web agencies, ESN, &#8230;) se sont greff\u00e9es sur l\u2019\u00e9v\u00e8nement et avaient m\u00eame un stand sur Eureka sur le salon et n\u2019avaient rien \u00e0 y faire. Elles \u00e9taient surtout attir\u00e9es par les grands comptes fran\u00e7ais pr\u00e9sents. Ceux-ci sont en effet plus impressionn\u00e9s lorsqu\u2019ils croisent une soci\u00e9t\u00e9 de services \u00e0 Las Vegas qu\u2019\u00e0 Angoul\u00eame. Donc, pour prospecter du d\u00e9cideur fran\u00e7ais, il faut aller \u00e0 Las Vegas ! C\u2019est un comble ! Je ferais un d\u00e9compte chiffr\u00e9 de ces erreurs de casting dans le Rapport du CES. De quoi me faire plein d\u2019amis !<\/p>\n<p>Il y avait dans tout cela une fausse note avec l\u2019absence remarqu\u00e9e de <strong>Parrot<\/strong> qui n\u2019avait plus de stand dans le South Hall apr\u00e8s 18 ans de pr\u00e9sence continue. En cause, des difficult\u00e9s \u00e9conomiques et la concurrence chinoise. Ils \u00e9taient l\u00e0, mais cach\u00e9s dans une suite d\u2019h\u00f4tel, leur permettant d\u2019annoncer leurs nouveaut\u00e9s sans \u00eatre copi\u00e9s trop rapidement par les chinois.<\/p>\n<p>Vu de Paris, les commentaires \u00e9taient aga\u00e7ants avec des analyses pessimistes, n\u00e9gatives et faiblement document\u00e9es sur le CES. Oui, il y a des effets de bord \u00e0 cette pr\u00e9sence fran\u00e7aise, oui, c&#8217;est un salon de gadgets avec beaucoup de <i>crap<\/i>, bien entendu, ce n&#8217;est pas la seule manifestation pour faire son business \u00e0 l&#8217;international, mais de gr\u00e2ce, arr\u00eatez ce n\u00e9gativisme permanent, marque de fabrique de la France et des fran\u00e7ais, arme de destruction de notre confiance, de nos ambitions et aussi de notre capacit\u00e9 de jugement et d&#8217;action.<\/p>\n<div class='pfimgcont' id = 'pfimg-pfs1' style='background-color:transparent;border-color:transparent;'><div class=\"flowimgcont\" style=\"margin-left:3px;margin-right:3px;margin-bottom:3px;margin-top:3px;text-align:left;;\"><div class=\"flowimgone imgdescm flownoborder\" style=\"width:450px;height:300px;line-height:0;\"><a href=\"https:\/\/www.oezratty.net\/wordpress\/photos\/?g=2017&amp;a=CES%202017&amp;o=Stand%20Engie%20sur%20Eureka.jpg&amp;dm=on&amp;ph=French%20Tech%2F\" target='_blank'><img decoding=\"async\" class='flowimg' src=\"https:\/\/www.oezratty.net\/wordpress\/wp-content\/photo-albums\/2017\/CES%202017\/French%20Tech\/Stand%20Engie%20sur%20Eureka.jpg?ts=1484666159\" style=\"width:450px;height:300px;margin-top:0px !important;line-height:0;\" alt='flow'  ><\/a><\/div><\/div><\/div><script>$(document).ready( function() { pfnavw.pfslug = \"https:\/\/www.oezratty.net\/wordpress\/wp-content\/photo-albums\";pfnavw.pfslugc = \"https:\/\/www.oezratty.net\/wordpress\/wp-content\/photo-cache\";pfnavw.st = \"\";pfnavw.pfplug = \"https:\/\/www.oezratty.net\/wordpress\/photos\/\";pfnavw.nbrimg['pfs1'] = 2;pfnavw.istouch = false;pfnavw.issmart = false;pfnavw.imgcont['pfs1'] = 'flowimgcont';pfnavw.isadmin = 0;pfnavw.pfpluginurl  = \"https:\/\/www.oezratty.net\/wordpress\/wp-content\/plugins\/photo-folders\/\";$('.pftexthi').css('color', '#2580a2');});<\/script>\n<p>Le CES est un terrain d&#8217;exp\u00e9rimentation, d&#8217;apprentissage, d&#8217;exploration dans une industrie qui se retourne sur elle-m\u00eame constamment. Un exposant se prend des shoots d&#8217;adr\u00e9naline permanents, parfois des baffes, certains \u00e9mergent, d&#8217;autres disparaissent (avec ou sans CES d&#8217;ailleurs). Les grands comptes y font leur communication \u00e0 la sauce de l\u2019innovation ouverte. Ils \u00e9taient d\u2019ailleurs parfois trop pr\u00e9sents au d\u00e9triment des startups h\u00e9berg\u00e9es sur leur stand, comme <b>Engie<\/b> et<b> Air Liquide<\/b>, mais c\u2019\u00e9tait aussi le cas de <b>Samsung<\/b>.<\/p>\n<p>Il faut se garder de tirer des conclusions h\u00e2tives, de balancer des g\u00e9n\u00e9ralit\u00e9s, d&#8217;\u00eatre d\u00e9finitif sur l&#8217;innovation. C&#8217;est l&#8217;un des domaines o\u00f9 il faut apprendre l&#8217;humilit\u00e9. Le CES est r\u00e9v\u00e9lateur de nombreuses batailles d&#8217;\u00e9cosyst\u00e8mes. Les entreprises fran\u00e7aises sont tr\u00e8s d\u00e9pendantes des \u00e9cosyst\u00e8mes am\u00e9ricains GAFAMesques, mais elles en ont cr\u00e9\u00e9 quelques-uns sur lesquels il faut se pencher et qui sont des atouts.<\/p>\n<div class='pfimgcont' id = 'pfimg-pfs1' style='background-color:transparent;border-color:transparent;'><div class=\"flowimgcont\" style=\"margin-left:3px;margin-right:3px;margin-bottom:3px;margin-top:3px;text-align:left;;\"><div class=\"flowimgone imgdescm flownoborder\" style=\"width:450px;height:300px;line-height:0;\"><a href=\"https:\/\/www.oezratty.net\/wordpress\/photos\/?g=2017&amp;a=CES%202017&amp;o=FrenchTech%20CES%202017%20%281%29.jpg&amp;dm=on&amp;ph=French%20Tech%2F\" target='_blank'><img decoding=\"async\" class='flowimg' src=\"https:\/\/www.oezratty.net\/wordpress\/wp-content\/photo-albums\/2017\/CES%202017\/French%20Tech\/FrenchTech%20CES%202017%20%281%29.jpg?ts=1484666131\" style=\"width:450px;height:300px;margin-top:0px !important;line-height:0;\" alt='flow'  ><\/a><\/div><\/div><\/div><script>$(document).ready( function() { pfnavw.pfslug = \"https:\/\/www.oezratty.net\/wordpress\/wp-content\/photo-albums\";pfnavw.pfslugc = \"https:\/\/www.oezratty.net\/wordpress\/wp-content\/photo-cache\";pfnavw.st = \"\";pfnavw.pfplug = \"https:\/\/www.oezratty.net\/wordpress\/photos\/\";pfnavw.nbrimg['pfs1'] = 2;pfnavw.istouch = false;pfnavw.issmart = false;pfnavw.imgcont['pfs1'] = 'flowimgcont';pfnavw.isadmin = 0;pfnavw.pfpluginurl  = \"https:\/\/www.oezratty.net\/wordpress\/wp-content\/plugins\/photo-folders\/\";$('.pftexthi').css('color', '#2580a2');});<\/script>\n<p>Les m\u00e9dias g\u00e9n\u00e8rent un prisme d\u00e9formant de ce qui se trame au CES. Ils s&#8217;int\u00e9ressent aux gadgets, pas \u00e0 la compr\u00e9hension des enjeux industriels du secteur. Ils manquent de recul sur les processus d&#8217;innovation, sur ce qui est nouveau et ne l&#8217;est pas, sur la taille des march\u00e9s, etc. J&#8217;aimerais mieux que l&#8217;on entende parler d&#8217;enjeux industriels. De la position de <strong>STMicroelectronics<\/strong> dans l&#8217;IOT, de <strong>Valeo<\/strong> dans la conduite automatique, de <strong>Dassault Syst\u00e8mes<\/strong> dans la num\u00e9risation des processus de cr\u00e9ation et d&#8217;innovation, de startups qui lancent des \u00e9cosyst\u00e8mes complets de d\u00e9veloppement d&#8217;applications dans l&#8217;IOT comme <b>MicroEJ<\/b>, de celles qui ont des approches partenariales strat\u00e9giques comme <b>Netatmo<\/b> et de celles des startups fran\u00e7aises qui se distinguent dans l&#8217;IA ou encore dans la sant\u00e9.<\/p>\n<p><strong>Next<\/strong><\/p>\n<p>J&#8217;ai \u00e9videmment appr\u00e9ci\u00e9 ce CES 2017 pour les nombreuses rencontres qu&#8217;il permettait de faire. Chez Imagination Technologies, STMicroelectronics, Valeo, Visteon, avec Christophe Aubriet de l&#8217;EuroTech Business Lounge et son \u00e9quipe, avec les d\u00e9put\u00e9s visitant le salon, avec les nombreuses startups exposant sur Eureka, dont mes amis de 10-vins, et puis aussi l&#8217;\u00e9quipe de Ayotle, Alain Regnier, St\u00e9phane Bennour et tous les autres. Le num\u00e9rique c&#8217;est bien, mais les \u00e9changes humains, c&#8217;est encore mieux !<\/p>\n<p>Vous venez de d\u00e9guster le premier brouillon de l\u2019introduction du Rapport du CES 2017. Ce n\u2019\u00e9tait que l\u2019ap\u00e9ro light ! Je publierai la version compl\u00e8te sous la forme du Rapport du CES 2017 le 24 janvier 2017 \u00e0 9h du matin. Ce sera comme d\u2019habitude un PDF librement t\u00e9l\u00e9chargeable, sans publicit\u00e9 ni sponsoring. Il fera plus de 300 pages et malgr\u00e9 sa longueur, sera \u00e0 m\u00eame de vous informer autant que vous distraire les neurones.<\/p>\n","protected":false},"excerpt":{"rendered":"<p>Il n\u2019y a jamais de nouvelle tendance au CES ! On ne peut qu\u2019y constater soit une amplification, soit une att\u00e9nuation des tendances existantes qui ont marqu\u00e9 l\u2019ann\u00e9e pass\u00e9e. D\u2019o\u00f9 l\u2019\u00e9tonnement de ceux qui sont d\u00e9\u00e7us de ne pas d\u00e9couvrir au CES de r\u00e9volution du niveau de celle de la sortie de l\u2019iPhone en 2007. [&hellip;]<\/p>\n","protected":false},"author":1,"featured_media":0,"comment_status":"open","ping_status":"open","sticky":false,"template":"","format":"standard","meta":{"footnotes":""},"categories":[21,2659,18,10,5,36],"tags":[2818,2249,2816,902,2817,122,2074,260,89,489,2819,504,61],"class_list":["post-14060","post","type-post","status-publish","format-standard","hentry","category-entrepreneuriat","category-intelligence-artificielle","category-politique","category-startups","category-technologie","category-usa","tag-air-liquide","tag-axelle-lemaire","tag-ces-2017","tag-dassault-systemes","tag-engie","tag-francois-fillon","tag-french-tech","tag-intel","tag-las-vegas","tag-lg-electronics","tag-michel-sapin","tag-qualcomm","tag-samsung"],"views":90909,"_links":{"self":[{"href":"https:\/\/www.oezratty.net\/wordpress\/wp-json\/wp\/v2\/posts\/14060","targetHints":{"allow":["GET"]}}],"collection":[{"href":"https:\/\/www.oezratty.net\/wordpress\/wp-json\/wp\/v2\/posts"}],"about":[{"href":"https:\/\/www.oezratty.net\/wordpress\/wp-json\/wp\/v2\/types\/post"}],"author":[{"embeddable":true,"href":"https:\/\/www.oezratty.net\/wordpress\/wp-json\/wp\/v2\/users\/1"}],"replies":[{"embeddable":true,"href":"https:\/\/www.oezratty.net\/wordpress\/wp-json\/wp\/v2\/comments?post=14060"}],"version-history":[{"count":0,"href":"https:\/\/www.oezratty.net\/wordpress\/wp-json\/wp\/v2\/posts\/14060\/revisions"}],"wp:attachment":[{"href":"https:\/\/www.oezratty.net\/wordpress\/wp-json\/wp\/v2\/media?parent=14060"}],"wp:term":[{"taxonomy":"category","embeddable":true,"href":"https:\/\/www.oezratty.net\/wordpress\/wp-json\/wp\/v2\/categories?post=14060"},{"taxonomy":"post_tag","embeddable":true,"href":"https:\/\/www.oezratty.net\/wordpress\/wp-json\/wp\/v2\/tags?post=14060"}],"curies":[{"name":"wp","href":"https:\/\/api.w.org\/{rel}","templated":true}]}}