{"id":11115,"date":"2015-06-12T10:34:12","date_gmt":"2015-06-12T08:34:12","guid":{"rendered":"http:\/\/www.oezratty.net\/wordpress\/?p=11115"},"modified":"2015-06-13T19:36:37","modified_gmt":"2015-06-13T17:36:37","slug":"surdose-evenements-digitaux-entrepreneuriaux","status":"publish","type":"post","link":"https:\/\/www.oezratty.net\/wordpress\/2015\/surdose-evenements-digitaux-entrepreneuriaux\/","title":{"rendered":"L&#8217;overdose d&#8217;\u00e9v\u00e9nements digitaux et entrepreneuriaux"},"content":{"rendered":"<p>Ceci est une reprise un peu \u00e9labor\u00e9e d\u2019un petit <a href=\"https:\/\/www.facebook.com\/olivier.ezratty\/posts\/10153940110950558\">coup de gueule<\/a> personnel sur Facebook du 11 juin 2015. C&#8217;est moins percutant mais plus argument\u00e9 et avec quelques propositions \u00e0 la cl\u00e9 !<\/p>\n<p>Ce mois de juin 2015 \u00e9tait \u00e0 l\u2019image des derniers mois : une hypertrophie d\u2019\u00e9v\u00e9nements autour du num\u00e9rique : <a href=\"https:\/\/www.oezratty.net\/wordpress\/photos\/?ws=geEC9y\">BIG de Bpifrance<\/a>, Universit\u00e9 du Num\u00e9rique du Medef, Cross vid\u00e9o days, Futur en Seine, Conf\u00e9rence du Num\u00e9rique de Paris, Assembl\u00e9e G\u00e9n\u00e9rale de l&#8217;EBG et conf\u00e9rence Hellow Tomorrow pour ne citer que les plus importants et uniquement sur Paris. Ils faisaient suite \u00e0 de grandes manifestations en r\u00e9gion comme le Web2day de Nantes qui avait lieu d\u00e9but juin. Et je n&#8217;\u00e9voque m\u00eame pas la flop\u00e9e de petits \u00e9v\u00e9nements et la profusion des concours de startups organis\u00e9s par\u00a0les grandes entreprises, les agences de communication et autres organisations.<\/p>\n<p><strong>L&#8217;origine de l&#8217;overdose ?<\/strong><\/p>\n<p>Nous assistons \u00e0 une v\u00e9ritable overdose d&#8217;\u00e9v\u00e9nements sur le num\u00e9rique, mis \u00e0 toutes les sauces sponsoris\u00e9es. Et ce n&#8217;est pas li\u00e9 qu&#8217;au maelstr\u00f6m traditionnel du mois de juin qui pr\u00e9c\u00e8de la torpeur estivale fran\u00e7aise ! Et quand on y est habitu\u00e9, la dose d\u2019ennui que l\u2019on y ressent grandi de conf\u00e9rence en conf\u00e9rence.<\/p>\n<p>Comment interpr\u00e9ter cette pl\u00e9thore\u00a0d\u2019\u00e9v\u00e9nements ? C\u2019est un m\u00e9lange de bulle entrepreneuriale, de bulle de l&#8217;innovation ouverte d\u00e9clench\u00e9e avec plus ou moins de bonheur par les grandes entreprises, de bulle de la transformation num\u00e9rique d\u00e9clench\u00e9e ou subie par ces m\u00eames entreprises, de bulle du baratin sur le digital, de bulle des \u00e9v\u00e9nements IRL (in real life) qui d\u00e9crivent la mani\u00e8re de s\u2019en passer, de bulle des pr\u00e9visions et de bulle des bulles qui s&#8217;additionnent les unes aux autres.<\/p>\n<p>Certains de ces \u00e9v\u00e9nements sont anciens et r\u00f4d\u00e9s (l&#8217;AG de l&#8217;EBG a 17 ans, Futur en Seine a \u00e9t\u00e9 cr\u00e9\u00e9 en 2009) tandis que d&#8217;autres sont nouveaux (comme le BIG de Bpifrance ou la conf\u00e9rence num\u00e9rique du MEDEF). Certains sont\u00a0ouverts \u00e0 tous (BIG, Futur en Seine), d&#8217;autres \u00e0 un public plus restreint. Les th\u00e9matiques \u00e0 la mode g\u00e9n\u00e8rent leur propre vague d&#8217;\u00e9v\u00e9nements nouveaux comme dans les objets connect\u00e9s ou la transformation num\u00e9rique qui s&#8217;ajoutent aux \u00e9v\u00e9nements existants.<\/p>\n<div class='pfimgcont' id = 'pfimg-pfs1' style='background-color:transparent;border-color:transparent;'><div class=\"flowimgcont\" style=\"margin-left:3px;margin-right:3px;text-align:left;;\"><div class=\"flowimgone imgdescm flownoborder\" style=\"width:450px;height:300px;line-height:0;\"><a href=\"https:\/\/www.oezratty.net\/wordpress\/photos\/?g=2015&amp;a=BIG%20Bpifrance%20Jun2015&amp;o=Salle%20pl%C3%A9ni%C3%A8re%20%281%29.jpg&amp;dm=on\" target='_blank'><img decoding=\"async\" class='flowimg' src=\"https:\/\/www.oezratty.net\/wordpress\/wp-content\/photo-albums\/2015\/BIG%20Bpifrance%20Jun2015\/Salle%20pl%E9ni%E8re%20%281%29.jpg?ts=1434102203\" style=\"width:450px;height:300px;margin-top:0px !important;line-height:0;\" alt='flow'  ><\/a><\/div><br><div   style=\"width: 450px;margin-bottom:14px;\"  class=\"flowimgt imgdescm\" ><div class='imgdescs flowdesc' title=\"Salle de conf&eacute;rence pl&eacute;ni&egrave;re de la conf&eacute;rence BIG de Bpifrance le 11 juin 2015. Elle &eacute;tait bien remplie et c&#039;&eacute;tait le second jour de la conf&eacute;rence.\">Salle de conf\u00e9rence pl\u00e9ni\u00e8re de la conf\u00e9rence BIG de Bpifrance le 11 juin 2015. Elle \u00e9tait bien remplie et c'\u00e9tait le second jour de la conf\u00e9rence.<\/div><div class='detaileddesc imgdescd'><\/div><\/div><\/div><\/div><script>$(document).ready( function() { pfnavw.pfslug = \"https:\/\/www.oezratty.net\/wordpress\/wp-content\/photo-albums\";pfnavw.pfslugc = \"https:\/\/www.oezratty.net\/wordpress\/wp-content\/photo-cache\";pfnavw.st = \"\";pfnavw.pfplug = \"https:\/\/www.oezratty.net\/wordpress\/photos\/\";pfnavw.nbrimg['pfs1'] = 2;pfnavw.istouch = false;pfnavw.issmart = false;pfnavw.imgcont['pfs1'] = 'flowimgcont';pfnavw.isadmin = 0;pfnavw.pfpluginurl  = \"https:\/\/www.oezratty.net\/wordpress\/wp-content\/plugins\/photo-folders\/\";$('.pftexthi').css('color', '#2580a2');});<\/script>\n<p>Ces bulles ne sont malheureusement pas corr\u00e9l\u00e9es par une augmentation proportionn\u00e9e de la qualit\u00e9 des intervenants et des conf\u00e9rences ! M\u00eame les bons intervenants que l&#8217;on voit souvent ont tendance \u00e0 s&#8217;user dans la niaque oratoire ! Les intervenants ont tendance \u00e0 radoter dans ces diff\u00e9rents \u00e9v\u00e9nements. Combien de fois par exemple entend-on qu\u2019il faut accepter le risque dans la culture fran\u00e7aise pour encourager l\u2019entrepreneuriat ? Et d\u2019expliquer soit en plein que l\u2019entrepreneuriat en France est merveilleux soit en creux que c\u2019est un enfer.<\/p>\n<p>La bonne parole se doit d&#8217;\u00eatre rare. L&#8217;orgie de parole et d&#8217;\u00e9crits les banalise. Le silence de la r\u00e9flexion devient la raret\u00e9 du moment. Chut ! Shut down ! Ou dure sera la chute ! Comme apr\u00e8s l\u2019\u00e9clatement de la bulle Internet en 2001, on pourrait assister d\u2019ici peu \u00e0 une d\u00e9crue de ce d\u00e9luge d\u2019\u00e9v\u00e9nements.<\/p>\n<p>Mais n&#8217;exag\u00e9rons pas tout de m\u00eame ! Des entrepreneurs et intervenants de renom et de qualit\u00e9 s&#8217;expriment dans ces diff\u00e9rents \u00e9v\u00e9nements. Une bonne part d&#8217;entre eux font l&#8217;affaire. Le principal \u00e9cueil vient du format des conf\u00e9rences qui ne se renouvelle pas assez.<\/p>\n<p><strong>Les mauvaises pratiques dans les \u00e9v\u00e9nements<\/strong><\/p>\n<p>Le pire ? Les conf\u00e9rences articul\u00e9es principalement autour de tables rondes. Elles\u00a0sont g\u00e9n\u00e9ralement fort ennuyeuses car sans grand clivages. Les intervenants qui ne sont pas leur propre patron ne prennent pas beaucoup de risques dans leur prise de parole. Ils sont tr\u00e8s lisses. A contrario, des entrepreneurs tels que les excellents Xavier Niel ou Henri Seydoux (Parrot) peuvent tout se permettre. Qui plus est, certains intervenants sont des sponsors que l&#8217;on ne bouscule pas trop car ils financent l\u2019\u00e9v\u00e9nement en question. Plus il y a de sponsors et d\u2019intervenants de sponsors en proportion de l\u2019ensemble des intervenants d\u2019une conf\u00e9rence, moins on aura d&#8217;humour et d&#8217;autod\u00e9rision, de prise de risque et\u00a0d&#8217;impr\u00e9vu et\u00a0plus on a de chances de s\u2019ennuyer ferme !<\/p>\n<p>A force d\u2019aligner un trop grand nombre d\u2019intervenants, les interventions sont paradoxalement trop courtes et assez mal illustr\u00e9es. Le format s\u2019est d\u2019abord appliqu\u00e9 aux startups \u00e0 qui on demande de pr\u00e9senter leur concept en mode \u201celevator pitch\u201d de 10, puis 5, voire trois ou une minutes. Cela permet d\u2019en enquiller beaucoup et de t\u00e9moigner qui de la vibrance d&#8217;un \u00e9cosyst\u00e8me local qui de la panoplie des startups incub\u00e9e ou acc\u00e9l\u00e9r\u00e9e \u00e0 tel ou tel endroit. Mais cela\u00a0t\u00e9moigne in fine d\u2019un manque de respect pour leur travail. Surtout si dans le m\u00eame temps, les <em>elevator pitches<\/em> ont \u00e9t\u00e9 pr\u00e9c\u00e9d\u00e9s d\u2019interminables pr\u00e9liminaires d\u2019intervenants d\u2019entreprises traditionnelles ou de notables locaux.<\/p>\n<p>Seulement voil\u00e0, la m\u00e9thode de l\u2019elevator pitch est maintenant appliqu\u00e9e aux autres intervenants. Les \u00e9v\u00e9nements appliquent trop basiquement un principe qui vient de la mobilit\u00e9 et qui est inspir\u00e9 de la compr\u00e9hension plus ou moins bonne que l&#8217;on a des comportements des g\u00e9n\u00e9ration Y et Z : l\u2019attention des audiences diminuant d\u2019ann\u00e9e en ann\u00e9e, on en vient \u00e0 r\u00e9duire la dur\u00e9e de la prise de parole au minimum. Au point qu\u2019il devient difficile d\u2019\u00e9laborer une id\u00e9e un tant soi peu complexe ou subtile. Comme les \u00e9tudes scientifiques indiquent que l\u2019attention moyenne d\u2019une audience est de 12 minutes, on en vient \u00e0 en faire le format \u201clong\u201d des conf\u00e9rences. Heureusement que cela ne s\u2019applique pas (encore) \u00e0 l\u2019enseignement !<\/p>\n<p>Une bonne part de l&#8217;assistance n&#8217;en a cure car elle vient aux \u00e9v\u00e9nements pour &#8220;schmoozer&#8221;, \u00e0 savoir d\u00e9velopper et entretenir son r\u00e9seau. Mais un \u00e9v\u00e9nement qui n&#8217;est d\u00e9di\u00e9 qu&#8217;au r\u00e9seautage ne fonctionne pas bien. Il faut que l&#8217;on y apprenne quelque chose tout de m\u00eame !<\/p>\n<p><strong>Quelques\u00a0bonnes pratiques<\/strong><\/p>\n<p>A observer tous ces \u00e9v\u00e9nements, leur sc\u00e9nographie m\u00e9rite d&#8217;\u00eatre encore plus revisit\u00e9e que le casting ! Il existe pourtant des recettes bien connues pour r\u00e9ussir un \u00e9v\u00e9nement, quel que soit le domaine\u00a0!<\/p>\n<p>En voici quelques-unes qui font g\u00e9n\u00e9ralement\u00a0mouche surtout quand elles sont combin\u00e9es les unes aux autres :<\/p>\n<ul>\n<li>Alterner les <strong>formats d\u2019intervention<\/strong>. C\u2019est le cas de la conf\u00e9rence LeWeb qui alterne les keynotes et les tables rondes. Il ne faut pas abuser des tables rondes car, sinon, c\u2019est l\u2019endormissement garanti pour l\u2019audience ! Au passage, ils n\u2019est pas n\u00e9cessaire d\u2019aligner des dizaines d\u2019intervenants. Dans une bonne conf\u00e9rence, l\u2019audience retiendra les interventions d\u2019un maximum de trois \u00e0 cinq bons intervenants. A contrario, il vaut mieux \u00e9viter d&#8217;organiser une conf\u00e9rence avec un seul intervenant, comme les Show Hello d&#8217;Orange o\u00f9 l&#8217;on a sur sc\u00e8ne le choix entre St\u00e9phane Richard et St\u00e9phane Richard, qui lit soigneusement son prompteur !<\/li>\n<\/ul>\n<div class='pfimgcont' id = 'pfimg-pfs1' style='background-color:transparent;border-color:transparent;'><div class=\"flowimgcont\" style=\"margin-left:3px;margin-right:3px;text-align:left;;\"><div class=\"flowimgone imgdescm flownoborder\" style=\"width:450px;height:300px;line-height:0;\"><a href=\"https:\/\/www.oezratty.net\/wordpress\/photos\/?g=2014&amp;a=Orange%20ShowHello%20Oct2014&amp;o=St%C3%A9phane%20Richard%20%28Orange%29%20%282%29.jpg&amp;dm=on\" target='_blank'><img decoding=\"async\" class='flowimg' src=\"https:\/\/www.oezratty.net\/wordpress\/wp-content\/photo-albums\/2014\/Orange%20ShowHello%20Oct2014\/St%E9phane%20Richard%20%28Orange%29%20%282%29.jpg?ts=1412358072\" style=\"width:450px;height:300px;margin-top:0px !important;line-height:0;\" alt='flow'  ><\/a><\/div><br><div   style=\"width: 450px;margin-bottom:14px;\"  class=\"flowimgt imgdescm\" ><div class='imgdescs flowdesc' title=\"La conf&eacute;rence mono-intervenant est aussi &agrave; &eacute;viter. Ici avec St&eacute;phane Richard d&#039;Orange dans le ShowHello en octobre 2014. Xavier Niel fait de m&ecirc;me, mais en faisant parfois intervenir d&#039;autres personnes, comme Philippe Starck pour le lancement de la Freebox Revolution en d&eacute;cembre 2010.\">La conf\u00e9rence mono-intervenant est aussi \u00e0 \u00e9viter. Ici avec St\u00e9phane Richard d'Orange dans le ShowHello en octobre 2014. Xavier Niel fait de m\u00eame, mais en faisant parfois intervenir d'autres personnes, comme Philippe Starck pour le lancement de la Freebox Revolution en d\u00e9cembre 2010.<\/div><div class='detaileddesc imgdescd'><\/div><\/div><\/div><\/div><script>$(document).ready( function() { pfnavw.pfslug = \"https:\/\/www.oezratty.net\/wordpress\/wp-content\/photo-albums\";pfnavw.pfslugc = \"https:\/\/www.oezratty.net\/wordpress\/wp-content\/photo-cache\";pfnavw.st = \"\";pfnavw.pfplug = \"https:\/\/www.oezratty.net\/wordpress\/photos\/\";pfnavw.nbrimg['pfs1'] = 2;pfnavw.istouch = false;pfnavw.issmart = false;pfnavw.imgcont['pfs1'] = 'flowimgcont';pfnavw.isadmin = 0;pfnavw.pfpluginurl  = \"https:\/\/www.oezratty.net\/wordpress\/wp-content\/plugins\/photo-folders\/\";$('.pftexthi').css('color', '#2580a2');});<\/script>\n<ul>\n<li>Agr\u00e9menter <strong>visuellement <\/strong>les interventions avec des vid\u00e9os ou des d\u00e9monstrations. C\u2019est \u00e9videmment plus facile en d\u00e9montrant un drone h\u00e9licopt\u00e8re qu\u2019avec les concepts de la transformation num\u00e9rique. Une bonne structure d\u2019organisation de conf\u00e9rence devrait v\u00e9rifier en amont les supports de pr\u00e9sentation des intervenants et leur proposer des am\u00e9liorations si n\u00e9cessaire, pour \u00e9liminer ou simplifier les slides pas assez visuels et supprimer les slides comprenant\u00a0des \u201cbullet points\u201d. Histoire d\u2019\u00e9viter le syndrome de la \u201cmort par Powerpoint\u201d ! On objectera bien entendu que c&#8217;est difficile, surtout quand les intervenants fournissent leurs supports au dernier moment. Mais on peut tout de m\u00eame essayer !<\/li>\n<\/ul>\n\n<ul>\n<li>Mettre en avant les gens qui savent prendre le <strong>risque de provoquer<\/strong>. En g\u00e9n\u00e9ral, ils n\u2019ont pas de chef ! Cela concerne aussi les animateurs. La provocation, c&#8217;est aussi la capacit\u00e9 \u00e0 v\u00e9hiculer une forte charge \u00e9motionnelle vers l&#8217;audience, comme on le voit parfois dans les conf\u00e9rences TEDx et TED. Il existe une technique souvent employ\u00e9e, dite de la &#8220;r\u00e9v\u00e9lation&#8221;. Un intervenant projette une forte charge \u00e9motionnelle sur une personne qui n&#8217;est pas l\u00e0 (une adolescente op\u00e9r\u00e9e du c\u0153ur, un enfant autiste, le\u00a0p\u00e8re de l&#8217;intervenante, etc) et celle-ci est appel\u00e9e sur sc\u00e8ne \u00e0 la fin de l&#8217;intervention.<\/li>\n<\/ul>\n\n<ul>\n<li>Dans les <strong>tables rondes<\/strong>, assembler des intervenants qui ont des positions tr\u00e8s diff\u00e9rentes. Et les faire animer par des personnalit\u00e9s, journalistes ou autres, qui savent poser tout haut les questions que la salle se pose tout bas, avec ou sans Twitter wall. Exemple g\u00e9n\u00e9ralement marquant : la table ronde finale des Universit\u00e9s d\u2019Et\u00e9 du SNPTV (le syndicat de la pub \u00e0 la TV) qui associe les patrons des grandes chaines TV. Quand vous mettez Nicolas de Tavernost et Nonce Paolini dans un panel, vous avez m\u00e9caniquement un bon spectacle, m\u00eame si la formule s\u2019use avec la r\u00e9p\u00e9tition.<\/li>\n<\/ul>\n<div class='pfimgcont' id = 'pfimg-pfs1' style='background-color:transparent;border-color:transparent;'><div class=\"flowimgcont\" style=\"margin-left:3px;margin-right:3px;text-align:left;;\"><div class=\"flowimgone imgdescm flownoborder\" style=\"width:450px;height:300px;line-height:0;\"><a href=\"https:\/\/www.oezratty.net\/wordpress\/photos\/?g=2014&amp;a=SNPTV%20Universit%C3%A9s%20d%27Et%C3%A9%20Jun2014&amp;o=Nonce%20Paolini%20et%20Nicolas%20de%20Tavernost%20%281%29.jpg&amp;dm=on\" target='_blank'><img decoding=\"async\" class='flowimg' src=\"https:\/\/www.oezratty.net\/wordpress\/wp-content\/photo-albums\/2014\/SNPTV%20Universit%E9s%20d%27Et%E9%20Jun2014\/Nonce%20Paolini%20et%20Nicolas%20de%20Tavernost%20%281%29.jpg?ts=1403285617\" style=\"width:450px;height:300px;margin-top:0px !important;line-height:0;\" alt='flow'  ><\/a><\/div><br><div   style=\"width: 450px;margin-bottom:14px;\"  class=\"flowimgt imgdescm\" ><div class='imgdescs flowdesc' title=\"Vous mettez deux patrons concurrents sur la m&ecirc;me table ronde et vous avez g&eacute;n&eacute;ralement du bon spectacle, comme ici aux Universit&eacute;s d&#039;Et&eacute; du SNPTV avec Nicolas de Tavernost (M6) et Nonce Paolini (TF1).\">Vous mettez deux patrons concurrents sur la m\u00eame table ronde et vous avez g\u00e9n\u00e9ralement du bon spectacle, comme ici aux Universit\u00e9s d'Et\u00e9 du SNPTV avec Nicolas de Tavernost (M6) et Nonce Paolini (TF1).<\/div><div class='detaileddesc imgdescd'><\/div><\/div><\/div><\/div><script>$(document).ready( function() { pfnavw.pfslug = \"https:\/\/www.oezratty.net\/wordpress\/wp-content\/photo-albums\";pfnavw.pfslugc = \"https:\/\/www.oezratty.net\/wordpress\/wp-content\/photo-cache\";pfnavw.st = \"tavernost\";pfnavw.pfplug = \"https:\/\/www.oezratty.net\/wordpress\/photos\/\";pfnavw.nbrimg['pfs1'] = 2;pfnavw.istouch = false;pfnavw.issmart = false;pfnavw.imgcont['pfs1'] = 'flowimgcont';pfnavw.isadmin = 0;pfnavw.pfpluginurl  = \"https:\/\/www.oezratty.net\/wordpress\/wp-content\/plugins\/photo-folders\/\";$('.pftexthi').css('color', '#2580a2');});<\/script>\n\n<ul>\n<li>Int\u00e9grer <strong>l&#8217;audience dans la conversation<\/strong>, d&#8217;une mani\u00e8re ou d&#8217;une autre. L&#8217;interactivit\u00e9 d\u00e9marre avec les fameux twitter walls plus ou moins mod\u00e9r\u00e9s et fonctionne encore mieux avec des questions directement pos\u00e9es par l&#8217;audience. Cela fonctionne quelle que soit la taille de l&#8217;audience. Si il n&#8217;y a pas de questions, c&#8217;est mauvais signe. Cela signifie en g\u00e9n\u00e9ral que l&#8217;intervention ou le d\u00e9bat ont \u00e9t\u00e9 trop consensuels ou bien inint\u00e9ressants\u00a0! Les questions pos\u00e9es peuvent aussi provenir de &#8220;zozos&#8221; qui exposent leur probl\u00e8me personnel,\u00a0sont hors sujet ou la ram\u00e8nent pour faire leur promotion plut\u00f4t que de poser une v\u00e9ritable question. Cela arrive et est difficile \u00e0 \u00e9viter. Cela arrive moins quand l&#8217;audience est bien qualifi\u00e9e.<\/li>\n<\/ul>\n\n<ul>\n<li>Si vous faites venir un <strong>politique<\/strong>\u00a0&#8211;\u00a0Ministre ou autre, privil\u00e9giez la discussion avec un animateur au discours introductif lu. Ces\u00a0discours sont g\u00e9n\u00e9ralement tr\u00e8s format\u00e9s et ennuyeux. Rares sont les politiques\u00a0qui s&#8217;en \u00e9cartent plus de 5%. Dans des questions\/r\u00e9ponses, le free style et la spontan\u00e9it\u00e9 sont meilleurs. On l&#8217;avait vu notamment avec Arnaud Montebourg \u00e0 Leweb 2013. Il \u00e9tait \u00e0 c\u00f4t\u00e9 de la plaque sur certains points mais au moins le spectacle \u00e9tait l\u00e0 ! Il en va de m\u00eame avec Axelle Lemaire que l&#8217;on croise dans de nombreux \u00e9v\u00e9nements sur le num\u00e9rique. Elle sera meilleure en \u00e9change qu&#8217;en discours. Evitez au passage les interventions de politiques via Skype. Cela a 95% de chances de mal se passer,\u00a0comme l&#8217;ont exp\u00e9riment\u00e9 les organisateurs du Web2day 2015 !<\/li>\n<\/ul>\n<div class='pfimgcont' id = 'pfimg-pfs1' style='background-color:transparent;border-color:transparent;'><div class=\"flowimgcont\" style=\"margin-left:3px;margin-right:3px;text-align:left;;\"><div class=\"flowimgone imgdescm flownoborder\" style=\"width:450px;height:300px;line-height:0;\"><a href=\"https:\/\/www.oezratty.net\/wordpress\/photos\/?g=2015&amp;a=Web2day%20Nantes%20Jun2015&amp;o=Axelle%20Lemaire%20%281%29.jpg&amp;dm=on\" target='_blank'><img decoding=\"async\" class='flowimg' src=\"https:\/\/www.oezratty.net\/wordpress\/wp-content\/photo-albums\/2015\/Web2day%20Nantes%20Jun2015\/Axelle%20Lemaire%20%281%29.jpg?ts=1433741869\" style=\"width:450px;height:300px;margin-top:0px !important;line-height:0;\" alt='flow'  ><\/a><\/div><br><div   style=\"width: 450px;margin-bottom:14px;\"  class=\"flowimgt imgdescm\" ><div class='imgdescs flowdesc' title=\"Evitez les Skype dans une conf&eacute;rence ! La connexion avec la salle ne fonctionne pas bien. Sans compter la connexion technique en tant que telle o&ugrave; l&#039;image est de pi&egrave;tre qualit&eacute; tout comme le son comme ici au Web2day de Nantes en juin 2015.\">Evitez les Skype dans une conf\u00e9rence ! La connexion avec la salle ne fonctionne pas bien. Sans compter la connexion technique en tant que telle o\u00f9 l'image est de pi\u00e8tre qualit\u00e9 tout comme le son comme ici au Web2day de Nantes en juin 2015.<\/div><div class='detaileddesc imgdescd'><\/div><\/div><\/div><\/div><script>$(document).ready( function() { pfnavw.pfslug = \"https:\/\/www.oezratty.net\/wordpress\/wp-content\/photo-albums\";pfnavw.pfslugc = \"https:\/\/www.oezratty.net\/wordpress\/wp-content\/photo-cache\";pfnavw.st = \"\";pfnavw.pfplug = \"https:\/\/www.oezratty.net\/wordpress\/photos\/\";pfnavw.nbrimg['pfs1'] = 2;pfnavw.istouch = false;pfnavw.issmart = false;pfnavw.imgcont['pfs1'] = 'flowimgcont';pfnavw.isadmin = 0;pfnavw.pfpluginurl  = \"https:\/\/www.oezratty.net\/wordpress\/wp-content\/plugins\/photo-folders\/\";$('.pftexthi').css('color', '#2580a2');});<\/script>\n<ul>\n<li>Int\u00e9grer des interventions qui vont <strong>\u00e9largir la perspective<\/strong>. Cela peut n\u00e9cessiter de faire appel \u00e0 des sociologues, des chercheurs, des prix Nobel, ou simplement de casser le rythme du ron-ron des sujets habituels. C\u2019est ce que j\u2019ai propos\u00e9 \u00e0 plusieurs reprises aux organisateurs du Web2day de Nantes en intervenant tour \u00e0 tour sur la valeur \u00e9motionnelle des objets connect\u00e9s, sur les entrailles des semi-conducteurs et sur le s\u00e9quen\u00e7age de l\u2019ADN et ses applications, des domaines o\u00f9 je n\u2019\u00e9tais pas particuli\u00e8rement attendu (pour les deux derniers en tout cas). A Leweb en 2012, on pouvait appr\u00e9cier l\u2019intervention d\u2019un gars de la NASA qui avait d\u00e9velopp\u00e9 le logiciel du rover Curiosity qui avait atterri sur Mars quelques mois auparavant ! C\u2019\u00e9tait passionnant, et bien num\u00e9rique ! C\u2019est aussi, semble-t-il l\u2019approche de la conf\u00e9rence Hellow Tomorrow organis\u00e9e par Xavier Duportet. Une bonne conf\u00e9rence donne l\u2019impression \u00e0 l\u2019ensemble de l\u2019audience qu\u2019elle a appris ou d\u00e9couvert quelque chose de nouveau et eu l\u2019envie de creuser !<\/li>\n<\/ul>\n\n<ul>\n<li>Inviter des <strong>intervenants \u00e9trangers <\/strong>et notamment anglo-saxons. Ils maitrisent g\u00e9n\u00e9ralement mieux que nous l\u2019art oratoire. Surtout s\u2019ils sont dans les cat\u00e9gories pr\u00e9c\u00e9dentes ! Les grands \u00e9v\u00e9nements num\u00e9riques fran\u00e7ais sont bien trop franco-fran\u00e7ais en g\u00e9n\u00e9ral ! Se pose la question de la langue utilis\u00e9e dans la conf\u00e9rence. Tout en anglais ? Mix d&#8217;anglais et de fran\u00e7ais ? Cela d\u00e9pend de la proportion d&#8217;\u00e9trangers. Si les \u00e9trangers ne sont que les intervenants, le reste de la conf\u00e9rence peut rester en fran\u00e7ais. Sinon, l&#8217;anglais est de rigueur. Cela va augmenter la difficult\u00e9 pour les\u00a0intervenants fran\u00e7ais qui en g\u00e9n\u00e9ral s&#8217;expriment assez mal dans la langue de Shakespeare. Mais on n&#8217;a pas le choix. Et si on veut d\u00e9velopper la dimension internationale de nos startups, c&#8217;est un point de passage oblig\u00e9 !<\/li>\n<\/ul>\n\n<ul>\n<li>Ne pas h\u00e9siter \u00e0 faire intervenir des <strong>artistes <\/strong>et int\u00e9grer des performances. Cela peut \u00eatre du hip hop comme on a pu le voir il y a quelques ann\u00e9es \u00e0 Leweb ou r\u00e9cemment \u00e0 la conf\u00e9rence Xtrem\u2019Up \u00e0 Montpellier. A Leweb, on a aussi eu des magiciens comme Marco Tempest, utilisant le num\u00e9rique dans leurs tours. C\u2019est aussi le format des conf\u00e9rences TEDx qui int\u00e8grent souvent un ou deux artistes au milieu des interventions classiques d\u2019entrepreneurs, chercheurs et autres activistes. Et\u00a0vous avez aussi l&#8217;excellentissime Vinvin capable d&#8217;int\u00e9grer du num\u00e9rique, de l&#8217;entrepreneuriat et du d\u00e9fi personnel dans un format caf\u00e9-th\u00e9\u00e2tre in\u00e9narable !<\/li>\n<\/ul>\n\n<div class='pfimgcont' id = 'pfimg-pfs1' style='background-color:transparent;border-color:transparent;'><div class=\"flowimgcont\" style=\"margin-left:3px;margin-right:3px;text-align:left;;\"><div class=\"flowimgone imgdescm flownoborder\" style=\"width:450px;height:300px;line-height:0;\"><a href=\"https:\/\/www.oezratty.net\/wordpress\/photos\/?g=2015&amp;a=Montpellier%20Xtrem%27Up%20May2015&amp;o=Groupe%20de%20hip%20hop%20%2868%29.jpg&amp;dm=on\" target='_blank'><img decoding=\"async\" class='flowimg' src=\"https:\/\/www.oezratty.net\/wordpress\/wp-content\/photo-albums\/2015\/Montpellier%20Xtrem%27Up%20May2015\/Groupe%20de%20hip%20hop%20%2868%29.jpg?ts=1431598429\" style=\"width:450px;height:300px;margin-top:0px !important;line-height:0;\" alt='flow'  ><\/a><\/div><br><div   style=\"width: 450px;margin-bottom:14px;\"  class=\"flowimgt imgdescm\" ><div class='imgdescs flowdesc' title=\"M&eacute;taphore entrepreneuriale... ? Vue &agrave; la conf&eacute;rence Xtrem&#039;Up de Montpellier en mai 2015.\">M\u00e9taphore entrepreneuriale... ? Vue \u00e0 la conf\u00e9rence Xtrem'Up de Montpellier en mai 2015.<\/div><div class='detaileddesc imgdescd'><\/div><\/div><\/div><\/div><script>$(document).ready( function() { pfnavw.pfslug = \"https:\/\/www.oezratty.net\/wordpress\/wp-content\/photo-albums\";pfnavw.pfslugc = \"https:\/\/www.oezratty.net\/wordpress\/wp-content\/photo-cache\";pfnavw.st = \"\";pfnavw.pfplug = \"https:\/\/www.oezratty.net\/wordpress\/photos\/\";pfnavw.nbrimg['pfs1'] = 2;pfnavw.istouch = false;pfnavw.issmart = false;pfnavw.imgcont['pfs1'] = 'flowimgcont';pfnavw.isadmin = 0;pfnavw.pfpluginurl  = \"https:\/\/www.oezratty.net\/wordpress\/wp-content\/plugins\/photo-folders\/\";$('.pftexthi').css('color', '#2580a2');});<\/script>\n<div class='pfimgcont' id = 'pfimg-pfs1' style='background-color:transparent;border-color:transparent;'><div class=\"flowimgcont\" style=\"margin-left:3px;margin-right:3px;text-align:left;;\"><div class=\"flowimgone imgdescm flownoborder\" style=\"width:450px;height:300px;line-height:0;\"><a href=\"https:\/\/www.oezratty.net\/wordpress\/photos\/?g=2014&amp;a=TEDx%20Paris%20Oct2014&amp;o=Cyrille%20de%20Lasteyrie%20%2831%29.jpg&amp;dm=on\" target='_blank'><img decoding=\"async\" class='flowimg' src=\"https:\/\/www.oezratty.net\/wordpress\/wp-content\/photo-albums\/2014\/TEDx%20Paris%20Oct2014\/Cyrille%20de%20Lasteyrie%20%2831%29.jpg?ts=1413142661\" style=\"width:450px;height:300px;margin-top:0px !important;line-height:0;\" alt='flow'  ><\/a><\/div><br><div   style=\"width: 450px;margin-bottom:14px;\"  class=\"flowimgt imgdescm\" ><div class='imgdescs flowdesc' title=\"Je suis fan de Cyrille de Lasteyrie (Vinvin) ! Partout o&ugrave; il intervient, on se sent mieux apr&egrave;s ! Ici, apr&egrave;s son talk de conclusion de TEDx Paris au Th&eacute;&acirc;tre du Chatelet en octobre 2014.\">Je suis fan de Cyrille de Lasteyrie (Vinvin) ! Partout o\u00f9 il intervient, on se sent mieux apr\u00e8s ! Ici, apr\u00e8s son talk de conclusion de TEDx Paris au Th\u00e9\u00e2tre du Chatelet en octobre 2014.<\/div><div class='detaileddesc imgdescd'><\/div><\/div><\/div><\/div><script>$(document).ready( function() { pfnavw.pfslug = \"https:\/\/www.oezratty.net\/wordpress\/wp-content\/photo-albums\";pfnavw.pfslugc = \"https:\/\/www.oezratty.net\/wordpress\/wp-content\/photo-cache\";pfnavw.st = \"\";pfnavw.pfplug = \"https:\/\/www.oezratty.net\/wordpress\/photos\/\";pfnavw.nbrimg['pfs1'] = 2;pfnavw.istouch = false;pfnavw.issmart = false;pfnavw.imgcont['pfs1'] = 'flowimgcont';pfnavw.isadmin = 0;pfnavw.pfpluginurl  = \"https:\/\/www.oezratty.net\/wordpress\/wp-content\/plugins\/photo-folders\/\";$('.pftexthi').css('color', '#2580a2');});<\/script>\n<ul>\n<li>Respecter un tant soi-peu la\u00a0<strong>diversit\u00e9<\/strong> dans le choix des intervenants : hommes et femmes, jeunes et moins jeunes, etc. Vous mettez Alexandre Malsch de Melty au milieu d&#8217;une table ronde de l&#8217;Universit\u00e9 d&#8217;Et\u00e9 du MEDEF et cela change de gueule ! La mixit\u00e9 devrait \u00eatre la r\u00e8gle dans les conf\u00e9rences, tant au niveau des keynotes que des tables rondes et ont en est encore bien loin.<\/li>\n<\/ul>\n\n<ul>\n<li>Lorsque l&#8217;on en a les moyens et le temps, on peut envoyer les intervenants en <strong>m\u00e9dia training<\/strong> o\u00f9 s&#8217;assurer qu&#8217;ils en ont d\u00e9j\u00e0 b\u00e9n\u00e9fici\u00e9 lorsque l&#8217;on fait le casting. C&#8217;est la m\u00e9thode utilis\u00e9e dans les conf\u00e9rences TEDx. Pour les TEDx Paris et TEDx CE Women, les intervenants sont form\u00e9s par la soci\u00e9t\u00e9 Brightness ce qui est d&#8217;autant plus utile pour ceux d&#8217;entre eux qui n&#8217;ont pas encore l&#8217;habitude d&#8217;intervenir en public. On y apprend \u00e0 raconter une histoire et \u00e0 captiver son auditoire. M\u00eame si cela fonctionne de mani\u00e8re in\u00e9gale selon l&#8217;histoire.<\/li>\n<li>Int\u00e9grer un bon <strong>habillage musical <\/strong>\u00e0 la conf\u00e9rence : avant la conf\u00e9rence, avec des jingles entre les interventions, etc. La charge \u00e9motionnelle de la musique est toujours tr\u00e8s forte. Une bonne conf\u00e9rence v\u00e9hicule de l&#8217;\u00e9motion !<\/li>\n<li>Faciliter bien \u00e9videmment le <strong>r\u00e9seautage <\/strong>entre les participants qui doit compl\u00e9ter la qualit\u00e9 de l\u2019\u00e9v\u00e9nement lui-m\u00eame. Il faut surtout de la place et du temps pour le faire. La qualit\u00e9 d\u2019un \u00e9v\u00e9nement est souvent li\u00e9e au niveau de ciblage et de qualification des participants, corr\u00e9l\u00e9 par celui des intervenants. Des CEO de grandes entreprises sur sc\u00e8ne vont ainsi m\u00e9caniquement attirer dans l\u2019assistance des \u201cC-level\u201d (niveau VP) et ainsi de suite.<\/li>\n<\/ul>\n<p>Heureusement, une bonne partie de l&#8217;audience de ces \u00e9v\u00e9nements se renouv\u00e8le r\u00e9guli\u00e8rement, notamment avec les plus jeunes. La premi\u00e8re fois, ils seront \u00e9merveill\u00e9s d\u2019entendre voire de croiser un entrepreneur connu m\u00e9diatiquement. Il y a des \u00e9v\u00e9nements gratuits ouverts \u00e0 tous (comme le BIG de Bpifrance et ses plus de 10000 participants) et des \u00e9v\u00e9nements payants plus \u00e9litistes (style LeWeb dont les places vont de 300 \u00e0 2300\u20ac ou l&#8217;AG de l&#8217;EBG qui est r\u00e9serv\u00e9e \u00e0 ses membres).<\/p>\n<p>Aligner toutes les recettes cit\u00e9es ci-dessus pour cr\u00e9er un bel \u00e9v\u00e9nement n\u2019est bien \u00e9videmment pas ais\u00e9, surtout quand les moyens sont limit\u00e9s. Plus l\u2019\u00e9v\u00e9nement est important et bien financ\u00e9, plus c\u2019est facile, si l&#8217;organisation se pose les bonnes questions.<\/p>\n<p>Mais m\u00eame avec peu de moyens, il est possible d\u2019alterner les formats d\u2019interventions, de rendre celles-ci plus illustr\u00e9es et visuelles, de faire intervenir des gens originaux et un peu hors spectre et d\u2019int\u00e9grer un bel habillage musical tout en payant la Sacem comme il se doit ! Reste \u00e0 cr\u00e9er une Agence de Notation des Ev\u00e9nements&#8230; (\u00e2ne) :).<\/p>\n<p><strong>Conseils aux entrepreneurs<\/strong><\/p>\n<p>Qu&#8217;en est-il maintenant des conseils pour les participants \u00e0 ces conf\u00e9rences, notamment pour les entrepreneurs en herbe ou en terre\u00a0? L&#8217;entrepreneur\u00a0Arthur Attwell bas\u00e9 en Afrique du Sud r\u00e9sum\u00e9 bien la situation dans &#8220;<a href=\"https:\/\/medium.com\/@arthurattwell\/why-i-won-t-run-another-startup-e5ff64c933d0\">Why I won&#8217;t run another startup<\/a>&#8220;. Il y d\u00e9crit un ph\u00e9nom\u00e8ne aussi courant en France : les startups sont trop souvent\u00a0les produits\u00a0et des faire valoir des grandes entreprises, des organisateurs d&#8217;\u00e9v\u00e9nements et des m\u00e9dias sp\u00e9cialis\u00e9s dans l&#8217;entrepreneuriat. Ils\u00a0leur font perdre beaucoup de temps et d&#8217;\u00e9nergie !<\/p>\n<p>Il donne un excellent conseil,\u00a0qui \u00e9tait d\u00e9j\u00e0 dans le <a href=\"https:\/\/www.oezratty.net\/wordpress\/2015\/guide-des-startups-2015\/\">Guide des Startups<\/a>\u00a0: focalisez-vous tant c\u00f4t\u00e9 \u00e9v\u00e9nements que m\u00e9dias sur ceux de votre secteur d&#8217;activit\u00e9. Evitez les \u00e9v\u00e9nements fourre-tout et g\u00e9n\u00e9ralistes o\u00f9 vous avez peu de chances de trouver des clients et influenceurs de votre march\u00e9 !<\/p>\n<p>Par contre, les \u00e9v\u00e9nements g\u00e9n\u00e9ralistes peuvent \u00eatre pertinents\u00a0pour vous si votre startup n&#8217;est pas encore cr\u00e9\u00e9e et que vous cherchez des conseils g\u00e9n\u00e9riques sur la cr\u00e9ation d&#8217;entreprise et aussi \u00e0\u00a0constituer votre \u00e9quipe de cofondateurs. Vous y rencontrerez aussi des investisseurs potentiels. En gros, il faut savoir g\u00e9rer son temps avec pr\u00e9cision entre les phases d&#8217;amor\u00e7age de votre startup et les phases de commercialisation qui suivent. Et il faut doser la provocation de s\u00e9rendipit\u00e9 qui joue toujours un bon r\u00f4le dans le devenir d&#8217;une startup !<\/p>\n<p>Bon, aller, je dois arr\u00eater car j&#8217;anime bient\u00f4t une table ronde sur l&#8217;uberisation \u00e0 Futur en Seine &#8230; :). \u00a0Et l&#8217;arroseur sera bient\u00f4t arros\u00e9 !<\/p>\n<p>&nbsp;<\/p>\n","protected":false},"excerpt":{"rendered":"<p>Ceci est une reprise un peu \u00e9labor\u00e9e d\u2019un petit coup de gueule personnel sur Facebook du 11 juin 2015. C&#8217;est moins percutant mais plus argument\u00e9 et avec quelques propositions \u00e0 la cl\u00e9 ! Ce mois de juin 2015 \u00e9tait \u00e0 l\u2019image des derniers mois : une hypertrophie d\u2019\u00e9v\u00e9nements autour du num\u00e9rique : BIG de Bpifrance, [&hellip;]<\/p>\n","protected":false},"author":1,"featured_media":0,"comment_status":"open","ping_status":"open","sticky":false,"template":"","format":"standard","meta":{"footnotes":""},"categories":[4],"tags":[2416,2126,2415,2414,2417,434,2468,1093],"class_list":["post-11115","post","type-post","status-publish","format-standard","hentry","category-actualites","tag-big","tag-bpifrance","tag-ebg","tag-evenements","tag-hellow-tomorrow","tag-leweb","tag-marketing","tag-web2day"],"views":112457,"_links":{"self":[{"href":"https:\/\/www.oezratty.net\/wordpress\/wp-json\/wp\/v2\/posts\/11115","targetHints":{"allow":["GET"]}}],"collection":[{"href":"https:\/\/www.oezratty.net\/wordpress\/wp-json\/wp\/v2\/posts"}],"about":[{"href":"https:\/\/www.oezratty.net\/wordpress\/wp-json\/wp\/v2\/types\/post"}],"author":[{"embeddable":true,"href":"https:\/\/www.oezratty.net\/wordpress\/wp-json\/wp\/v2\/users\/1"}],"replies":[{"embeddable":true,"href":"https:\/\/www.oezratty.net\/wordpress\/wp-json\/wp\/v2\/comments?post=11115"}],"version-history":[{"count":0,"href":"https:\/\/www.oezratty.net\/wordpress\/wp-json\/wp\/v2\/posts\/11115\/revisions"}],"wp:attachment":[{"href":"https:\/\/www.oezratty.net\/wordpress\/wp-json\/wp\/v2\/media?parent=11115"}],"wp:term":[{"taxonomy":"category","embeddable":true,"href":"https:\/\/www.oezratty.net\/wordpress\/wp-json\/wp\/v2\/categories?post=11115"},{"taxonomy":"post_tag","embeddable":true,"href":"https:\/\/www.oezratty.net\/wordpress\/wp-json\/wp\/v2\/tags?post=11115"}],"curies":[{"name":"wp","href":"https:\/\/api.w.org\/{rel}","templated":true}]}}