{"id":108,"date":"2006-09-14T13:11:58","date_gmt":"2006-09-14T11:11:58","guid":{"rendered":"http:\/\/www.oezratty.net\/wordpress\/2006\/canon-sapproche-du-rve\/"},"modified":"2007-05-12T12:34:04","modified_gmt":"2007-05-12T10:34:04","slug":"canon-sapproche-du-rve","status":"publish","type":"post","link":"https:\/\/www.oezratty.net\/wordpress\/2006\/canon-sapproche-du-rve\/","title":{"rendered":"Canon s&#8217;approche du r&ecirc;ve"},"content":{"rendered":"<\/p>\n<p>J&#8217;avais \u00e9voqu\u00e9 avant les vacances \u00e0 quoi pourrait ressembler l&#8217;appareil compact <a href=\"https:\/\/www.oezratty.net\/wordpress\/2006\/lappareil-photo-numerique-ideal\/\" target=\"_blank\" rel=\"Post sur l'appareil photo compact num&eacute;rique de mes r&ecirc;ves\">de mes r\u00eaves<\/a>.  <\/p>\n<p>Canon vient de faire \u00e9voluer sa gamme IXUS et d&#8217;annonce le <a href=\"http:\/\/www.dpreview.com\/news\/0609\/06091403_canon_sd800is.asp\" target=\"_blank\" rel=\"Annonce Canon du IXUS 850\">IXUS 850 IS<\/a> et <a href=\"http:\/\/www.dpreview.com\/news\/0609\/06091404_canon_sd900.asp\" target=\"_blank\" rel=\"Annonce du Canon IXUS 900\">l&#8217;IXUS 900<\/a>.  <\/p>\n<p>L\u2019IXUS 850 IS annonce un retour au 7 millions de pixels (le 800 descendait de 7 \u00e0 6 millions). Il monte jusqu\u2019\u00e0 1600 ISO en sensibilit\u00e9 ce qui le rapproche ainsi des meilleurs Fuji comme le V30. Mais cette sensibilit\u00e9 semble plus obtenue par traitement num\u00e9rique que par une \u00e9volution des caract\u00e9ristiques du capteur.&nbsp;  <!--more--><\/p>\n<p>Contrairement au 850 IS, l&#8217;optique du 900 TI n&#8217;est pas stabilis\u00e9e optiquement. Elle&nbsp;poss\u00e8de un zoom grand angle 28mm-105mm (x3,8). <\/p>\n<p>Le processeur de l\u2019appareil est \u00e9galement upgrad\u00e9 avec un Digic III, qui devrait donc se retrouver dans une bonne partie de la gamme Canon, y compris dans les reflex. Il appara\u00eet \u00e9galement dans le PowerShot G7 (avec zoom x6). Ce processeur dispose d\u2019une fonction de d\u00e9tection de visage pour optimiser la mise au point et l\u2019ouverture pour des photos comportant une ou plusieurs personnes.  <\/p>\n<p>L&#8217;IXUS 900 TI&nbsp;en titane, avec 10 millions de pixels peut monter \u00e0 3200 ISO (uniquement en 1600&#215;1200). Pour un compact, on est tr\u00e8s proche de la perfection.  <\/p>\n<p>Il n&#8217;y a toujours pas de contr\u00f4le manuel du temps de pose et de l&#8217;ouverture. De toutes fa\u00e7ons, la taille du capteur et surtout de l&#8217;optique des appareils compacts emp\u00eache tout contr\u00f4le de la profondeur de champs comme avec un r\u00e9flex dont il faut oublier cela. Ni GPS, et l\u00e0, aucun constructeur n&#8217;y a pour l&#8217;instant pens\u00e9.  <\/p>\n<p><img loading=\"lazy\" decoding=\"async\" height=\"395\" src=\"http:\/\/www.dpreview.com\/news\/0609\/canon2\/canon_ixus900Ti_specsview.jpg\" width=\"528\">  <\/p>\n<p>Tout porte \u00e0 croire que ces petits appareils, l&#8217;IXUS 850 IS et l&#8217;IXUS 900 TI, sont maintenant parmi des meilleurs compact du march\u00e9. Il est dommage que l&#8217;IXUS&nbsp;900 TI n&#8217;int\u00e8gre pas de stabilisateur optique comme le reste de la gamme. Le 850 IS est donc probablement un meilleur compromis avec&nbsp;une r\u00e9solution moindre mais largement acceptable (7 vs 10 mpix) avec une bonne sensibilit\u00e9 de 1600 ISO et un stabilisateur optique.<\/p>\n<p><em>Article corrig\u00e9 le 17 octobre 2006 pour tenir compte du premier commentaire<\/em><\/p>\n","protected":false},"excerpt":{"rendered":"<p>J&#8217;avais \u00e9voqu\u00e9 avant les vacances \u00e0 quoi pourrait ressembler l&#8217;appareil compact de mes r\u00eaves. Canon vient de faire \u00e9voluer sa gamme IXUS et d&#8217;annonce le IXUS 850 IS et l&#8217;IXUS 900. L\u2019IXUS 850 IS annonce un retour au 7 millions de pixels (le 800 descendait de 7 \u00e0 6 millions). Il monte jusqu\u2019\u00e0 1600 ISO [&hellip;]<\/p>\n","protected":false},"author":1,"featured_media":0,"comment_status":"open","ping_status":"open","sticky":false,"template":"","format":"standard","meta":{"footnotes":""},"categories":[4,9],"tags":[],"class_list":["post-108","post","type-post","status-publish","format-standard","hentry","category-actualites","category-photo-numerique"],"views":12251,"_links":{"self":[{"href":"https:\/\/www.oezratty.net\/wordpress\/wp-json\/wp\/v2\/posts\/108","targetHints":{"allow":["GET"]}}],"collection":[{"href":"https:\/\/www.oezratty.net\/wordpress\/wp-json\/wp\/v2\/posts"}],"about":[{"href":"https:\/\/www.oezratty.net\/wordpress\/wp-json\/wp\/v2\/types\/post"}],"author":[{"embeddable":true,"href":"https:\/\/www.oezratty.net\/wordpress\/wp-json\/wp\/v2\/users\/1"}],"replies":[{"embeddable":true,"href":"https:\/\/www.oezratty.net\/wordpress\/wp-json\/wp\/v2\/comments?post=108"}],"version-history":[{"count":0,"href":"https:\/\/www.oezratty.net\/wordpress\/wp-json\/wp\/v2\/posts\/108\/revisions"}],"wp:attachment":[{"href":"https:\/\/www.oezratty.net\/wordpress\/wp-json\/wp\/v2\/media?parent=108"}],"wp:term":[{"taxonomy":"category","embeddable":true,"href":"https:\/\/www.oezratty.net\/wordpress\/wp-json\/wp\/v2\/categories?post=108"},{"taxonomy":"post_tag","embeddable":true,"href":"https:\/\/www.oezratty.net\/wordpress\/wp-json\/wp\/v2\/tags?post=108"}],"curies":[{"name":"wp","href":"https:\/\/api.w.org\/{rel}","templated":true}]}}