{"id":1020,"date":"2008-06-17T18:12:02","date_gmt":"2008-06-17T16:12:02","guid":{"rendered":"http:\/\/www.oezratty.net\/wordpress\/2008\/propositions-pour-les-assises-du-numrique\/"},"modified":"2008-06-17T18:12:02","modified_gmt":"2008-06-17T16:12:02","slug":"propositions-pour-les-assises-du-numrique","status":"publish","type":"post","link":"https:\/\/www.oezratty.net\/wordpress\/2008\/propositions-pour-les-assises-du-numrique\/","title":{"rendered":"Propositions pour les Assises du Num&eacute;rique"},"content":{"rendered":"<p>Apr\u00e8s le <a href=\"https:\/\/www.oezratty.net\/wordpress\/2008\/lancement-des-assises-du-numrique\/\">lancement<\/a>, le <a href=\"https:\/\/www.oezratty.net\/wordpress\/2008\/retour-des-assises-du-numrique\/\">retour<\/a> et les <a href=\"https:\/\/www.oezratty.net\/wordpress\/2008\/suite-des-assises-du-numrique\/\">suites<\/a> des Assises du Num\u00e9rique, voici venu le temps des <a href=\"https:\/\/www.oezratty.net\/wordpress\/wp-content\/themes\/Ezratty2\/forcedownload.php?file=\/Files\/Assises\/Pistes%20pour%20les%20startups%20TIC.pdf\">pro-po-si-tions<\/a> ! Et pour vous, de contribuer \u00e0 les am\u00e9liorer.<\/p>\n<p><strong>Pourquoi donc ?<\/strong><\/p>\n<p>Comme je l&#8217;avais \u00e9voqu\u00e9 avant, pendant et apr\u00e8s la journ\u00e9e du 29 mai dernier, on pouvait constater la faible mobilisation autour de l&#8217;\u00e9conomie de l&#8217;innovation du num\u00e9rique, et en particulier des startups et de l&#8217;entrepreneuriat. On ne trouve \u00e0 ce sujet que quelques propositions dans les 27 pistes propos\u00e9es le 29 mai dernier par le Cabinet d&#8217;Eric Besson. Or, placer la France dans les grands pays du num\u00e9rique requiert une bien plus grande ambition, notamment sur l&#8217;entrepreneuriat dans les TICs.<\/p>\n<p>Depuis de nombreuses ann\u00e9es, nombre d&#8217;associations ont fait leur lobbying relatif \u00e0 leur m\u00e9tier (op\u00e9rateurs t\u00e9l\u00e9coms, h\u00e9bergeurs, m\u00e9dias, investisseurs, \u00e9diteurs de logiciels, SSII, ayant droits de contenus, etc). Quelques associations comme l&#8217;AFIC (investisseurs en capital) ou l&#8217;IE Club ont fait diverses propositions autour de l&#8217;entrepreneuriat. Mais ne les ont pas resorti de leur chapeau \u00e0 l&#8217;occasion des Assises du Num\u00e9rique, certaines ayant d&#8217;ailleurs d\u00e9j\u00e0 \u00e9t\u00e9 suivies d&#8217;effets ces derni\u00e8res ann\u00e9es.<\/p>\n<p><a href=\"https:\/\/www.oezratty.net\/wordpress\/wp-content\/image142.png\"><img loading=\"lazy\" decoding=\"async\" style=\"border-top-width: 0px; border-left-width: 0px; border-bottom-width: 0px; border-right-width: 0px\" height=\"55\" alt=\"image\" src=\"https:\/\/www.oezratty.net\/wordpress\/wp-content\/image-thumb137.png\" width=\"244\" border=\"0\"><\/a> <\/p>\n<p>Dans le cadre des assises, une association s&#8217;est r\u00e9ellement mobilis\u00e9e : l&#8217;AFDEL (<a href=\"http:\/\/www.afdel.fr\/\">Association Fran\u00e7aise des Editeurs de Logiciels<\/a>), avec ses <a href=\"http:\/\/www.assisesdulogiciel.fr\/\">Assises du Logiciel<\/a> dont une premi\u00e8re session a eu lieu la semaine derni\u00e8re. Mais les tables rondes n&#8217;ont pour l&#8217;instant pas abouti \u00e0 des propositions concr\u00e8tes. <\/p>\n<p>J&#8217;ai eu aussi l&#8217;occasion d&#8217;animer la semaine derni\u00e8re un Atelier organisation par Cyber-Elles et l&#8217;Echangeur-PME sur &#8220;le passage \u00e0 la vitesse sup\u00e9rieure&#8221; pour les startups. Quelques id\u00e9es en ont germ\u00e9 qui sont int\u00e9gr\u00e9es dans le plan dont il est ici question.<\/p>\n<p>De son c\u00f4t\u00e9, le Cabinet d&#8217;Eric Besson a lanc\u00e9 un site et un <a href=\"http:\/\/wiki.assisesdunumerique.fr\/xwiki\/bin\/view\/Assises\/PistesDeTravail\">wiki des Assises du Num\u00e9rique<\/a> o\u00f9 les Internautes peuvent notamment commenter les diff\u00e9rentes mesures&nbsp; propos\u00e9es le 29 mai. Il n&#8217;y a quasiment aucun commentaire sur les 27 pistes et sept pistes sont propos\u00e9es par les Internautes &#8211; aucune sur l&#8217;entrepreneuriat. Quand aux nombreux ateliers qui ont d\u00e9j\u00e0 eu lieu, on n&#8217;en trouve ni compte rendu, ni liste de propositions qui en auraient r\u00e9sult\u00e9. Il y a par contre environ <a href=\"http:\/\/assisesdunumerique.fr\/forum\/\">150 discussions<\/a> dans le Forum des Assises. Au vu de tout cela, on ne peut que constater qu&#8217;il est difficile de mettre en place une &#8220;d\u00e9mocratie participative&#8221; via Internet pour pr\u00e9parer un plan.<\/p>\n<p><strong>Un plan pour d\u00e9velopper l&#8217;entrepreneuriat dans les TICs<\/strong><\/p>\n<p>Je me suis alors dit qu&#8217;il \u00e9tait utile de structurer un ensemble coh\u00e9rent avec un diagnostic de la situation, des objectifs, une strat\u00e9gie et des pistes d&#8217;action pour le gouvernement autour du th\u00e8me de la cr\u00e9ation d&#8217;entreprises dans le num\u00e9rique.<\/p>\n<p>M\u00eame si je suis certainement plein d&#8217;illusions, je me lance !&nbsp; Avec la conviction qu&#8217;au pire, les id\u00e9es ne se propagent pas instantan\u00e9ment, mais progressivement, \u00e0 l&#8217;usure.<\/p>\n<p>Le r\u00e9sultat est une proposition de plan pour &#8220;D\u00e9velopper l\u2019entrepreneuriat et faire r\u00e9ussir les startups dans les TICs&#8221;.<\/p>\n<p><a href=\"https:\/\/www.oezratty.net\/wordpress\/wp-content\/themes\/Ezratty2\/forcedownload.php?file=\/Files\/Assises\/Pistes%20pour%20les%20startups%20TIC.pdf\"><img loading=\"lazy\" decoding=\"async\" style=\"border-right: 0px; border-top: 0px; border-left: 0px; border-bottom: 0px\" height=\"400\" alt=\"image\" src=\"https:\/\/www.oezratty.net\/wordpress\/wp-content\/image143.png\" width=\"286\" border=\"0\"><\/a> <\/p>\n<p>C&#8217;est un travail qui se veut collaboratif <u>et<\/u> coordonn\u00e9. Toutes les bonnes volont\u00e9s sont bienvenues pour compl\u00e9ter ce plan, en distinguant bien la partie diagnostics, objectifs, strat\u00e9gie et propositions. Une petite dizaine de contributeurs m&#8217;ont d\u00e9j\u00e0 aid\u00e9 \u00e0 consolider ce plan dont certains sont mentionn\u00e9s dans la couverture, et je les en remercie chaleureusement.<\/p>\n<p><strong>Les grandes lignes du plan<\/strong><\/p>\n<p>Partant du constat que nous avons en France une insuffisante circulation de l\u2019argent, des talents, de la cr\u00e9ativit\u00e9 et des id\u00e9es,<strong> <\/strong>le plan se focalise : <\/p>\n<ul>\n<li>Sur la <b>culture du risque<\/b> et de l\u2019ambition, qu\u2019il nous faut d\u00e9velopper en France et dans ce secteur, avec une plus grande exemplarit\u00e9 des \u00e9lites et une communication plus soutenue.<\/li>\n<li>Sur un <b>encouragement des jeunes \u00e0 entreprendre<\/b> et une mobilisation de l\u2019enseignement sup\u00e9rieur dans cette direction afin d\u2019augmenter le flux de cr\u00e9ations d\u2019entreprises. Ceci passe par \u00e0 la fois par des mesures tactiques court terme et par une restructuration ambitieuse du territoire.<\/li>\n<li>Sur le <b>financement des PME innovantes<\/b> du secteur des TICs qui est encore tr\u00e8s insuffisant notamment dans le capital d\u2019amor\u00e7age et le capital risque afin de permettre aux PME innovantes d\u2019atteindre la taille critique. Un financement dont la composante priv\u00e9e devrait \u00eatre amplifi\u00e9e par des incitations appropri\u00e9es car il d\u00e9pend beaucoup trop du secteur public.<\/li>\n<li>Dans la <b>dimension internationale<\/b>, qu\u2019il faut acc\u00e9l\u00e9rer chez les PME innovantes des TICs.<\/li>\n<\/ul>\n<p><a href=\"https:\/\/www.oezratty.net\/wordpress\/wp-content\/image144.png\"><img loading=\"lazy\" decoding=\"async\" style=\"border-right: 0px; border-top: 0px; border-left: 0px; border-bottom: 0px\" height=\"289\" alt=\"image\" src=\"https:\/\/www.oezratty.net\/wordpress\/wp-content\/image-thumb138.png\" width=\"386\" border=\"0\"><\/a> <\/p>\n<p><strong>Et maintenant ?<\/strong><\/p>\n<p>Pour faire \u00e9voluer ce plan :<\/p>\n<ul>\n<li>J\u2019ai mis en acc\u00e8s libre son <a href=\"https:\/\/www.oezratty.net\/wordpress\/wp-content\/themes\/Ezratty2\/forcedownload.php?file=\/Files\/Assises\/Pistes%20pour%20les%20startups%20TIC.doc\">fichier Word 2003<\/a>. Il est aussi lisible sous OpenOffice. Pour une simple consultation, le PDF est <a href=\"https:\/\/www.oezratty.net\/wordpress\/wp-content\/themes\/Ezratty2\/forcedownload.php?file=\/Files\/Assises\/Pistes%20pour%20les%20startups%20TIC.pdf\">\u00e9galement t\u00e9l\u00e9chargeable<\/a>.\n<li>Si vous souhaitez compl\u00e9ter ou modifier ce plan, annotez-le en mode r\u00e9vision et retournez moi le document par mail (<em>indiqu\u00e9 dans la colonne de droite dans ce blog<\/em>). J&#8217;int\u00e8grerai les modifications dans la version publi\u00e9e au fur et \u00e0 mesure. Tout en assurant la coh\u00e9rence d&#8217;ensemble. Indiquez-moi au passage si vous souhaitez \u00eatre mentionn\u00e9s comme contributeur du plan.\n<li>Vous pouvez \u00e9galement commenter le plan sous forme de commentaires \u00e0 ce post.\n<li>Je suis preneur de t\u00e9moignages vivants pouvant \u00eatre int\u00e9gr\u00e9s en <em>verbatim<\/em> dans le plan, en particulier dans la partie du diagnostic.\n<li>Je le posterai sur le site des Assises du Num\u00e9rique. Quelque part&#8230; sachant qu&#8217;il n&#8217;y a pas de point d&#8217;entr\u00e9e sp\u00e9cifique \u00e0 l&#8217;entrepreneuriat.<\/li>\n<\/ul>\n<p>Nous devons avoir en t\u00eate qu&#8217;il s&#8217;agit de propositions pour l&#8217;action publique, et qu&#8217;elles doivent donc \u00eatre \u00e0 sa port\u00e9e et concr\u00e8tes. M\u00eame si l&#8217;on sait bien qu&#8217;il ne faut pas compter uniquement sur elle pour faire avancer le sujet. Il faudra donc \u00e9viter les propositions qui commencent par &#8220;encourager&#8221;, &#8220;inciter&#8221;, &#8220;veiller&#8221; et autres &#8220;favoriser&#8221; et sont donc trop vagues si elles ne sont pas suivies d&#8217;une action pr\u00e9cise pour quelqu&#8217;un.<\/p>\n<p>J&#8217;ai conscience que ma m\u00e9thode de travail n&#8217;est peut-\u00eatre pas tr\u00e8s moderne ni ne permet une tra\u00e7abilit\u00e9 aussi bonne qu&#8217;avec un wiki. Elle me semble n\u00e9anmoins plus adapt\u00e9e \u00e0 la cr\u00e9ation d&#8217;un plan structur\u00e9 et coh\u00e9rent. <\/p>\n<p>Alors, \u00e0 vous de jouer maintenant ! <\/p>\n","protected":false},"excerpt":{"rendered":"<p>Apr\u00e8s le lancement, le retour et les suites des Assises du Num\u00e9rique, voici venu le temps des pro-po-si-tions ! Et pour vous, de contribuer \u00e0 les am\u00e9liorer. Pourquoi donc ? Comme je l&#8217;avais \u00e9voqu\u00e9 avant, pendant et apr\u00e8s la journ\u00e9e du 29 mai dernier, on pouvait constater la faible mobilisation autour de l&#8217;\u00e9conomie de l&#8217;innovation [&hellip;]<\/p>\n","protected":false},"author":1,"featured_media":0,"comment_status":"open","ping_status":"open","sticky":false,"template":"","format":"standard","meta":{"footnotes":""},"categories":[4,17,34,21,11,33,7,23,32,18,10,5],"tags":[],"class_list":["post-1020","post","type-post","status-publish","format-standard","hentry","category-actualites","category-economie","category-enseignement-superieur","category-entrepreneuriat","category-france","category-innovation","category-logiciels","category-logiciels-libres","category-loisirs-numeriques","category-politique","category-startups","category-technologie"],"views":10882,"_links":{"self":[{"href":"https:\/\/www.oezratty.net\/wordpress\/wp-json\/wp\/v2\/posts\/1020","targetHints":{"allow":["GET"]}}],"collection":[{"href":"https:\/\/www.oezratty.net\/wordpress\/wp-json\/wp\/v2\/posts"}],"about":[{"href":"https:\/\/www.oezratty.net\/wordpress\/wp-json\/wp\/v2\/types\/post"}],"author":[{"embeddable":true,"href":"https:\/\/www.oezratty.net\/wordpress\/wp-json\/wp\/v2\/users\/1"}],"replies":[{"embeddable":true,"href":"https:\/\/www.oezratty.net\/wordpress\/wp-json\/wp\/v2\/comments?post=1020"}],"version-history":[{"count":0,"href":"https:\/\/www.oezratty.net\/wordpress\/wp-json\/wp\/v2\/posts\/1020\/revisions"}],"wp:attachment":[{"href":"https:\/\/www.oezratty.net\/wordpress\/wp-json\/wp\/v2\/media?parent=1020"}],"wp:term":[{"taxonomy":"category","embeddable":true,"href":"https:\/\/www.oezratty.net\/wordpress\/wp-json\/wp\/v2\/categories?post=1020"},{"taxonomy":"post_tag","embeddable":true,"href":"https:\/\/www.oezratty.net\/wordpress\/wp-json\/wp\/v2\/tags?post=1020"}],"curies":[{"name":"wp","href":"https:\/\/api.w.org\/{rel}","templated":true}]}}